{"id":592462,"date":"2025-01-30T21:52:01","date_gmt":"2025-01-31T01:52:01","guid":{"rendered":"https:\/\/diariodominicano.com\/?p=592462"},"modified":"2025-01-30T21:52:10","modified_gmt":"2025-01-31T01:52:10","slug":"alertan-ola-de-calor-para-el-norte-y-el-litoral-de-uruguay","status":"publish","type":"post","link":"https:\/\/diariodominicano.com\/?p=592462","title":{"rendered":"Alertan ola de calor para el norte y el litoral de Uruguay"},"content":{"rendered":"\n<p>diariodominicano.com<\/p>\n\n\n\n<p>MONTEVIDEO, 30 ene (Xinhua) &#8212; Una ola de calor afectar\u00e1 particularmente el norte y el litoral oeste de Uruguay entre el domingo y mi\u00e9rcoles pr\u00f3ximos con temperaturas superiores a 40 grados Celsius, alert\u00f3 hoy jueves el Instituto Uruguayo de Meteorolog\u00eda (Inumet). Seg\u00fan el Inumet, una masa de aire c\u00e1lido afectar\u00e1 la regi\u00f3n generando temperaturas extremas m\u00ednimas iguales o superiores a los 21\/24\u00ba Celsius y m\u00e1ximas iguales a 34\/40\u00ba Celsius y superiores hasta el mi\u00e9rcoles 5 (de febrero). Las altas temperaturas se pronostican para los departamentos de Artigas, Rivera, Tacuaremb\u00f3 (norte), R\u00edo Negro (litoral), Paysand\u00fa y Salto (litoral oeste). En tanto, una masa de aire c\u00e1lido afectar\u00e1 el centro, el litoral oeste y parte del sur, generando temperaturas extremas m\u00ednimas iguales o superiores a los 21\/23\u00ba Celsius y m\u00e1ximas iguales a 34\/38\u00ba Celsius y superiores hasta el martes 4 (de febrero). ). La ola de calor comprender\u00e1 a los departamentos de Colonia, Soriano (litoral oeste), Flores, Durazno (centro), San Jos\u00e9, Florida y Canelones (sur). La agencia meteorol\u00f3gica inform\u00f3 que es probable que \u00abdonde se desarrollen tormentas y lluvias aisladas, las temperaturas podr\u00e1n descender levemente en forma temporal\u00bb. El Sistema Nacional de Emergencias (Sinae) recomend\u00f3 a la poblaci\u00f3n en un comunicado que ante la ola de calor \u00abtomar precauciones especiales con las personas m\u00e1s vulnerables como menores de seis a\u00f1os, mayores de 65, personas que realizan tareas al aire libre y personas con ciertas enfermedades Tambi\u00e9n sugiere, entre otras, evitar permanecer al aire libre entre las 11:00 y las 18:00 horas y beber l\u00edquidos en abundancia, aunque no se tenga sed.<\/p>\n","protected":false},"excerpt":{"rendered":"<p>diariodominicano.com MONTEVIDEO, 30 ene (Xinhua) &#8212; Una ola de calor afectar\u00e1 particularmente el norte y el litoral oeste de Uruguay entre el domingo y mi\u00e9rcoles pr\u00f3ximos con temperaturas superiores a 40 grados Celsius, alert\u00f3 hoy jueves el Instituto Uruguayo de Meteorolog\u00eda (Inumet). Seg\u00fan el Inumet, una masa de aire c\u00e1lido afectar\u00e1 la regi\u00f3n generando temperaturas [&hellip;]<\/p>\n","protected":false},"author":5,"featured_media":592463,"comment_status":"closed","ping_status":"closed","sticky":true,"template":"","format":"standard","meta":{"footnotes":""},"categories":[23,27],"tags":[],"class_list":["post-592462","post","type-post","status-publish","format-standard","has-post-thumbnail","hentry","category-internacional","category-portada"],"_links":{"self":[{"href":"https:\/\/diariodominicano.com\/index.php?rest_route=\/wp\/v2\/posts\/592462","targetHints":{"allow":["GET"]}}],"collection":[{"href":"https:\/\/diariodominicano.com\/index.php?rest_route=\/wp\/v2\/posts"}],"about":[{"href":"https:\/\/diariodominicano.com\/index.php?rest_route=\/wp\/v2\/types\/post"}],"author":[{"embeddable":true,"href":"https:\/\/diariodominicano.com\/index.php?rest_route=\/wp\/v2\/users\/5"}],"replies":[{"embeddable":true,"href":"https:\/\/diariodominicano.com\/index.php?rest_route=%2Fwp%2Fv2%2Fcomments&post=592462"}],"version-history":[{"count":1,"href":"https:\/\/diariodominicano.com\/index.php?rest_route=\/wp\/v2\/posts\/592462\/revisions"}],"predecessor-version":[{"id":592464,"href":"https:\/\/diariodominicano.com\/index.php?rest_route=\/wp\/v2\/posts\/592462\/revisions\/592464"}],"wp:featuredmedia":[{"embeddable":true,"href":"https:\/\/diariodominicano.com\/index.php?rest_route=\/wp\/v2\/media\/592463"}],"wp:attachment":[{"href":"https:\/\/diariodominicano.com\/index.php?rest_route=%2Fwp%2Fv2%2Fmedia&parent=592462"}],"wp:term":[{"taxonomy":"category","embeddable":true,"href":"https:\/\/diariodominicano.com\/index.php?rest_route=%2Fwp%2Fv2%2Fcategories&post=592462"},{"taxonomy":"post_tag","embeddable":true,"href":"https:\/\/diariodominicano.com\/index.php?rest_route=%2Fwp%2Fv2%2Ftags&post=592462"}],"curies":[{"name":"wp","href":"https:\/\/api.w.org\/{rel}","templated":true}]}}