{"id":592378,"date":"2025-01-30T16:29:08","date_gmt":"2025-01-30T20:29:08","guid":{"rendered":"https:\/\/diariodominicano.com\/?p=592378"},"modified":"2025-01-30T17:45:23","modified_gmt":"2025-01-30T21:45:23","slug":"mp-logra-15-anos-de-prision-contra-hombre-mato-a-otro-en-sdo","status":"publish","type":"post","link":"https:\/\/diariodominicano.com\/?p=592378","title":{"rendered":"Condenan a 15 a\u00f1os de prisi\u00f3n a un hombre que mat\u00f3 a otro en SDO"},"content":{"rendered":"\n<p><strong>SANTO DOMINGO OESTE (Rep\u00fablica Dominicana).-<\/strong>&nbsp;La Fiscal\u00eda de Santo Domingo Oeste obtuvo una condena de 15 a\u00f1os de prisi\u00f3n en contra de un hombre que le quit\u00f3 la vida a un vecino, de una estocada en el t\u00f3rax, en un hecho ocurrido el 2 de enero del pasado a\u00f1o 2024, en el sector Cabayona de esta localidad.<\/p>\n\n\n\n<p>El documento judicial, instrumentado por la fiscal Yessica Dur\u00e1n, se\u00f1ala que el condenado Brandon Pinales, en horas de la madrugada, se present\u00f3 en la residencia de la v\u00edctima Rafael Medina Lara y le propin\u00f3 una herida en el coraz\u00f3n, con un arma blanca, tipo pu\u00f1al, que le provoc\u00f3 la muerte.<\/p>\n\n\n\n<p>El expediente tambi\u00e9n refiere, que los testigos oculares de los hechos declararon que vieron al acusado llegar a la residencia de la v\u00edctima con un pu\u00f1al, porque \u00e9ste le solicit\u00f3 que bajara la voz, ya que sus hijos menores de edad se encontraban durmiendo. Un vecino del fallecido declar\u00f3 que el acusado esa misma madrugada estuvo lanzando botellas y d\u00e1ndole pu\u00f1aladas a la puerta de su casa.<\/p>\n\n\n\n<p>Durante la audiencia, las fiscales litigantes Sugely Valdez y Vilma M\u00e9ndez, expusieron ante el tribunal, presidio por Julio de los Santos Morlan y las juezas Leonarda Quezada y Clara Jisefina Rivera, que la conducta del condenado constituye una violaci\u00f3n a los art\u00edculos 295 y 304 el C\u00f3digo Penal Dominicano.<\/p>\n\n\n\n<p>El justiciable Brandon Pinales fue declarado culpable de cometer homicidio voluntario en perjuicio del se\u00f1or Medina Lara, luego de que los jueces acogieron las pruebas, periciales y testimoniales, presentadas por el Ministerio P\u00fablico.<\/p>\n\n\n\n<p>El condenado continuar\u00e1 en prisi\u00f3n en el Centro de Correcci\u00f3n y Rehabilitaci\u00f3n (CCR) Najayo Hombres.<\/p>\n\n\n\n<p><strong>Direcci\u00f3n General de Comunicaci\u00f3n, Prensa, y RRPP<\/strong><strong><\/strong><\/p>\n\n\n\n<p>Ministerio P\u00fablico.&nbsp;R.D.<\/p>\n","protected":false},"excerpt":{"rendered":"<p>SANTO DOMINGO OESTE (Rep\u00fablica Dominicana).-&nbsp;La Fiscal\u00eda de Santo Domingo Oeste obtuvo una condena de 15 a\u00f1os de prisi\u00f3n en contra de un hombre que le quit\u00f3 la vida a un vecino, de una estocada en el t\u00f3rax, en un hecho ocurrido el 2 de enero del pasado a\u00f1o 2024, en el sector Cabayona de esta [&hellip;]<\/p>\n","protected":false},"author":7,"featured_media":420148,"comment_status":"closed","ping_status":"closed","sticky":false,"template":"","format":"standard","meta":{"footnotes":""},"categories":[24,29],"tags":[171],"class_list":["post-592378","post","type-post","status-publish","format-standard","has-post-thumbnail","hentry","category-justicia-y-derecho","category-policiasucesos","tag-ministerio-publico"],"_links":{"self":[{"href":"https:\/\/diariodominicano.com\/index.php?rest_route=\/wp\/v2\/posts\/592378","targetHints":{"allow":["GET"]}}],"collection":[{"href":"https:\/\/diariodominicano.com\/index.php?rest_route=\/wp\/v2\/posts"}],"about":[{"href":"https:\/\/diariodominicano.com\/index.php?rest_route=\/wp\/v2\/types\/post"}],"author":[{"embeddable":true,"href":"https:\/\/diariodominicano.com\/index.php?rest_route=\/wp\/v2\/users\/7"}],"replies":[{"embeddable":true,"href":"https:\/\/diariodominicano.com\/index.php?rest_route=%2Fwp%2Fv2%2Fcomments&post=592378"}],"version-history":[{"count":2,"href":"https:\/\/diariodominicano.com\/index.php?rest_route=\/wp\/v2\/posts\/592378\/revisions"}],"predecessor-version":[{"id":592395,"href":"https:\/\/diariodominicano.com\/index.php?rest_route=\/wp\/v2\/posts\/592378\/revisions\/592395"}],"wp:featuredmedia":[{"embeddable":true,"href":"https:\/\/diariodominicano.com\/index.php?rest_route=\/wp\/v2\/media\/420148"}],"wp:attachment":[{"href":"https:\/\/diariodominicano.com\/index.php?rest_route=%2Fwp%2Fv2%2Fmedia&parent=592378"}],"wp:term":[{"taxonomy":"category","embeddable":true,"href":"https:\/\/diariodominicano.com\/index.php?rest_route=%2Fwp%2Fv2%2Fcategories&post=592378"},{"taxonomy":"post_tag","embeddable":true,"href":"https:\/\/diariodominicano.com\/index.php?rest_route=%2Fwp%2Fv2%2Ftags&post=592378"}],"curies":[{"name":"wp","href":"https:\/\/api.w.org\/{rel}","templated":true}]}}