{"id":592353,"date":"2025-01-30T16:08:47","date_gmt":"2025-01-30T20:08:47","guid":{"rendered":"https:\/\/diariodominicano.com\/?p=592353"},"modified":"2025-01-30T17:15:03","modified_gmt":"2025-01-30T21:15:03","slug":"mp-logra-condena-de-12-anos-de-prision-en-contra-de-un-hombre-que-violo-a-una-nina","status":"publish","type":"post","link":"https:\/\/diariodominicano.com\/?p=592353","title":{"rendered":"Condenado a  12 a\u00f1os de prisi\u00f3n un hombre  que viol\u00f3 a una ni\u00f1a"},"content":{"rendered":"\n<p>EL\u00cdAS PINA (Rep\u00fablica Dominicana).- La Fiscal\u00eda El\u00edas Pi\u00f1a&nbsp; logr\u00f3 una condena de 12 a\u00f1os de prisi\u00f3n en contra de un hombre que viol\u00f3 sexualmente a una menor de 10 a\u00f1os de edad, en un hecho ocurrido en el a\u00f1o 202.<\/p>\n\n\n\n<p>El expediente instrumentado por el fiscal investigador y litigante S\u00f3crates David Ogando, revela que fecha antes mencionada, el hoy condenado Roberto Encarnaci\u00f3n, aprovech\u00f3 que la ni\u00f1a, de quien se omite el nombre para evitar la revictimizaci\u00f3n, estaba jugando con otras ni\u00f1as pr\u00f3ximo a la residencia del agresor, quien aprovech\u00f3 la circunstancias para llamar a la infante, a quien arrastr\u00f3 al interior de la vivienda donde cometi\u00f3 la violaci\u00f3n sexual.<\/p>\n\n\n\n<p>La condena le fue impuesta al procesado por los jueces Edward Ger\u00f3nimo S\u00e1nchez, Blaury Luciano Ferreras y Saulys Gonz\u00e1lez del Rosario, quienes componen el Tribunal Colegiado de esta jurisdicci\u00f3n.<\/p>\n\n\n\n<p>Durante el juicio, el Ministerio P\u00fablico mostr\u00f3 al tribunal elementos de prueba que demuestran la responsabilidad penal del hoy procesado, en torno a la violaci\u00f3n de las disposiciones de los art\u00edculos 330 y 331 del C\u00f3digo Penal Dominicano y de la Ley 136-03 sobre el C\u00f3digo de Protecci\u00f3n de los Derechos de los Ni\u00f1os, Ni\u00f1as y Adolescentes.<\/p>\n\n\n\n<p>Por disposici\u00f3n del tribunal, el procesado deber\u00e1 cumplir la condena en la C\u00e1rcel P\u00fablica de San Juan de la Maguana.<\/p>\n\n\n\n<p><strong>Direcci\u00f3n General de Comunicaci\u00f3n, Prensa, y RRPP<\/strong><strong><\/strong><\/p>\n\n\n\n<p>Ministerio P\u00fablico.&nbsp;R.D.<\/p>\n","protected":false},"excerpt":{"rendered":"<p>EL\u00cdAS PINA (Rep\u00fablica Dominicana).- La Fiscal\u00eda El\u00edas Pi\u00f1a&nbsp; logr\u00f3 una condena de 12 a\u00f1os de prisi\u00f3n en contra de un hombre que viol\u00f3 sexualmente a una menor de 10 a\u00f1os de edad, en un hecho ocurrido en el a\u00f1o 202. El expediente instrumentado por el fiscal investigador y litigante S\u00f3crates David Ogando, revela que fecha [&hellip;]<\/p>\n","protected":false},"author":7,"featured_media":495896,"comment_status":"closed","ping_status":"closed","sticky":false,"template":"","format":"standard","meta":{"footnotes":""},"categories":[24,29],"tags":[171],"class_list":["post-592353","post","type-post","status-publish","format-standard","has-post-thumbnail","hentry","category-justicia-y-derecho","category-policiasucesos","tag-ministerio-publico"],"_links":{"self":[{"href":"https:\/\/diariodominicano.com\/index.php?rest_route=\/wp\/v2\/posts\/592353","targetHints":{"allow":["GET"]}}],"collection":[{"href":"https:\/\/diariodominicano.com\/index.php?rest_route=\/wp\/v2\/posts"}],"about":[{"href":"https:\/\/diariodominicano.com\/index.php?rest_route=\/wp\/v2\/types\/post"}],"author":[{"embeddable":true,"href":"https:\/\/diariodominicano.com\/index.php?rest_route=\/wp\/v2\/users\/7"}],"replies":[{"embeddable":true,"href":"https:\/\/diariodominicano.com\/index.php?rest_route=%2Fwp%2Fv2%2Fcomments&post=592353"}],"version-history":[{"count":2,"href":"https:\/\/diariodominicano.com\/index.php?rest_route=\/wp\/v2\/posts\/592353\/revisions"}],"predecessor-version":[{"id":592397,"href":"https:\/\/diariodominicano.com\/index.php?rest_route=\/wp\/v2\/posts\/592353\/revisions\/592397"}],"wp:featuredmedia":[{"embeddable":true,"href":"https:\/\/diariodominicano.com\/index.php?rest_route=\/wp\/v2\/media\/495896"}],"wp:attachment":[{"href":"https:\/\/diariodominicano.com\/index.php?rest_route=%2Fwp%2Fv2%2Fmedia&parent=592353"}],"wp:term":[{"taxonomy":"category","embeddable":true,"href":"https:\/\/diariodominicano.com\/index.php?rest_route=%2Fwp%2Fv2%2Fcategories&post=592353"},{"taxonomy":"post_tag","embeddable":true,"href":"https:\/\/diariodominicano.com\/index.php?rest_route=%2Fwp%2Fv2%2Ftags&post=592353"}],"curies":[{"name":"wp","href":"https:\/\/api.w.org\/{rel}","templated":true}]}}