{"id":592350,"date":"2025-01-30T16:00:30","date_gmt":"2025-01-30T20:00:30","guid":{"rendered":"https:\/\/diariodominicano.com\/?p=592350"},"modified":"2025-01-30T16:00:34","modified_gmt":"2025-01-30T20:00:34","slug":"asambleista-por-el-bronx-george-alvarez-encabeza-proyectos-beneficiaran-a-miles-inmigrantes","status":"publish","type":"post","link":"https:\/\/diariodominicano.com\/?p=592350","title":{"rendered":"Asamble\u00edsta por El Bronx, George \u00c1lvarez, encabeza proyectos beneficiar\u00e1n a miles inmigrantes"},"content":{"rendered":"\n<p><strong>Por&nbsp;Ram\u00f3n&nbsp;Mercedes<\/strong><\/p>\n\n\n\n<p><strong>NUEVA YORK.-<\/strong>&nbsp;Varios asamble\u00edstas por este estado, encabezado por el dominicano por El Bronx, George \u00c1lvarez, buscan beneficiar a cientos de miles de inmigrantes y ciudadanos de bajos ingresos, con dos proyectos de ley sometidos ante la Asamblea Estatal.<\/p>\n\n\n\n<p>Uno de los proyectos busca crear un fondo econ\u00f3mico de $300 millones de d\u00f3lares para las asistencias legales en los procedimientos judiciales a las personas que est\u00e1n sujetas a procesos de deportaci\u00f3n.<\/p>\n\n\n\n<p>Las personas dispondr\u00e1n de un asesor legal en los procesos de inmigraci\u00f3n que incluya a un miembro de una familia de bajos ingresos, bajo la Ley Federal de Inmigraci\u00f3n.<\/p>\n\n\n\n<p>El estado de NY establecer\u00e1 dichos fondos para que se provean sumas suficientes y permitir la provisi\u00f3n de servicios legales a aquellos que califiquen.<\/p>\n\n\n\n<p>El otro proyecto consiste en que los documentos en la Corte Civil de NYC se proporcionen a las partes involucradas en su idioma nativo y que los involucrados demuestren el entendimiento de la naturaleza y el efecto de los mismos.<\/p>\n\n\n\n<p>Con la mayor concentraci\u00f3n de hablantes limitados del idioma ingl\u00e9s en el estado, la ciudad de NY es el hogar de 1,8 millones de personas que se enfrentan a barreras ling\u00fc\u00edsticas mientras buscan navegar su camino a trav\u00e9s del sistema judicial.<\/p>\n\n\n\n<p>Entre los asamble\u00edstas auspiciadores, aparte de \u00c1lvarez, figuran Catalina Cruz, Dana Levenberg, David McDonough, Amada S\u00e9ptimo, Manny de Los Santos, Bichotte Hermelyn y Yudelka Tapia, entre otros.<\/p>\n","protected":false},"excerpt":{"rendered":"<p>Por&nbsp;Ram\u00f3n&nbsp;Mercedes NUEVA YORK.-&nbsp;Varios asamble\u00edstas por este estado, encabezado por el dominicano por El Bronx, George \u00c1lvarez, buscan beneficiar a cientos de miles de inmigrantes y ciudadanos de bajos ingresos, con dos proyectos de ley sometidos ante la Asamblea Estatal. Uno de los proyectos busca crear un fondo econ\u00f3mico de $300 millones de d\u00f3lares para las [&hellip;]<\/p>\n","protected":false},"author":7,"featured_media":592361,"comment_status":"closed","ping_status":"closed","sticky":false,"template":"","format":"standard","meta":{"footnotes":""},"categories":[23],"tags":[181],"class_list":["post-592350","post","type-post","status-publish","format-standard","has-post-thumbnail","hentry","category-internacional","tag-ramon-mercedes"],"_links":{"self":[{"href":"https:\/\/diariodominicano.com\/index.php?rest_route=\/wp\/v2\/posts\/592350","targetHints":{"allow":["GET"]}}],"collection":[{"href":"https:\/\/diariodominicano.com\/index.php?rest_route=\/wp\/v2\/posts"}],"about":[{"href":"https:\/\/diariodominicano.com\/index.php?rest_route=\/wp\/v2\/types\/post"}],"author":[{"embeddable":true,"href":"https:\/\/diariodominicano.com\/index.php?rest_route=\/wp\/v2\/users\/7"}],"replies":[{"embeddable":true,"href":"https:\/\/diariodominicano.com\/index.php?rest_route=%2Fwp%2Fv2%2Fcomments&post=592350"}],"version-history":[{"count":1,"href":"https:\/\/diariodominicano.com\/index.php?rest_route=\/wp\/v2\/posts\/592350\/revisions"}],"predecessor-version":[{"id":592369,"href":"https:\/\/diariodominicano.com\/index.php?rest_route=\/wp\/v2\/posts\/592350\/revisions\/592369"}],"wp:featuredmedia":[{"embeddable":true,"href":"https:\/\/diariodominicano.com\/index.php?rest_route=\/wp\/v2\/media\/592361"}],"wp:attachment":[{"href":"https:\/\/diariodominicano.com\/index.php?rest_route=%2Fwp%2Fv2%2Fmedia&parent=592350"}],"wp:term":[{"taxonomy":"category","embeddable":true,"href":"https:\/\/diariodominicano.com\/index.php?rest_route=%2Fwp%2Fv2%2Fcategories&post=592350"},{"taxonomy":"post_tag","embeddable":true,"href":"https:\/\/diariodominicano.com\/index.php?rest_route=%2Fwp%2Fv2%2Ftags&post=592350"}],"curies":[{"name":"wp","href":"https:\/\/api.w.org\/{rel}","templated":true}]}}