{"id":592236,"date":"2025-01-30T01:13:20","date_gmt":"2025-01-30T05:13:20","guid":{"rendered":"https:\/\/diariodominicano.com\/?p=592236"},"modified":"2025-01-30T19:28:48","modified_gmt":"2025-01-30T23:28:48","slug":"conani-y-fundacion-don-calabria-se-unen-para-fortalecer-acogida-residencial-y-servicios-dirigidos-a-ninos-ninas-y-adolescentes-en-vulnerabilidad","status":"publish","type":"post","link":"https:\/\/diariodominicano.com\/?p=592236","title":{"rendered":"CONANI y Fundaci\u00f3n Don Calabria se unen para fortalecer acogida residencial y servicios dirigidos a ni\u00f1os, ni\u00f1as y adolescentes en vulnerabilidad"},"content":{"rendered":"\n<p>SANTO DOMINGO. El Consejo Nacional para la Ni\u00f1ez y la Adolescencia (CONANI) y la Fundaci\u00f3n Don Calabria suscribieron este lunes un acuerdo de colaboraci\u00f3n con el que buscan fortalecer los programas de acogida residencial, la capacidad de respuesta y la calidad de los servicios dirigidos a ni\u00f1os, ni\u00f1as y adolescentes en situaci\u00f3n de vulnerabilidad.<\/p>\n\n\n\n<p>La Fundaci\u00f3n Don Calabria le aportar\u00e1 al CONANI sus experiencias pr\u00e1cticas acumuladas en 150 a\u00f1os de historia, trabajando con menores de edad en situaci\u00f3n de calle, con discapacidades, problemas de salud mental, adicciones y\/o en conflicto con la ley penal.<\/p>\n\n\n\n<figure class=\"wp-block-image\"><img decoding=\"async\" src=\"https:\/\/diariodominicano.com\/wp-content\/uploads\/2025\/01\/CONANI-y-Fundacion-Don-Calabria-unen-para-fortalecer-acogida-1024x723.jpg\" alt=\"\"\/><\/figure>\n\n\n\n<p>La presidenta ejecutiva del CONANI, Ligia P\u00e9rez Pe\u00f1a, destac\u00f3 que el convenio viene a formalizar una labor conjunta que ya est\u00e1 en curso, a trav\u00e9s de acciones como el diplomado \u00abSistemas de protecci\u00f3n de ni\u00f1as, ni\u00f1os y adolescentes bajo riesgo de abandono en El Salvador, Honduras, M\u00e9xico y Rep\u00fablica Dominicana\u00bb, en el que est\u00e1n participando 40 colaboradores y colaboradoras del \u00f3rgano rector.<\/p>\n\n\n\n<p>De su lado, el director general de la Fundaci\u00f3n, Alessandro Padovani, plante\u00f3 la pertinencia de un abordaje sist\u00e9mico de las distintas situaciones que afectan a los ni\u00f1os, las ni\u00f1as y adolescentes, tom\u00e1ndoles en cuenta desde su individualidad y frente a lo colectivo, con participaci\u00f3n efectiva de las comunidades o territorios y de las instituciones. La idea es mejorar la cultura de la prevenci\u00f3n con acciones concretas, voluntad y coraz\u00f3n.<\/p>\n\n\n\n<p>La directora ejecutiva del CONANI, Alexandra Santelises, explic\u00f3 que esta alianza tiene dos ejes: la acogida residencial y el fortalecimiento interinstitucional, por medio de los cuales ambas entidades colaborar\u00e1n en la atenci\u00f3n a desaf\u00edos hist\u00f3ricos del Sistema Nacional de Protecci\u00f3n de los Ni\u00f1os, las Ni\u00f1as y Adolescentes (NNA) en la Rep\u00fablica Dominicana.<\/p>\n\n\n\n<p>En la firma del acuerdo tambi\u00e9n estuvieron presentes el padre general y casante de la Congregaci\u00f3n Pobres Siervos de la Divina Providencia,&nbsp;<a>Massimiliano Parrella<\/a>; el responsable del \u00c1rea Socio Educativa de la Congregaci\u00f3n, reverendo \u2060Padre Ivo Pasa; y la<\/p>\n\n\n\n<p>representante interinstitucional del Instituto Don Calabria y de la Congregaci\u00f3n en Rep\u00fablica Dominicana, Arianna Frencia, as\u00ed como los directores y encargados del CONANI.<\/p>\n\n\n\n<p>La bendici\u00f3n del acto, realizado en las instalaciones del CONANI, estuvo a cargo del padre Parrella. El acuerdo tendr\u00e1 una duraci\u00f3n de 5 a\u00f1os y compromete a ambas instituciones a realizar esfuerzos para la mejora de los programas de acogida residencial y el acompa\u00f1amiento a adolescentes en conflicto con la ley penal.<\/p>\n\n\n\n<p>La Fundaci\u00f3n Don Calabria es una asociaci\u00f3n sin fines de lucro y de orden religioso cat\u00f3lico constituida y organizada de conformidad con las leyes de Italia, que se dedica a la Congregaci\u00f3n Pobres Siervos de la Divina Providencia -tambi\u00e9n conocida como Instituto Don Calabria- que tiene como misi\u00f3n \u00abbuscar siempre y preferir a los m\u00e1s necesitados, rechazados, d\u00e9biles, enfermos, marginados, abandonados, a aquellos a quienes falta la luz de la fe o rechazan el amor de Dios, viviendo en la ignorancia y en el desorden moral; a las v\u00edctimas de la opresi\u00f3n y de la miseria\u00bb.<\/p>\n","protected":false},"excerpt":{"rendered":"<p>SANTO DOMINGO. El Consejo Nacional para la Ni\u00f1ez y la Adolescencia (CONANI) y la Fundaci\u00f3n Don Calabria suscribieron este lunes un acuerdo de colaboraci\u00f3n con el que buscan fortalecer los programas de acogida residencial, la capacidad de respuesta y la calidad de los servicios dirigidos a ni\u00f1os, ni\u00f1as y adolescentes en situaci\u00f3n de vulnerabilidad. La [&hellip;]<\/p>\n","protected":false},"author":7,"featured_media":592257,"comment_status":"closed","ping_status":"closed","sticky":false,"template":"","format":"standard","meta":{"footnotes":""},"categories":[36],"tags":[1029,1558],"class_list":["post-592236","post","type-post","status-publish","format-standard","has-post-thumbnail","hentry","category-hombresmujeresycosas","tag-conani","tag-fundacion-don-calabria"],"_links":{"self":[{"href":"https:\/\/diariodominicano.com\/index.php?rest_route=\/wp\/v2\/posts\/592236","targetHints":{"allow":["GET"]}}],"collection":[{"href":"https:\/\/diariodominicano.com\/index.php?rest_route=\/wp\/v2\/posts"}],"about":[{"href":"https:\/\/diariodominicano.com\/index.php?rest_route=\/wp\/v2\/types\/post"}],"author":[{"embeddable":true,"href":"https:\/\/diariodominicano.com\/index.php?rest_route=\/wp\/v2\/users\/7"}],"replies":[{"embeddable":true,"href":"https:\/\/diariodominicano.com\/index.php?rest_route=%2Fwp%2Fv2%2Fcomments&post=592236"}],"version-history":[{"count":1,"href":"https:\/\/diariodominicano.com\/index.php?rest_route=\/wp\/v2\/posts\/592236\/revisions"}],"predecessor-version":[{"id":592259,"href":"https:\/\/diariodominicano.com\/index.php?rest_route=\/wp\/v2\/posts\/592236\/revisions\/592259"}],"wp:featuredmedia":[{"embeddable":true,"href":"https:\/\/diariodominicano.com\/index.php?rest_route=\/wp\/v2\/media\/592257"}],"wp:attachment":[{"href":"https:\/\/diariodominicano.com\/index.php?rest_route=%2Fwp%2Fv2%2Fmedia&parent=592236"}],"wp:term":[{"taxonomy":"category","embeddable":true,"href":"https:\/\/diariodominicano.com\/index.php?rest_route=%2Fwp%2Fv2%2Fcategories&post=592236"},{"taxonomy":"post_tag","embeddable":true,"href":"https:\/\/diariodominicano.com\/index.php?rest_route=%2Fwp%2Fv2%2Ftags&post=592236"}],"curies":[{"name":"wp","href":"https:\/\/api.w.org\/{rel}","templated":true}]}}