{"id":592235,"date":"2025-01-30T01:06:38","date_gmt":"2025-01-30T05:06:38","guid":{"rendered":"https:\/\/diariodominicano.com\/?p=592235"},"modified":"2025-01-30T01:07:47","modified_gmt":"2025-01-30T05:07:47","slug":"presidente-de-panama-inaugura-foro-economico-internacional-america-latina-y-el-caribe-2025","status":"publish","type":"post","link":"https:\/\/diariodominicano.com\/?p=592235","title":{"rendered":"Presidente de Panam\u00e1 inaugura Foro Econ\u00f3mico Internacional Am\u00e9rica Latina y el Caribe 2025"},"content":{"rendered":"\n<p><em>En el llamado \u00abDavos latinoamericano\u00bb, un evento organizado por CAF y WIP con el apoyo de PRISA, el mandatario paname\u00f1o abog\u00f3 por un Estado que garantice oportunidades sin frenar las iniciativas privadas, enfatizando en la innovaci\u00f3n, tecnolog\u00eda y eficiencia.<\/em><\/p>\n\n\n\n<p><strong><em>(Panam\u00e1, 29 de enero de 2025).<\/em><\/strong>&nbsp;El presidente de Panam\u00e1, Jos\u00e9 Ra\u00fal Mulino, inaugur\u00f3 la primera edici\u00f3n del Foro Econ\u00f3mico Internacional Am\u00e9rica Latina y el Caribe en conjunto con Sergio D\u00edaz-Granados, presidente ejecutivo de CAF -banco de desarrollo de Am\u00e9rica Latina y el Caribe- y Joseph Oughourlian, presidente de Grupo PRISA.<\/p>\n\n\n\n<figure class=\"wp-block-gallery has-nested-images columns-default is-cropped wp-block-gallery-1 is-layout-flex wp-block-gallery-is-layout-flex\">\n<figure class=\"wp-block-image size-large\"><img loading=\"lazy\" decoding=\"async\" width=\"620\" height=\"414\" data-id=\"592252\" src=\"https:\/\/diariodominicano.com\/wp-content\/uploads\/2025\/01\/Sergio_Diaz_Granados.jpg\" alt=\"\" class=\"wp-image-592252\" srcset=\"https:\/\/diariodominicano.com\/wp-content\/uploads\/2025\/01\/Sergio_Diaz_Granados.jpg 620w, https:\/\/diariodominicano.com\/wp-content\/uploads\/2025\/01\/Sergio_Diaz_Granados-300x200.jpg 300w\" sizes=\"auto, (max-width: 620px) 100vw, 620px\" \/><\/figure>\n<\/figure>\n\n\n\n<p>Tomando como referencia la pregunta de fondo del foro: \u00bfC\u00f3mo retomar la senda del crecimiento?, Mulino dijo que \u201ctenemos el enorme desaf\u00edo de garantizar un Estado presente, porque no todo puede quedar a merced del mercado, pero a la vez debe ser un Estado que no estorbe, que garantice oportunidades, pero tambi\u00e9n que no sea un freno a las iniciativas privadas\u201d.<\/p>\n\n\n\n<figure class=\"wp-block-gallery has-nested-images columns-default is-cropped wp-block-gallery-2 is-layout-flex wp-block-gallery-is-layout-flex\">\n<figure class=\"wp-block-image size-large\"><img loading=\"lazy\" decoding=\"async\" width=\"620\" height=\"414\" data-id=\"592251\" src=\"https:\/\/diariodominicano.com\/wp-content\/uploads\/2025\/01\/Presidente-de-Panama-inaugura-Foro-Economico-Internacional-America-Latina-y-el-Caribe-2025.jpg\" alt=\"\" class=\"wp-image-592251\" srcset=\"https:\/\/diariodominicano.com\/wp-content\/uploads\/2025\/01\/Presidente-de-Panama-inaugura-Foro-Economico-Internacional-America-Latina-y-el-Caribe-2025.jpg 620w, https:\/\/diariodominicano.com\/wp-content\/uploads\/2025\/01\/Presidente-de-Panama-inaugura-Foro-Economico-Internacional-America-Latina-y-el-Caribe-2025-300x200.jpg 300w\" sizes=\"auto, (max-width: 620px) 100vw, 620px\" \/><\/figure>\n<\/figure>\n\n\n\n<p>Durante su intervenci\u00f3n, el jefe del Ejecutivo paname\u00f1o agradeci\u00f3 la iniciativa de CAF que, \u201ccon su visi\u00f3n de fortalecer las econom\u00edas de los pa\u00edses de la regi\u00f3n, tuvo presente a Panam\u00e1\u201d para fijar aqu\u00ed la sede permanente del Foro, con el objeto de dialogar y aportar ideas econ\u00f3micas comerciales regenerativas, \u201cmarcando un hito en la regi\u00f3n\u201d. Adem\u00e1s, el gobernante reconoci\u00f3 al banco como una instancia multilateral referente.<\/p>\n\n\n\n<figure class=\"wp-block-gallery has-nested-images columns-default is-cropped wp-block-gallery-3 is-layout-flex wp-block-gallery-is-layout-flex\">\n<figure class=\"wp-block-image size-large\"><img loading=\"lazy\" decoding=\"async\" width=\"620\" height=\"414\" data-id=\"592250\" src=\"https:\/\/diariodominicano.com\/wp-content\/uploads\/2025\/01\/Foro_Grupo_Prisa.jpg\" alt=\"\" class=\"wp-image-592250\" srcset=\"https:\/\/diariodominicano.com\/wp-content\/uploads\/2025\/01\/Foro_Grupo_Prisa.jpg 620w, https:\/\/diariodominicano.com\/wp-content\/uploads\/2025\/01\/Foro_Grupo_Prisa-300x200.jpg 300w\" sizes=\"auto, (max-width: 620px) 100vw, 620px\" \/><\/figure>\n<\/figure>\n\n\n\n<p>\u201cEstoy convencido que este foro regional es el escenario propicio para cultivar mayores lazos de amistad, pero m\u00e1s all\u00e1, encontrar y ampliar los mecanismos que tenemos para impulsar la econom\u00eda y la prosperidad de Am\u00e9rica Latina y el Caribe\u201d, concluy\u00f3 el mandatario.<\/p>\n\n\n\n<p>El presidente ejecutivo de CAF, Sergio D\u00edaz-Granados recapitul\u00f3 la historia integracionista de la regi\u00f3n: \u201cDos siglos atr\u00e1s, primero en la c\u00e9lebre Carta de Jamaica y posteriormente en la convocatoria del Congreso Anficti\u00f3nico, Sim\u00f3n Bol\u00edvar concibi\u00f3 a Panam\u00e1 como el escenario ideal de reuni\u00f3n para discutir los m\u00e1s altos intereses de la regi\u00f3n y su relaci\u00f3n con el resto del mundo. Hoy nosotros ratificamos esa visi\u00f3n con nuestra presencia. El puente de las Am\u00e9ricas, que se observa con toda su imponencia desde este Centro de Convenciones, es la historia de un \u00e9xito del llamado colectivo\u201d.<\/p>\n\n\n\n<p>D\u00edaz-Granados manifest\u00f3: \u201cVenimos a Panam\u00e1 a ratificar nuestro compromiso con el pa\u00eds, con el istmo, pero tambi\u00e9n con la regi\u00f3n; lo hacemos porque el istmo une la geograf\u00eda, pero tambi\u00e9n une la cultura y su log\u00edstica de clase mundial. En CAF aspiramos a convertirnos en otro puente para las Am\u00e9ricas y nos ilusiona la construcci\u00f3n y el avance de nuestro hub de negocios en Panam\u00e1\u201d.<\/p>\n\n\n\n<p>El acto de apertura tambi\u00e9n cont\u00f3 con la intervenci\u00f3n de Joseph Oughourlian, presidente de Grupo PRISA, quien se pregunt\u00f3 \u201c\u00bfqu\u00e9 es lo que hace falta aqu\u00ed? Este continente lo tiene todo. Aqu\u00ed tenemos todos los recursos en todos los \u00e1mbitos\u201d; al tiempo que record\u00f3 \u201cque en la comunidad financiera, Latinoam\u00e9rica est\u00e1 reconocida como el sitio de los commodities y recurso humano de gran calidad\u201d<\/p>\n\n\n\n<p>En su primer d\u00eda, el Foro cont\u00f3 con la participaci\u00f3n de expositores de 15 pa\u00edses, l\u00edderes regionales y mundiales, entre ellos: Santiago Pe\u00f1a, presidente de Paraguay; Mateo Renzi, ex primer ministro de Italia; Helle Thorning Schmidt, ex primera dama de Dinamarca; Rebeca Grynspan, secretaria general de la Conferencia de las Naciones Unidas sobre Comercio y Desarrollo (UNCTAD); Andr\u00e9s Allamand, Secretario General Iberoamericano, entre otros.<\/p>\n\n\n\n<p><strong>Luis Mor\u00e1n<\/strong>\u00a0&lt;lmoran@mccomunicaciones.com.pa> <\/p>\n","protected":false},"excerpt":{"rendered":"<p>En el llamado \u00abDavos latinoamericano\u00bb, un evento organizado por CAF y WIP con el apoyo de PRISA, el mandatario paname\u00f1o abog\u00f3 por un Estado que garantice oportunidades sin frenar las iniciativas privadas, enfatizando en la innovaci\u00f3n, tecnolog\u00eda y eficiencia. (Panam\u00e1, 29 de enero de 2025).&nbsp;El presidente de Panam\u00e1, Jos\u00e9 Ra\u00fal Mulino, inaugur\u00f3 la primera edici\u00f3n [&hellip;]<\/p>\n","protected":false},"author":7,"featured_media":592253,"comment_status":"closed","ping_status":"closed","sticky":false,"template":"","format":"standard","meta":{"footnotes":""},"categories":[18],"tags":[1548],"class_list":["post-592235","post","type-post","status-publish","format-standard","has-post-thumbnail","hentry","category-economia","tag-foro-economico-internacional-america-latina-y-el-caribe-2025"],"_links":{"self":[{"href":"https:\/\/diariodominicano.com\/index.php?rest_route=\/wp\/v2\/posts\/592235","targetHints":{"allow":["GET"]}}],"collection":[{"href":"https:\/\/diariodominicano.com\/index.php?rest_route=\/wp\/v2\/posts"}],"about":[{"href":"https:\/\/diariodominicano.com\/index.php?rest_route=\/wp\/v2\/types\/post"}],"author":[{"embeddable":true,"href":"https:\/\/diariodominicano.com\/index.php?rest_route=\/wp\/v2\/users\/7"}],"replies":[{"embeddable":true,"href":"https:\/\/diariodominicano.com\/index.php?rest_route=%2Fwp%2Fv2%2Fcomments&post=592235"}],"version-history":[{"count":2,"href":"https:\/\/diariodominicano.com\/index.php?rest_route=\/wp\/v2\/posts\/592235\/revisions"}],"predecessor-version":[{"id":592256,"href":"https:\/\/diariodominicano.com\/index.php?rest_route=\/wp\/v2\/posts\/592235\/revisions\/592256"}],"wp:featuredmedia":[{"embeddable":true,"href":"https:\/\/diariodominicano.com\/index.php?rest_route=\/wp\/v2\/media\/592253"}],"wp:attachment":[{"href":"https:\/\/diariodominicano.com\/index.php?rest_route=%2Fwp%2Fv2%2Fmedia&parent=592235"}],"wp:term":[{"taxonomy":"category","embeddable":true,"href":"https:\/\/diariodominicano.com\/index.php?rest_route=%2Fwp%2Fv2%2Fcategories&post=592235"},{"taxonomy":"post_tag","embeddable":true,"href":"https:\/\/diariodominicano.com\/index.php?rest_route=%2Fwp%2Fv2%2Ftags&post=592235"}],"curies":[{"name":"wp","href":"https:\/\/api.w.org\/{rel}","templated":true}]}}