{"id":592106,"date":"2025-01-29T16:33:24","date_gmt":"2025-01-29T20:33:24","guid":{"rendered":"https:\/\/diariodominicano.com\/?p=592106"},"modified":"2025-01-29T16:34:56","modified_gmt":"2025-01-29T20:34:56","slug":"manana-se-leera-sentencia-de-marcial-vicente-montero-quien-fue-puesto-en-libertad-luego-de-ser-condenado","status":"publish","type":"post","link":"https:\/\/diariodominicano.com\/?p=592106","title":{"rendered":"Ma\u00f1ana se leer\u00e1 sentencia de Marcial Vicente Montero quien fue puesto en libertad luego de ser condenado"},"content":{"rendered":"\n<p><strong>San Gregorio de Nigua, San Crist\u00f3bal. &#8211;<\/strong> Ma\u00f1ana jueves 30 de enero a las 10:00 de la ma\u00f1ana, el Juzgado de Paz de San Gregorio de Nigua, en San Crist\u00f3bal, leer\u00e1 la sentencia de Marcial Vicente Montero, quien fue puesto en libertad tras haber sido condenado.<\/p>\n\n\n\n<p>Montero fue sentenciado el 21 de noviembre de 2024 a dos a\u00f1os de prisi\u00f3n por atropellar y causar la muerte de la menor Odry Ayleen Arias D\u00edaz, de 7 a\u00f1os. Sin embargo, d\u00edas despu\u00e9s, qued\u00f3 en libertad debido a un error material en la sentencia, lo que llev\u00f3 al abogado de la madre de la ni\u00f1a a solicitar su correcci\u00f3n, informaron los familiares de la ni\u00f1a.&nbsp;<\/p>\n\n\n\n<p>\u201cEl tr\u00e1gico hecho ocurri\u00f3 el 18 de febrero de 2023, cuando Montero aceler\u00f3 de manera abrupta el veh\u00edculo perdiendo el control y atropellando a la ni\u00f1a mientras jugaba en su casa\u201d, dijo la familia de Odry Ayleen.&nbsp;<\/p>\n\n\n\n<p>Este jueves 30 de enero, a las 10:00 a. m., el juez Francis De La Rosa Del Juzgado de Paz De San Gregorio De Nigua dar\u00e1 lectura a la sentencia corregida, la cual impone una pena de 2 a\u00f1os de prisi\u00f3n en el CCR-17 Najayo Hombres, adem\u00e1s de una indemnizaci\u00f3n. Los familiares de la menor claman justicia y esperan que se le aplique todo el peso de la ley.&nbsp;<\/p>\n\n\n\n<p>Alerdys D\u00edaz &lt;<a href=\"mailto:alerdys24@gmail.com\">alerdys24@gmail.com<\/a>&gt;&nbsp;<\/p>\n","protected":false},"excerpt":{"rendered":"<p>San Gregorio de Nigua, San Crist\u00f3bal. &#8211; Ma\u00f1ana jueves 30 de enero a las 10:00 de la ma\u00f1ana, el Juzgado de Paz de San Gregorio de Nigua, en San Crist\u00f3bal, leer\u00e1 la sentencia de Marcial Vicente Montero, quien fue puesto en libertad tras haber sido condenado. Montero fue sentenciado el 21 de noviembre de 2024 [&hellip;]<\/p>\n","protected":false},"author":7,"featured_media":592141,"comment_status":"closed","ping_status":"closed","sticky":false,"template":"","format":"standard","meta":{"footnotes":""},"categories":[24],"tags":[171],"class_list":["post-592106","post","type-post","status-publish","format-standard","has-post-thumbnail","hentry","category-justicia-y-derecho","tag-ministerio-publico"],"_links":{"self":[{"href":"https:\/\/diariodominicano.com\/index.php?rest_route=\/wp\/v2\/posts\/592106","targetHints":{"allow":["GET"]}}],"collection":[{"href":"https:\/\/diariodominicano.com\/index.php?rest_route=\/wp\/v2\/posts"}],"about":[{"href":"https:\/\/diariodominicano.com\/index.php?rest_route=\/wp\/v2\/types\/post"}],"author":[{"embeddable":true,"href":"https:\/\/diariodominicano.com\/index.php?rest_route=\/wp\/v2\/users\/7"}],"replies":[{"embeddable":true,"href":"https:\/\/diariodominicano.com\/index.php?rest_route=%2Fwp%2Fv2%2Fcomments&post=592106"}],"version-history":[{"count":1,"href":"https:\/\/diariodominicano.com\/index.php?rest_route=\/wp\/v2\/posts\/592106\/revisions"}],"predecessor-version":[{"id":592139,"href":"https:\/\/diariodominicano.com\/index.php?rest_route=\/wp\/v2\/posts\/592106\/revisions\/592139"}],"wp:featuredmedia":[{"embeddable":true,"href":"https:\/\/diariodominicano.com\/index.php?rest_route=\/wp\/v2\/media\/592141"}],"wp:attachment":[{"href":"https:\/\/diariodominicano.com\/index.php?rest_route=%2Fwp%2Fv2%2Fmedia&parent=592106"}],"wp:term":[{"taxonomy":"category","embeddable":true,"href":"https:\/\/diariodominicano.com\/index.php?rest_route=%2Fwp%2Fv2%2Fcategories&post=592106"},{"taxonomy":"post_tag","embeddable":true,"href":"https:\/\/diariodominicano.com\/index.php?rest_route=%2Fwp%2Fv2%2Ftags&post=592106"}],"curies":[{"name":"wp","href":"https:\/\/api.w.org\/{rel}","templated":true}]}}