{"id":592041,"date":"2025-01-29T02:09:11","date_gmt":"2025-01-29T06:09:11","guid":{"rendered":"https:\/\/diariodominicano.com\/?p=592041"},"modified":"2025-01-29T02:10:15","modified_gmt":"2025-01-29T06:10:15","slug":"exhortan-en-guatemala-a-estudiar-a-marti-y-difundir-sus-valores","status":"publish","type":"post","link":"https:\/\/diariodominicano.com\/?p=592041","title":{"rendered":"Exhortan en Guatemala a estudiar a Mart\u00ed y difundir sus valores"},"content":{"rendered":"\n<p>Ciudad de Guatemala, 29 ene (Prensa Latina) La presidenta de la Asociaci\u00f3n Cultural Jos\u00e9 Mart\u00ed en Guatemala, Ana Cintr\u00f3n de Palma, exhort\u00f3 a estudiar a Jos\u00e9 Mart\u00ed, H\u00e9roe Nacional de Cuba, y difundir sus valores, necesarios hoy.<\/p>\n\n\n\n<ul class=\"wp-block-list\">\n<li><a href=\"https:\/\/www.prensa-latina.cu\/2025\/01\/29\/\"><time>enero 29, 2025 | 00:51<\/time><\/a><\/li>\n<\/ul>\n\n\n\n<ul class=\"wp-block-list\">\n<li><a href=\"https:\/\/www.prensa-latina.cu\/2025\/01\/29\/exhortan-en-guatemala-a-estudiar-a-marti-y-difundir-sus-valores\/#\"><\/a><\/li>\n\n\n\n<li><a href=\"https:\/\/www.prensa-latina.cu\/2025\/01\/29\/exhortan-en-guatemala-a-estudiar-a-marti-y-difundir-sus-valores\/#\"><\/a><\/li>\n\n\n\n<li><a href=\"https:\/\/www.prensa-latina.cu\/2025\/01\/29\/exhortan-en-guatemala-a-estudiar-a-marti-y-difundir-sus-valores\/#\"><\/a><\/li>\n\n\n\n<li><a href=\"https:\/\/www.prensa-latina.cu\/2025\/01\/29\/exhortan-en-guatemala-a-estudiar-a-marti-y-difundir-sus-valores\/#\"><\/a><\/li>\n<\/ul>\n\n\n\n<p>En acto por el 172 aniversario del natalicio del Ap\u00f3stol de la independencia de la mayor isla del Caribe, la apasionada historiadora expres\u00f3 que el intelectual antillano env\u00eda una alerta en muchas de sus obras.<\/p>\n\n\n\n<p>De que esa dependencia econ\u00f3mica, falta de pan, de justicia son razones suficientes para hacer frentes comunes contra las amenazas externas, subray\u00f3 la tambi\u00e9n tataranieta del patriota cubano Jos\u00e9 Joaqu\u00edn Palma.<\/p>\n\n\n\n<p>En la Biblioteca Nacional Luis Cardoza y Arag\u00f3n, ante amigos de la isla en la tierra del quetzal, colaboradores m\u00e9dicos, acad\u00e9micos, artistas, diplom\u00e1ticos e invitados, Cintr\u00f3n remarc\u00f3 que Mart\u00ed invita adem\u00e1s a la solidaridad.<\/p>\n\n\n\n<p>Esa que actualmente se representa en los profesionales de la salud de la brigada antillana, que es hacia nuestros pueblos, los m\u00e1s vulnerables, presente en casi todo este pa\u00eds y a quienes siempre agradecemos, ampli\u00f3.<\/p>\n\n\n\n<p>Consider\u00f3 que Mart\u00ed sigue siendo un referente en Am\u00e9rica Latina, y expuso c\u00f3mo visualiz\u00f3 a las naciones de la regi\u00f3n en un bloque com\u00fan ante embates, situaciones, pol\u00edticas, entre otras.<\/p>\n\n\n\n<p>Durante la emotiva actividad, el embajador cubano en Guatemala, Nazario Fern\u00e1ndez, afirm\u00f3 que Mart\u00ed am\u00f3 profundamente a su patria, y a nuestra Am\u00e9rica irredenta.<\/p>\n\n\n\n<p>Aquella en la que confluye la sangre de nuestros ancestros, mezclada con la de africanos, europeos y asi\u00e1ticos, que hacen un mosaico cultural de extraordinaria riqueza, ampli\u00f3.<\/p>\n\n\n\n<p>Este es patrimonio de nuestra identidad y motivo de unidad, frente al hegemonismo de los poderosos que pretenden someternos, asever\u00f3 el embajador.<\/p>\n\n\n\n<p>Enfatiz\u00f3 que en Mart\u00ed se inspiran los cubanos de bien para hacer frente al brutal bloqueo econ\u00f3mico, comercial y financiero impuesto por el gobierno de Estados Unidos, que por 63 a\u00f1os provoca grandes afectaciones al pueblo caribe\u00f1o.<\/p>\n\n\n\n<p>Este que se ha recrudecido en los \u00faltimos a\u00f1os con m\u00e1s de 240 medidas coercitivas, sin ning\u00fan sustento legal ni moral, llegando a la aberraci\u00f3n de incluir a Cuba nuevamente en la lista de supuestos patrocinadores de terrorismo, se\u00f1al\u00f3.<\/p>\n\n\n\n<p>Una condici\u00f3n, de la cual pocos d\u00edas antes, en una decisi\u00f3n tard\u00eda, pero en la direcci\u00f3n correcta, hab\u00edamos sido excluidos por la anterior administraci\u00f3n estadounidense, argument\u00f3.<\/p>\n\n\n\n<p>No respetan el clamor de la comunidad internacional que, por trig\u00e9sima segunda ocasi\u00f3n aprob\u00f3 el pasado 30 de octubre la resoluci\u00f3n que exige el cese del bloqueo, se\u00f1al\u00f3 el diplom\u00e1tico.<\/p>\n\n\n\n<p>T\u00e9nganse la certeza de que Cuba vencer\u00e1 y que seguir\u00e1 su propio camino para su desarrollo con valent\u00eda, inteligencia y dignidad, sin dejar de ser solidarios con otros pueblos del planeta, resalt\u00f3 Fern\u00e1ndez.<\/p>\n\n\n\n<p>oda\/znc<\/p>\n\n\n\n<ul class=\"wp-block-list\">\n<li>#<a href=\"https:\/\/www.prensa-latina.cu\/etiqueta\/cuba\/\">cuba<\/a>\u00a0#<a href=\"https:\/\/www.prensa-latina.cu\/etiqueta\/guatemala\/\">Guatemala<\/a>\u00a0#<a href=\"https:\/\/www.prensa-latina.cu\/etiqueta\/solidaridad\/\">solidaridad<\/a><\/li>\n<\/ul>\n","protected":false},"excerpt":{"rendered":"<p>Ciudad de Guatemala, 29 ene (Prensa Latina) La presidenta de la Asociaci\u00f3n Cultural Jos\u00e9 Mart\u00ed en Guatemala, Ana Cintr\u00f3n de Palma, exhort\u00f3 a estudiar a Jos\u00e9 Mart\u00ed, H\u00e9roe Nacional de Cuba, y difundir sus valores, necesarios hoy. En acto por el 172 aniversario del natalicio del Ap\u00f3stol de la independencia de la mayor isla del [&hellip;]<\/p>\n","protected":false},"author":2,"featured_media":419433,"comment_status":"closed","ping_status":"closed","sticky":false,"template":"","format":"standard","meta":{"footnotes":""},"categories":[21,26],"tags":[],"class_list":["post-592041","post","type-post","status-publish","format-standard","has-post-thumbnail","hentry","category-cultura","category-efemerides"],"_links":{"self":[{"href":"https:\/\/diariodominicano.com\/index.php?rest_route=\/wp\/v2\/posts\/592041","targetHints":{"allow":["GET"]}}],"collection":[{"href":"https:\/\/diariodominicano.com\/index.php?rest_route=\/wp\/v2\/posts"}],"about":[{"href":"https:\/\/diariodominicano.com\/index.php?rest_route=\/wp\/v2\/types\/post"}],"author":[{"embeddable":true,"href":"https:\/\/diariodominicano.com\/index.php?rest_route=\/wp\/v2\/users\/2"}],"replies":[{"embeddable":true,"href":"https:\/\/diariodominicano.com\/index.php?rest_route=%2Fwp%2Fv2%2Fcomments&post=592041"}],"version-history":[{"count":1,"href":"https:\/\/diariodominicano.com\/index.php?rest_route=\/wp\/v2\/posts\/592041\/revisions"}],"predecessor-version":[{"id":592042,"href":"https:\/\/diariodominicano.com\/index.php?rest_route=\/wp\/v2\/posts\/592041\/revisions\/592042"}],"wp:featuredmedia":[{"embeddable":true,"href":"https:\/\/diariodominicano.com\/index.php?rest_route=\/wp\/v2\/media\/419433"}],"wp:attachment":[{"href":"https:\/\/diariodominicano.com\/index.php?rest_route=%2Fwp%2Fv2%2Fmedia&parent=592041"}],"wp:term":[{"taxonomy":"category","embeddable":true,"href":"https:\/\/diariodominicano.com\/index.php?rest_route=%2Fwp%2Fv2%2Fcategories&post=592041"},{"taxonomy":"post_tag","embeddable":true,"href":"https:\/\/diariodominicano.com\/index.php?rest_route=%2Fwp%2Fv2%2Ftags&post=592041"}],"curies":[{"name":"wp","href":"https:\/\/api.w.org\/{rel}","templated":true}]}}