{"id":592026,"date":"2025-01-29T01:51:57","date_gmt":"2025-01-29T05:51:57","guid":{"rendered":"https:\/\/diariodominicano.com\/?p=592026"},"modified":"2025-01-29T02:06:50","modified_gmt":"2025-01-29T06:06:50","slug":"el-presidente-abinader-inaugura-un-liceo-en-pantoja-y-un-caipi-en-manoguayabo","status":"publish","type":"post","link":"https:\/\/diariodominicano.com\/?p=592026","title":{"rendered":"El Presidente Abinader inaugura un liceo en Pantoja y un Caipi en Manoguayabo"},"content":{"rendered":"\n<p>28 de Enero 2025 | 13:56<\/p>\n\n\n\n<figure class=\"wp-block-image\"><img decoding=\"async\" src=\"https:\/\/platform-cdn.sharethis.com\/img\/facebook.svg\" alt=\"facebook sharing button\"\/><\/figure>\n\n\n\n<figure class=\"wp-block-image\"><img decoding=\"async\" src=\"https:\/\/platform-cdn.sharethis.com\/img\/twitter.svg\" alt=\"twitter sharing button\"\/><\/figure>\n\n\n\n<figure class=\"wp-block-image\"><img decoding=\"async\" src=\"https:\/\/platform-cdn.sharethis.com\/img\/sharethis.svg\" alt=\"sharethis sharing button\"\/><\/figure>\n\n\n\n<p>Diariodominicano.com<\/p>\n\n\n\n<p>Santo Domingo Oeste, RD.-\u00a0<strong>El presidente Luis Abinader<\/strong>\u00a0inaugur\u00f3 el martes el\u00a0<strong>Liceo Osvaldo Bazil Leyva<\/strong>, en Pantoja, y un Centro de Atenci\u00f3n Integral a la Primera Infancia\u00a0<strong>(Caipi), en San Miguel, Manoguayabo<\/strong>.\u2002Las nuevas obras beneficiar\u00e1n en conjunto a m\u00e1s de 1,000 ni\u00f1os y j\u00f3venes.<\/p>\n\n\n\n<p>Una informaci\u00f3n de la Presidencia de la Rep\u00fablica se\u00f1ala que \u00abEstas nuevas obras reafirman el compromiso del presidente Abinader con la&nbsp;<strong>formaci\u00f3n de los adolescentes y el cuidado de los m\u00e1s peque\u00f1os,<\/strong>&nbsp;por el porvenir de las familias dominicanas\u00bb.&nbsp;<\/p>\n\n\n\n<p><strong>Liceo Osvaldo Bazil Leyva<\/strong><\/p>\n\n\n\n<p>Para dar continuaci\u00f3n a su pol\u00edtica de&nbsp;<strong>llevar la educaci\u00f3n a cada rinc\u00f3n del pa\u00eds<\/strong>, el presidente Abinader inaugur\u00f3 este martes el&nbsp;<strong>Liceo Osvaldo Bazil Leyva<\/strong>&nbsp;en el municipio de Pantoja, Santo Domingo Oeste. El mismo consta de 24 aulas, las cuales beneficiar\u00e1n a&nbsp;<strong>m\u00e1s de 800 estudiantes<\/strong>, con una inversi\u00f3n superior a los&nbsp;<strong>92 millones de pesos<\/strong>.&nbsp;<\/p>\n\n\n\n<p>En el acto, el viceministro de Acreditaci\u00f3n y Certificaci\u00f3n Docente del Ministerio de Educaci\u00f3n,&nbsp;<strong>Francisco de \u00d3leo<\/strong>, afirm\u00f3 que, gracias a las pol\u00edticas educativas impulsadas por el presidente Abinader, se garantiza un&nbsp;<strong>entorno pedag\u00f3gico de calidad<\/strong>, con herramientas modernas, incluidos libros f\u00edsicos y digitales, para potencializar el aprendizaje de los estudiantes.&nbsp;<\/p>\n\n\n\n<p>Asimismo, hizo un llamado a los&nbsp;<strong>docentes, padres y estudiantes<\/strong>&nbsp;para cuidar estas instalaciones que, dijo, son claves para el&nbsp;<strong>desarrollo integral de las nuevas generaciones<\/strong>, reafirmando su compromiso con la educaci\u00f3n como pilar fundamental del progreso nacional.&nbsp;<\/p>\n\n\n\n<p>En tanto,&nbsp;<strong>Sergio Yandel Ortiz<\/strong>, en representaci\u00f3n de los estudiantes, expres\u00f3 su&nbsp;<strong>agradecimiento<\/strong>&nbsp;al mandatario por su compromiso con la educaci\u00f3n y su liderazgo en la transformaci\u00f3n del sistema educativo dominicano.&nbsp;<\/p>\n\n\n\n<p>El estudiante destac\u00f3 el esfuerzo de generaciones anteriores, quienes enfrentaron desaf\u00edos para acceder a una educaci\u00f3n digna.&nbsp;<em>\u201cHoy, con esta obra los j\u00f3venes de la comunidad cuentan con un espacio moderno y equipado que simboliza esperanza, esfuerzo y oportunidades. Gracias a su visi\u00f3n y a su liderazgo, se\u00f1or presidente, Osvaldo Bazil Leyva es m\u00e1s que techos y paredes, es un hogar, un espacio de transformar vidas. Gracias a su apoyo a la educaci\u00f3n, usted demuestra que cree en nosotros, los j\u00f3venes, en nuestro potencial para construir una Rep\u00fablica Dominicana m\u00e1s justa, pr\u00f3spera y llena de oportunidades\u201d.&nbsp;<\/em><\/p>\n\n\n\n<p><strong>Inaugura Caipi en San Miguel de Manoguayabo<\/strong><\/p>\n\n\n\n<p>M\u00e1s adelante, el jefe de Estado inaugur\u00f3 el&nbsp;<strong>Caipi San Miguel<\/strong>, para beneficiar a&nbsp;<strong>250 ni\u00f1os y ni\u00f1as<\/strong>&nbsp;de Manoguayabo, Santo Domingo Oeste, que viven junto con sus familias en los barrios San Miguel, Cristal, San Jos\u00e9, Pueblo Chico, Las Colinas, Villa Naco, Arroyo Bonito, Bella Colina y Alameda Oeste.<\/p>\n\n\n\n<p>La inauguraci\u00f3n del nuevo centro forma parte del&nbsp;<strong>Plan Nacional de Ampliaci\u00f3n de Servicios,<\/strong>&nbsp;dirigido a ni\u00f1os y ni\u00f1as con edades de 0 a 5 a\u00f1os que impulsa el presidente Abinader para&nbsp;<strong>integrar en los servicios del Inaipi a m\u00e1s infantes y familias<\/strong>, en especial, aquellas que viven en condiciones de vulnerabilidad.<\/p>\n\n\n\n<p>El Caipi San Miguel cuenta con 10 salas para recibir a los infantes seg\u00fan el rango etario. Adem\u00e1s, dispone de una moderna cocina y un merendero o \u00e1rea para que los ni\u00f1os reciban sus meriendas, desayunos y almuerzos, as\u00ed como una sala de lactancia, \u00e1reas de juego y de oficinas, entre otras facilidades.&nbsp;<\/p>\n\n\n\n<figure class=\"wp-block-image\"><img decoding=\"async\" src=\"https:\/\/presidencia.gob.do\/sites\/default\/files\/inline-images\/WhatsApp%20Image%202025-01-28%20at%201.27.30%20PM.jpeg\" alt=\"\"\/><\/figure>\n\n\n\n<p>De su lado, la directora ejecutiva del Instituto Nacional de Atenci\u00f3n Integral a la Primera Infancia&nbsp;<strong>(Inaipi), Josefa Castillo<\/strong>, apunt\u00f3 que los dominicanos y dominicanas saben que cuentan con&nbsp;<strong>un presidente que piensa en la ni\u00f1ez,&nbsp;<\/strong>el sector m\u00e1s vulnerable de la sociedad,&nbsp;<em>\u00abporque de nosotros depende su crecimiento su desarrollo, su fortaleza y tambi\u00e9n el futuro de la patria\u00bb.<\/em><\/p>\n\n\n\n<p>Agreg\u00f3 que esta inversi\u00f3n que hace el mandatario, a la cual le ha puesto alma, vida y coraz\u00f3n para el desarrollo sostenido de la ni\u00f1ez, luego cosechar\u00e1 una&nbsp;<strong>ni\u00f1ez bien estimulada, alimentada, cuidada<\/strong>, lo que garantiza el desarrollo psicosocial, emocional, psicol\u00f3gico de cada ni\u00f1o y ni\u00f1a a trav\u00e9s de los&nbsp;<strong>diferentes programas del Inaipi<\/strong>.<\/p>\n\n\n\n<p>Los beneficiados recibir\u00e1n atenciones bajo el modelo de la citada entidad, enfocadas en los componentes de&nbsp;<strong>estimulaci\u00f3n temprana y educaci\u00f3n inicial<\/strong>, salud y nutrici\u00f3n, atenci\u00f3n a necesidades educativas especiales y condici\u00f3n de discapacidad, protecci\u00f3n contra la violencia, registro de nacimiento, as\u00ed como acompa\u00f1amiento a las familias y las comunidades.<\/p>\n\n\n\n<p>Las intervenciones incluyen, tambi\u00e9n,&nbsp;<strong>acompa\u00f1amiento y atenci\u00f3n en hogares<\/strong>, fortalecimiento de las&nbsp;<strong>buenas pr\u00e1cticas de crianza<\/strong>, acompa\u00f1amiento de padrinos y madrinas con ni\u00f1os y ni\u00f1as de 0 a 1 a\u00f1o y gestantes de alto riesgo, al igual que articulaci\u00f3n en red para la garant\u00eda de servicios p\u00fablicos.<\/p>\n\n\n\n<p>Estuvieron presentes, el director de Mantenimiento e Infraestructura Escolar del Ministerio de Educaci\u00f3n,&nbsp;<strong>Fernando Taveras<\/strong>; el presidente de la Comisi\u00f3n Presidencial de Apoyo al Desarrollo Barrial,&nbsp;<strong>Rolfi Rojas<\/strong>; el alcalde de Pantoja,&nbsp;<strong>Fidel de los Santos<\/strong>&nbsp;y el de Santo Domingo Oeste,&nbsp;<strong>Francisco Pe\u00f1a<\/strong>; el director del Liceo Osvaldo Bazil Leyva,&nbsp;<strong>Agust\u00edn Lebr\u00f3n,&nbsp;<\/strong>y los diputados&nbsp;<strong>Sandro S\u00e1nchez, Leyvi Bautista e Indhira De Jes\u00fas<\/strong>, junto con el exbeisbolista y Sal\u00f3n de la Fama de Cooperstown,&nbsp;<strong>Pedro Mart\u00ednez y su esposa Carolina de Mart\u00ednez.<\/strong><\/p>\n\n\n\n<p>Con informaci\u00f3n de la Presidencia de la Rep\u00fablica Dominicana.<\/p>\n\n\n\n<p>#Abinader <\/p>\n","protected":false},"excerpt":{"rendered":"<p>28 de Enero 2025 | 13:56 Diariodominicano.com Santo Domingo Oeste, RD.-\u00a0El presidente Luis Abinader\u00a0inaugur\u00f3 el martes el\u00a0Liceo Osvaldo Bazil Leyva, en Pantoja, y un Centro de Atenci\u00f3n Integral a la Primera Infancia\u00a0(Caipi), en San Miguel, Manoguayabo.\u2002Las nuevas obras beneficiar\u00e1n en conjunto a m\u00e1s de 1,000 ni\u00f1os y j\u00f3venes. Una informaci\u00f3n de la Presidencia de la [&hellip;]<\/p>\n","protected":false},"author":2,"featured_media":592027,"comment_status":"closed","ping_status":"closed","sticky":false,"template":"","format":"standard","meta":{"footnotes":""},"categories":[17,20,27],"tags":[],"class_list":["post-592026","post","type-post","status-publish","format-standard","has-post-thumbnail","hentry","category-deportes","category-dominicana-hoy","category-portada"],"_links":{"self":[{"href":"https:\/\/diariodominicano.com\/index.php?rest_route=\/wp\/v2\/posts\/592026","targetHints":{"allow":["GET"]}}],"collection":[{"href":"https:\/\/diariodominicano.com\/index.php?rest_route=\/wp\/v2\/posts"}],"about":[{"href":"https:\/\/diariodominicano.com\/index.php?rest_route=\/wp\/v2\/types\/post"}],"author":[{"embeddable":true,"href":"https:\/\/diariodominicano.com\/index.php?rest_route=\/wp\/v2\/users\/2"}],"replies":[{"embeddable":true,"href":"https:\/\/diariodominicano.com\/index.php?rest_route=%2Fwp%2Fv2%2Fcomments&post=592026"}],"version-history":[{"count":3,"href":"https:\/\/diariodominicano.com\/index.php?rest_route=\/wp\/v2\/posts\/592026\/revisions"}],"predecessor-version":[{"id":592040,"href":"https:\/\/diariodominicano.com\/index.php?rest_route=\/wp\/v2\/posts\/592026\/revisions\/592040"}],"wp:featuredmedia":[{"embeddable":true,"href":"https:\/\/diariodominicano.com\/index.php?rest_route=\/wp\/v2\/media\/592027"}],"wp:attachment":[{"href":"https:\/\/diariodominicano.com\/index.php?rest_route=%2Fwp%2Fv2%2Fmedia&parent=592026"}],"wp:term":[{"taxonomy":"category","embeddable":true,"href":"https:\/\/diariodominicano.com\/index.php?rest_route=%2Fwp%2Fv2%2Fcategories&post=592026"},{"taxonomy":"post_tag","embeddable":true,"href":"https:\/\/diariodominicano.com\/index.php?rest_route=%2Fwp%2Fv2%2Ftags&post=592026"}],"curies":[{"name":"wp","href":"https:\/\/api.w.org\/{rel}","templated":true}]}}