{"id":591940,"date":"2025-01-28T22:41:49","date_gmt":"2025-01-29T02:41:49","guid":{"rendered":"https:\/\/diariodominicano.com\/?p=591940"},"modified":"2025-01-28T22:41:52","modified_gmt":"2025-01-29T02:41:52","slug":"vicepresidenta-raquel-pena-y-alberto-rodriguez-entregan-moderno-polideportivo-en-san-pedro-de-macoris","status":"publish","type":"post","link":"https:\/\/diariodominicano.com\/?p=591940","title":{"rendered":"Vicepresidenta Raquel Pe\u00f1a y Alberto Rodr\u00edguez entregan moderno polideportivo en San Pedro de Macor\u00eds\u00a0"},"content":{"rendered":"\n<p><em>La Escuela de Excelencia Deportiva Alberto Byas ser\u00e1 ahora un centro deportivo para la pr\u00e1ctica del baloncesto, halterofilia, voleibol y otros deportes, con una instalaci\u00f3n de alto nivel.<\/em><\/p>\n\n\n\n<p>SAN PEDRO DE MACOR\u00cdS, Rep\u00fablica Dominicana.\u2013 El director ejecutivo del Instituto Nacional de Educaci\u00f3n F\u00edsica (INEFI), Alberto Rodr\u00edguez, y la vicepresidenta Raquel Pe\u00f1a inauguraron este martes un moderno polideportivo techado en el Centro Educativo de Excelencia Deportiva Profesor Alberto Byas, de esta ciudad oriental.&nbsp;<\/p>\n\n\n\n<figure class=\"wp-block-gallery has-nested-images columns-default is-cropped wp-block-gallery-1 is-layout-flex wp-block-gallery-is-layout-flex\">\n<figure class=\"wp-block-image size-large\"><img loading=\"lazy\" decoding=\"async\" width=\"1024\" height=\"542\" data-id=\"591971\" src=\"https:\/\/diariodominicano.com\/wp-content\/uploads\/2025\/01\/El-director-ejecutivo-del-Instituto-Nacional-de-Educacion-Fisica-INEFI-Alberto-Rodriguez-junto-a-varios-deportistas-de-San-Pedro-de-Macoris-1024x542.jpg\" alt=\"\" class=\"wp-image-591971\" srcset=\"https:\/\/diariodominicano.com\/wp-content\/uploads\/2025\/01\/El-director-ejecutivo-del-Instituto-Nacional-de-Educacion-Fisica-INEFI-Alberto-Rodriguez-junto-a-varios-deportistas-de-San-Pedro-de-Macoris-1024x542.jpg 1024w, https:\/\/diariodominicano.com\/wp-content\/uploads\/2025\/01\/El-director-ejecutivo-del-Instituto-Nacional-de-Educacion-Fisica-INEFI-Alberto-Rodriguez-junto-a-varios-deportistas-de-San-Pedro-de-Macoris-300x159.jpg 300w, https:\/\/diariodominicano.com\/wp-content\/uploads\/2025\/01\/El-director-ejecutivo-del-Instituto-Nacional-de-Educacion-Fisica-INEFI-Alberto-Rodriguez-junto-a-varios-deportistas-de-San-Pedro-de-Macoris-768x406.jpg 768w, https:\/\/diariodominicano.com\/wp-content\/uploads\/2025\/01\/El-director-ejecutivo-del-Instituto-Nacional-de-Educacion-Fisica-INEFI-Alberto-Rodriguez-junto-a-varios-deportistas-de-San-Pedro-de-Macoris-816x432.jpg 816w, https:\/\/diariodominicano.com\/wp-content\/uploads\/2025\/01\/El-director-ejecutivo-del-Instituto-Nacional-de-Educacion-Fisica-INEFI-Alberto-Rodriguez-junto-a-varios-deportistas-de-San-Pedro-de-Macoris.jpg 1221w\" sizes=\"auto, (max-width: 1024px) 100vw, 1024px\" \/><\/figure>\n<\/figure>\n\n\n\n<p>Durante el acto, Alberto Rodr\u00edguez destac\u00f3 la importancia de esta obra para la regi\u00f3n y el pa\u00eds en general.&nbsp;<\/p>\n\n\n\n<p>\u00abLa regi\u00f3n Este, y en particular la provincia de San Pedro de Macor\u00eds, est\u00e1n y seguir\u00e1n estando en el centro de nuestra agenda. Este polideportivo es s\u00f3lo una muestra de lo que podemos lograr cuando unimos fuerzas\u201d, resalt\u00f3 Rodr\u00edguez.<\/p>\n\n\n\n<p>Expres\u00f3 que la misi\u00f3n del INEFI \u201ces garantizar que cada estudiante dominicano tenga acceso a instalaciones deportivas de primera categor\u00eda y que, zonas de nuestro pa\u00eds que por mucho tiempo fueron olvidadas, hoy reciban el respaldo del gobierno central con hechos, con obras, no solo con palabras\u00bb.\u00a0<\/p>\n\n\n\n<figure class=\"wp-block-gallery has-nested-images columns-default is-cropped wp-block-gallery-2 is-layout-flex wp-block-gallery-is-layout-flex\">\n<figure class=\"wp-block-image size-large\"><img loading=\"lazy\" decoding=\"async\" width=\"1024\" height=\"683\" data-id=\"591970\" src=\"https:\/\/diariodominicano.com\/wp-content\/uploads\/2025\/01\/El-director-ejecutivo-del-Instituto-Nacional-de-Educacion-Fisica-INEFI-Alberto-Rodriguez-y-el-director-ejecutivo-del-Instituto-Nacional-de-Educacion-Fisica-INEFI-1024x683.jpg\" alt=\"\" class=\"wp-image-591970\" srcset=\"https:\/\/diariodominicano.com\/wp-content\/uploads\/2025\/01\/El-director-ejecutivo-del-Instituto-Nacional-de-Educacion-Fisica-INEFI-Alberto-Rodriguez-y-el-director-ejecutivo-del-Instituto-Nacional-de-Educacion-Fisica-INEFI-1024x683.jpg 1024w, https:\/\/diariodominicano.com\/wp-content\/uploads\/2025\/01\/El-director-ejecutivo-del-Instituto-Nacional-de-Educacion-Fisica-INEFI-Alberto-Rodriguez-y-el-director-ejecutivo-del-Instituto-Nacional-de-Educacion-Fisica-INEFI-300x200.jpg 300w, https:\/\/diariodominicano.com\/wp-content\/uploads\/2025\/01\/El-director-ejecutivo-del-Instituto-Nacional-de-Educacion-Fisica-INEFI-Alberto-Rodriguez-y-el-director-ejecutivo-del-Instituto-Nacional-de-Educacion-Fisica-INEFI-768x512.jpg 768w, https:\/\/diariodominicano.com\/wp-content\/uploads\/2025\/01\/El-director-ejecutivo-del-Instituto-Nacional-de-Educacion-Fisica-INEFI-Alberto-Rodriguez-y-el-director-ejecutivo-del-Instituto-Nacional-de-Educacion-Fisica-INEFI-816x544.jpg 816w, https:\/\/diariodominicano.com\/wp-content\/uploads\/2025\/01\/El-director-ejecutivo-del-Instituto-Nacional-de-Educacion-Fisica-INEFI-Alberto-Rodriguez-y-el-director-ejecutivo-del-Instituto-Nacional-de-Educacion-Fisica-INEFI.jpg 1290w\" sizes=\"auto, (max-width: 1024px) 100vw, 1024px\" \/><\/figure>\n<\/figure>\n\n\n\n<p>Argument\u00f3 que la nueva instalaci\u00f3n deportiva es una muestra del compromiso del gobierno con la educaci\u00f3n y el deporte, y cuenta con piso sint\u00e9tico, abanicos para aclimataci\u00f3n, parales profesionales, tableros de fibra de vidrio, y una instalaci\u00f3n adaptada para voleibol.<\/p>\n\n\n\n<p>Indic\u00f3 que el polideportivo incluye un \u00e1rea para la pr\u00e1ctica de levantamiento de pesas y est\u00e1 dise\u00f1ado para otros deportes como f\u00fatbol sala, b\u00e1dminton y tenis de mesa.&nbsp;<\/p>\n\n\n\n<p>\u201cEste nuevo polideportivo busca continuar fomentando el desarrollo de j\u00f3venes atletas en esta disciplina y en muchas otras, consolidando a la provincia como un referente deportivo en el pa\u00eds\u201d, se\u00f1al\u00f3.<\/p>\n\n\n\n<p>Deportistas como Robinson Can\u00f3, Beatriz Pir\u00f3n, Gina Mambr\u00fa y el inmortal del deporte, Domingo Rosario, estuvieron presentes en la actividad.<\/p>\n\n\n\n<p>Rodr\u00edguez resalt\u00f3 las actuaciones de pesistas de la provincia de San Pedro como Wanda Rijo, Yudelkis Contreras, Beatriz Pir\u00f3n, Crismery Santana y Guillermina Candelario, como parte de la motivaci\u00f3n para instalar un centro de halterofilia en la escuela.<\/p>\n\n\n\n<p>De su lado, la vicepresidenta Raquel Pe\u00f1a resalt\u00f3 la visi\u00f3n integral del gobierno del presidente Luis Abinader, al priorizar la construcci\u00f3n de obras que impactan positivamente en la educaci\u00f3n y el deporte, promoviendo el desarrollo de la juventud dominicana.&nbsp;<\/p>\n\n\n\n<p>Con esta inauguraci\u00f3n, el INEFI reafirma su compromiso de seguir llevando instalaciones de calidad a todo el territorio nacional, para que cada estudiante tenga las herramientas necesarias para desarrollar su m\u00e1ximo potencial.<\/p>\n","protected":false},"excerpt":{"rendered":"<p>La Escuela de Excelencia Deportiva Alberto Byas ser\u00e1 ahora un centro deportivo para la pr\u00e1ctica del baloncesto, halterofilia, voleibol y otros deportes, con una instalaci\u00f3n de alto nivel. SAN PEDRO DE MACOR\u00cdS, Rep\u00fablica Dominicana.\u2013 El director ejecutivo del Instituto Nacional de Educaci\u00f3n F\u00edsica (INEFI), Alberto Rodr\u00edguez, y la vicepresidenta Raquel Pe\u00f1a inauguraron este martes un [&hellip;]<\/p>\n","protected":false},"author":7,"featured_media":591969,"comment_status":"closed","ping_status":"closed","sticky":false,"template":"","format":"standard","meta":{"footnotes":""},"categories":[17],"tags":[491],"class_list":["post-591940","post","type-post","status-publish","format-standard","has-post-thumbnail","hentry","category-deportes","tag-inefi"],"_links":{"self":[{"href":"https:\/\/diariodominicano.com\/index.php?rest_route=\/wp\/v2\/posts\/591940","targetHints":{"allow":["GET"]}}],"collection":[{"href":"https:\/\/diariodominicano.com\/index.php?rest_route=\/wp\/v2\/posts"}],"about":[{"href":"https:\/\/diariodominicano.com\/index.php?rest_route=\/wp\/v2\/types\/post"}],"author":[{"embeddable":true,"href":"https:\/\/diariodominicano.com\/index.php?rest_route=\/wp\/v2\/users\/7"}],"replies":[{"embeddable":true,"href":"https:\/\/diariodominicano.com\/index.php?rest_route=%2Fwp%2Fv2%2Fcomments&post=591940"}],"version-history":[{"count":1,"href":"https:\/\/diariodominicano.com\/index.php?rest_route=\/wp\/v2\/posts\/591940\/revisions"}],"predecessor-version":[{"id":591988,"href":"https:\/\/diariodominicano.com\/index.php?rest_route=\/wp\/v2\/posts\/591940\/revisions\/591988"}],"wp:featuredmedia":[{"embeddable":true,"href":"https:\/\/diariodominicano.com\/index.php?rest_route=\/wp\/v2\/media\/591969"}],"wp:attachment":[{"href":"https:\/\/diariodominicano.com\/index.php?rest_route=%2Fwp%2Fv2%2Fmedia&parent=591940"}],"wp:term":[{"taxonomy":"category","embeddable":true,"href":"https:\/\/diariodominicano.com\/index.php?rest_route=%2Fwp%2Fv2%2Fcategories&post=591940"},{"taxonomy":"post_tag","embeddable":true,"href":"https:\/\/diariodominicano.com\/index.php?rest_route=%2Fwp%2Fv2%2Ftags&post=591940"}],"curies":[{"name":"wp","href":"https:\/\/api.w.org\/{rel}","templated":true}]}}