{"id":591705,"date":"2025-01-28T01:12:40","date_gmt":"2025-01-28T05:12:40","guid":{"rendered":"https:\/\/diariodominicano.com\/?p=591705"},"modified":"2025-01-28T01:34:39","modified_gmt":"2025-01-28T05:34:39","slug":"embajada-dominicana-en-jamaica-conmemora-el-212-o-aniversario-del-natalicio-de-juan-pablo-duarte","status":"publish","type":"post","link":"https:\/\/diariodominicano.com\/?p=591705","title":{"rendered":"Embajada Dominicana en Jamaica conmemora el 212.\u00ba aniversario del natalicio de Juan Pablo Duarte"},"content":{"rendered":"\n<p>27 de enero de 2025<\/p>\n\n\n\n<figure class=\"wp-block-image size-large\"><img loading=\"lazy\" decoding=\"async\" width=\"768\" height=\"1024\" src=\"https:\/\/diariodominicano.com\/wp-content\/uploads\/2025\/01\/Photo-3-2-768x1024.jpeg\" alt=\"\" class=\"wp-image-591719\" srcset=\"https:\/\/diariodominicano.com\/wp-content\/uploads\/2025\/01\/Photo-3-2-768x1024.jpeg 768w, https:\/\/diariodominicano.com\/wp-content\/uploads\/2025\/01\/Photo-3-2-225x300.jpeg 225w, https:\/\/diariodominicano.com\/wp-content\/uploads\/2025\/01\/Photo-3-2-816x1088.jpeg 816w, https:\/\/diariodominicano.com\/wp-content\/uploads\/2025\/01\/Photo-3-2.jpeg 960w\" sizes=\"auto, (max-width: 768px) 100vw, 768px\" \/><\/figure>\n\n\n\n<p>Angie Mart\u00ednez, embajadora dominicana en Jamaica, concurrente con la Mancomunidad de las Bahamas, en el momento que\u2002pronunci\u00f3 su discurso. <\/p>\n\n\n\n<p><strong>Kingston, Jamaica.<\/strong>\u00a0\u2013 La Embajada de la Rep\u00fablica Dominicana en Jamaica, bajo el liderazgo de la embajadora dominicana en Kingston, la abogada internacionalista y diplom\u00e1tica de carrera Angie Mart\u00ednez, junto a su equipo de funcionarios diplom\u00e1ticos Daniel Beltr\u00e9 Acosta, Julio Alejandro V\u00e9lez, Jancer Ferm\u00edn y Miguel Balaguer (ausente), conmemor\u00f3 el 212.\u00ba aniversario del natalicio de Juan Pablo Duarte, padre fundador de la Rep\u00fablica, con un acto solemne cargado de patriotismo. <\/p>\n\n\n\n<figure class=\"wp-block-image size-large\"><img loading=\"lazy\" decoding=\"async\" width=\"1024\" height=\"993\" src=\"https:\/\/diariodominicano.com\/wp-content\/uploads\/2025\/01\/Photo-2-1024x993.jpeg\" alt=\"\" class=\"wp-image-591711\" srcset=\"https:\/\/diariodominicano.com\/wp-content\/uploads\/2025\/01\/Photo-2-1024x993.jpeg 1024w, https:\/\/diariodominicano.com\/wp-content\/uploads\/2025\/01\/Photo-2-300x291.jpeg 300w, https:\/\/diariodominicano.com\/wp-content\/uploads\/2025\/01\/Photo-2-768x745.jpeg 768w, https:\/\/diariodominicano.com\/wp-content\/uploads\/2025\/01\/Photo-2-816x791.jpeg 816w, https:\/\/diariodominicano.com\/wp-content\/uploads\/2025\/01\/Photo-2.jpeg 1280w\" sizes=\"auto, (max-width: 1024px) 100vw, 1024px\" \/><\/figure>\n\n\n\n<p>La ceremonia cont\u00f3 con la presencia del Embajador Edward P\u00e9rez Reyes, Representante Permanente de la Rep\u00fablica Dominicana ante la Autoridad Internacional de los Fondos Marinos; altos ejecutivos de empresas dominicanas establecidas en Jamaica, tales como Luz Tejada, Directora General de Hyundai Magna Motors Jamaica, y Esther Rosario, Gerente Financiera de Newport-Fersan Jamaica; as\u00ed como representantes de la comunidad dominicana y miembros destacados de la filial del Instituto Duartiano en Jamaica, una iniciativa de la Embajada, formalmente establecida el 11 de diciembre de 2024, con la presencia del presidente del Instituto Duartiano, Doctor Wilson G\u00f3mez, con el prop\u00f3sito de promover la difusi\u00f3n del pensamiento duartiano y fortalecer la identidad nacional entre los dominicanos residentes en el exterior.<\/p>\n\n\n\n<p>El acto comenz\u00f3 con el solemne izado de la bandera dominicana, a cargo del Primer Teniente del Ej\u00e9rcito Nacional, V\u00edctor Rosario, acompa\u00f1ado por las notas del Himno Nacional. Posteriormente, se interpret\u00f3 el Himno a Juan Pablo Duarte como un gesto de respeto, dando paso a la ofrenda floral en honor al pr\u00f3cer, simbolizando el reconocimiento y respeto a su legado.<\/p>\n\n\n\n<p>Angie Mart\u00ednez, embajadora dominicana en Jamaica, concurrente con la Mancomunidad de las Bahamas, pronunci\u00f3 un emotivo discurso en el que destac\u00f3 la trascendencia del legado de Juan Pablo Duarte para el pueblo dominicano, haciendo un llamado a reafirmar el compromiso con los valores fundamentales que \u00e9l defendi\u00f3: \u201cHoy no solo recordamos a Duarte, celebramos su legado, porque su ejemplo de honestidad, sacrificio y dedicaci\u00f3n es, sin duda, el mayor referente de principios y valores \u00e9ticos del pueblo dominicano.<\/p>\n\n\n\n<p> Hoy nos reunimos para reafirmar nuestro compromiso con los principios que \u00e9l defendi\u00f3 con su vida: libertad, justicia, soberan\u00eda, democracia y dignidad nacional\u201d, expres\u00f3 la representante dominicana.<\/p>\n\n\n\n<p>La abogada internacionalista afirm\u00f3 que la construcci\u00f3n de la patria es una tarea continua que requiere el esfuerzo diario de cada ciudadano: \u201cSe\u00f1oras y se\u00f1ores, la patria no se hereda, se construye cada d\u00eda, a trav\u00e9s de la defensa de una sociedad en la que la educaci\u00f3n, la justicia, el respeto a los derechos humanos y la equidad sean los pilares fundamentales. Porque hacer patria es un proyecto inacabado, una tarea que nunca termina y que nos corresponde a todos trabajar cada d\u00eda\u201d.<\/p>\n\n\n\n<figure class=\"wp-block-image size-large\"><img loading=\"lazy\" decoding=\"async\" width=\"1024\" height=\"768\" src=\"https:\/\/diariodominicano.com\/wp-content\/uploads\/2025\/01\/Photo-4-1024x768.jpeg\" alt=\"\" class=\"wp-image-591715\" srcset=\"https:\/\/diariodominicano.com\/wp-content\/uploads\/2025\/01\/Photo-4-1024x768.jpeg 1024w, https:\/\/diariodominicano.com\/wp-content\/uploads\/2025\/01\/Photo-4-300x225.jpeg 300w, https:\/\/diariodominicano.com\/wp-content\/uploads\/2025\/01\/Photo-4-768x576.jpeg 768w, https:\/\/diariodominicano.com\/wp-content\/uploads\/2025\/01\/Photo-4-816x612.jpeg 816w, https:\/\/diariodominicano.com\/wp-content\/uploads\/2025\/01\/Photo-4.jpeg 1280w\" sizes=\"auto, (max-width: 1024px) 100vw, 1024px\" \/><\/figure>\n\n\n\n<p>En representaci\u00f3n de la filial del Instituto Duartiano en Jamaica, Luz Tejada, directora general de Hyundai Magna Motors Jamaica, destac\u00f3 el coraje de Juan Pablo Duarte frente a las adversidades y su firme compromiso \u00e9tico y pol\u00edtico con la democracia. Se\u00f1al\u00f3 adem\u00e1s que el ideario de Duarte sigue siendo una gu\u00eda invaluable para continuar construyendo una Rep\u00fablica Dominicana m\u00e1s justa y equitativa: \u201cCon esta ofrenda, no solo recordamos el nacimiento de un gran hombre, sino que renovamos nuestro compromiso con sus ideales de libertad y justicia\u201d, expres\u00f3 Tejada.<\/p>\n\n\n\n<p>Por su parte, la Embajadora Dominicana en Kingston resalt\u00f3 que el legado de Duarte sigue vivo en cada dominicano que trabaja con integridad y amor por la patria, tanto dentro como fuera del pa\u00eds: \u00abDuarte vive en cada dominicana y dominicano que, dentro y fuera de nuestro territorio, se levanta a trabajar con integridad, con esfuerzo y con amor por la patria, para seguir construyendo la naci\u00f3n que Duarte so\u00f1\u00f3 y con la que todos nosotros so\u00f1amos, una m\u00e1s justa, m\u00e1s pr\u00f3spera y con mayores oportunidades para todos y todas\u00bb.<\/p>\n\n\n\n<p>La diplom\u00e1tica de carrera concluy\u00f3 su discurso exhortando a la comunidad dominicana en Jamaica a honrar cada d\u00eda el legado de Duarte, emulando su ejemplo de honestidad, sacrificio y compromiso inquebrantable con la patria.<\/p>\n\n\n\n<p>Al cierre del acto, los asistentes compartieron un vino de honor en un ambiente de fraternidad y reflexi\u00f3n, celebrando la memoria del Padre de la Patria y los lazos de unidad que fortalecen a la comunidad dominicana residente en la tierra de Bob Marley.<\/p>\n\n\n\n<p>Angie Shakira Mart\u00ednez Tejera<\/p>\n\n\n\n<p><a target=\"_blank\" href=\"mailto:amartinezdrembassy@gmail.com\" rel=\"noreferrer noopener\">amartinezdrembassy@gmail.com<\/a><\/p>\n\n\n\n<p>#Jamaica\u2003\u2002#Embajada dominicana en Jamaica<\/p>\n","protected":false},"excerpt":{"rendered":"<p>27 de enero de 2025 Angie Mart\u00ednez, embajadora dominicana en Jamaica, concurrente con la Mancomunidad de las Bahamas, en el momento que\u2002pronunci\u00f3 su discurso. Kingston, Jamaica.\u00a0\u2013 La Embajada de la Rep\u00fablica Dominicana en Jamaica, bajo el liderazgo de la embajadora dominicana en Kingston, la abogada internacionalista y diplom\u00e1tica de carrera Angie Mart\u00ednez, junto a su [&hellip;]<\/p>\n","protected":false},"author":2,"featured_media":591709,"comment_status":"closed","ping_status":"closed","sticky":false,"template":"","format":"standard","meta":{"footnotes":""},"categories":[21,26,27],"tags":[],"class_list":["post-591705","post","type-post","status-publish","format-standard","has-post-thumbnail","hentry","category-cultura","category-efemerides","category-portada"],"_links":{"self":[{"href":"https:\/\/diariodominicano.com\/index.php?rest_route=\/wp\/v2\/posts\/591705","targetHints":{"allow":["GET"]}}],"collection":[{"href":"https:\/\/diariodominicano.com\/index.php?rest_route=\/wp\/v2\/posts"}],"about":[{"href":"https:\/\/diariodominicano.com\/index.php?rest_route=\/wp\/v2\/types\/post"}],"author":[{"embeddable":true,"href":"https:\/\/diariodominicano.com\/index.php?rest_route=\/wp\/v2\/users\/2"}],"replies":[{"embeddable":true,"href":"https:\/\/diariodominicano.com\/index.php?rest_route=%2Fwp%2Fv2%2Fcomments&post=591705"}],"version-history":[{"count":3,"href":"https:\/\/diariodominicano.com\/index.php?rest_route=\/wp\/v2\/posts\/591705\/revisions"}],"predecessor-version":[{"id":591720,"href":"https:\/\/diariodominicano.com\/index.php?rest_route=\/wp\/v2\/posts\/591705\/revisions\/591720"}],"wp:featuredmedia":[{"embeddable":true,"href":"https:\/\/diariodominicano.com\/index.php?rest_route=\/wp\/v2\/media\/591709"}],"wp:attachment":[{"href":"https:\/\/diariodominicano.com\/index.php?rest_route=%2Fwp%2Fv2%2Fmedia&parent=591705"}],"wp:term":[{"taxonomy":"category","embeddable":true,"href":"https:\/\/diariodominicano.com\/index.php?rest_route=%2Fwp%2Fv2%2Fcategories&post=591705"},{"taxonomy":"post_tag","embeddable":true,"href":"https:\/\/diariodominicano.com\/index.php?rest_route=%2Fwp%2Fv2%2Ftags&post=591705"}],"curies":[{"name":"wp","href":"https:\/\/api.w.org\/{rel}","templated":true}]}}