{"id":591695,"date":"2025-01-28T00:58:18","date_gmt":"2025-01-28T04:58:18","guid":{"rendered":"https:\/\/diariodominicano.com\/?p=591695"},"modified":"2025-01-28T00:58:23","modified_gmt":"2025-01-28T04:58:23","slug":"sobrevivientes-de-auschwitz-conmemoran-80-aniversario-de-liberacion-del-campo-de-exterminio","status":"publish","type":"post","link":"https:\/\/diariodominicano.com\/?p=591695","title":{"rendered":"Sobrevivientes de Auschwitz conmemoran 80 aniversario de liberaci\u00f3n del campo de exterminio"},"content":{"rendered":"\n<p>Un sobreviviente lleva una vela al Muro de la Muerte en el antiguo campo de concentraci\u00f3n y exterminio nazi de Auschwitz-Birkenau, durante una ceremonia que conmemora el 80 aniversario de la liberaci\u00f3n del campo, en Oswiecim, Polonia, el lunes 27 de enero de 2025.<\/p>\n\n\n\n<p>enero 27, 2025<\/p>\n\n\n\n<ul class=\"wp-block-list\">\n<li><a href=\"https:\/\/www.vozdeamerica.com\/author\/associated-press\/v_kyr\">Associated Press<\/a><\/li>\n<\/ul>\n\n\n\n<ul class=\"wp-block-list\">\n<li><a href=\"https:\/\/facebook.com\/sharer.php?u=https%3a%2f%2fwww.vozdeamerica.com%2fa%2fsobrevivientes-auschwitz-conmemoran-80-aniversario-liberacion-campo-exterminio%2f7951444.html\" target=\"_blank\" rel=\"noreferrer noopener\"><\/a><\/li>\n\n\n\n<li><a href=\"https:\/\/twitter.com\/share?url=https%3a%2f%2fwww.vozdeamerica.com%2fa%2fsobrevivientes-auschwitz-conmemoran-80-aniversario-liberacion-campo-exterminio%2f7951444.html&amp;text=Sobrevivientes+de+Auschwitz+conmemoran+80+aniversario+de+liberaci%c3%b3n+del+campo+de+exterminio\" target=\"_blank\" rel=\"noreferrer noopener\"><\/a><\/li>\n\n\n\n<li><\/li>\n\n\n\n<li><a href=\"mailto:?body=https%3a%2f%2fwww.vozdeamerica.com%2fa%2fsobrevivientes-auschwitz-conmemoran-80-aniversario-liberacion-campo-exterminio%2f7951444.html&amp;subject=Sobrevivientes%20de%20Auschwitz%20conmemoran%2080%20aniversario%20de%20liberaci%C3%B3n%20del%20campo%20de%20exterminio\"><\/a><\/li>\n<\/ul>\n\n\n\n<p><a href=\"https:\/\/www.vozdeamerica.com\/a\/sobrevivientes-auschwitz-conmemoran-80-aniversario-liberacion-campo-exterminio\/7951444.html#comments\">&nbsp;Vea comentarios<\/a><\/p>\n\n\n\n<p>El 80 aniversario de la liberaci\u00f3n de Auschwitz por las tropas sovi\u00e9ticas se celebra en el lugar del antiguo campo de exterminio nazi. La ceremonia del lunes se considera como la \u00faltima celebraci\u00f3n importante a la que podr\u00e1 asistir un n\u00famero considerable de supervivientes.<\/p>\n\n\n\n<p>OSWIECIM, Polonia \u2014&nbsp;<\/p>\n\n\n\n<p>El 80 aniversario de la liberaci\u00f3n de Auschwitz por parte de las tropas sovi\u00e9ticas se conmemoraba el lunes en el recinto del antiguo campo de exterminio, una ceremonia ampliamente considerada como el \u00faltimo acto importante a que podr\u00e1n asistir un n\u00famero considerable de sobrevivientes.<\/p>\n\n\n\n<p>Ancianos sobrevivientes del campo, algunos con bufandas de color azul y blanco que recuerdan sus uniformes de prisi\u00f3n, caminaron juntos hacia el Muro de la Muerte, donde fueron ejecutados los prisioneros, entre ellos muchos polacos que resistieron la ocupaci\u00f3n de su pa\u00eds.<\/p>\n\n\n\n<p>Las fuerzas alemanas nazis asesinaron a aproximadamente 1,1 millones de personas en el lugar en el sur de Polonia, que estaba bajo ocupaci\u00f3n alemana durante la Segunda Guerra Mundial. La mayor\u00eda de las v\u00edctimas fueron jud\u00edos asesinados a escala industrial en c\u00e1maras de gas, aunque los alemanes tambi\u00e9n asesinaron a muchos polacos, gitanos, prisioneros de guerra sovi\u00e9ticos, personas homosexuales y otros que fueron objeto de eliminaci\u00f3n seg\u00fan la ideolog\u00eda racial nazi.<\/p>\n\n\n\n<p><a href=\"https:\/\/www.vozdeamerica.com\/a\/eeuu-no-ha-suspendido-ayuda-militar-a-ucrania\/7950269.html\"><\/a><\/p>\n\n\n\n<p><a href=\"https:\/\/www.vozdeamerica.com\/a\/eeuu-no-ha-suspendido-ayuda-militar-a-ucrania\/7950269.html\">Tambi\u00e9n lea<\/a><\/p>\n\n\n\n<h4 class=\"wp-block-heading\"><a href=\"https:\/\/www.vozdeamerica.com\/a\/eeuu-no-ha-suspendido-ayuda-militar-a-ucrania\/7950269.html\">Zelenskyy afirma que EEUU no ha suspendido la ayuda militar a Ucrania<\/a><\/h4>\n\n\n\n<p>El presidente polaco, Andrzej Duda, cuyo pa\u00eds perdi\u00f3 6 millones de ciudadanos durante la guerra, llev\u00f3 una vela y camin\u00f3 con el director del Museo Estatal Auschwitz-Birkenau, Piotr Cywinski.<\/p>\n\n\n\n<p>En el muro, los dos hombres inclinaron la cabeza, murmuraron oraciones y se santiguaron. \u201cNosotros los polacos, en cuya tierra \u2014ocupada por los alemanes nazis en ese momento\u2014 los alemanes construyeron esta industria de exterminio y este campo de concentraci\u00f3n, somos hoy los guardianes de la memoria\u201d, dijo Duda a los periodistas despu\u00e9s.<\/p>\n\n\n\n<p>Habl\u00f3 del \u201cdolor inimaginable\u201d infligido a tantas personas, especialmente al pueblo jud\u00edo, y describi\u00f3 a las decenas de sobrevivientes que asistieron a las conmemoraciones del lunes como \u201clos \u00faltimos sobrevivientes que vienen a este sitio\u201d.<\/p>\n\n\n\n<p>\u201cQue la memoria de todos los muertos viva, que descansen en paz\u201d, dijo.<\/p>\n\n\n\n<figure class=\"wp-block-image\"><a href=\"https:\/\/www.vozdeamerica.com\/a\/en-fotos-sobrevivientes-de-auschwitz-conmemoran-80-anos-de-su-liberacion\/7951498.html\"><img decoding=\"async\" src=\"https:\/\/gdb.voanews.com\/76e271fe-be2f-4bb4-9af9-1305aa122314_w650_r1_s.jpg\" alt=\"En Fotos | Sobrevivientes de Auschwitz conmemoran 80 a\u00f1os de su liberaci\u00f3n\"\/><\/a><figcaption class=\"wp-element-caption\">Galer\u00eda de fotosEn Fotos | Sobrevivientes de Auschwitz conmemoran 80 a\u00f1os de su liberaci\u00f3n<\/figcaption><\/figure>\n\n\n\n<p>En total, los alemanes asesinaron a 6 millones de jud\u00edos de toda Europa, aniquilando a dos tercios de los jud\u00edos europeos y un tercio de todos los jud\u00edos del mundo. Naciones Unidas design\u00f3 en 2005 el 27 de enero como el D\u00eda Internacional de Conmemoraci\u00f3n del Holocausto.<\/p>\n\n\n\n<p>M\u00e1s tarde en el d\u00eda, l\u00edderes mundiales y miembros de la realeza se sumar\u00e1n a los ancianos sobrevivientes del campo \u2014los m\u00e1s j\u00f3venes, octogenarios\u2014. Sin embargo, este a\u00f1o no se ha pedido a los pol\u00edticos que hablen. Debido a la avanzada edad de los sobrevivientes, los organizadores han decidido convertirles en el centro de las conmemoraciones.<\/p>\n\n\n\n<p>Se esperaba que asistieran, entre otros l\u00edderes, el canciller de Alemania, Olaf Scholz, y el presidente, Frank-Walter Steinmeier. Alemania nunca ha enviado a ambos de sus m\u00e1ximos representantes estatales a las conmemoraciones antes, seg\u00fan la agencia de noticias alemana dpa.<\/p>\n\n\n\n<p>Es una se\u00f1al del compromiso continuo de Alemania de asumir la responsabilidad por los cr\u00edmenes de la naci\u00f3n, incluso en medio de un auge del movimiento de extrema derecha que quisiera olvidar.<\/p>\n\n\n\n<p>El presidente de Francia, Emmanuel Macron, y el primer ministro canadiense, Justin Trudeau, tambi\u00e9n asistir\u00e1n, mientras que el rey Carlos III de Inglaterra acudir\u00e1 junto con reyes y reinas de Espa\u00f1a, Dinamarca y Noruega.<\/p>\n\n\n\n<p>En el pasado, los representantes rusos eran invitados destacados en los actos de aniversario en reconocimiento a la liberaci\u00f3n sovi\u00e9tica del campo el 27 de enero de 1945, y a las enormes p\u00e9rdidas sufridas por las fuerzas sovi\u00e9ticas en la derrota aliada de la Alemania nazi. Pero no han sido bienvenidos desde la invasi\u00f3n a gran escala de Ucrania por parte de Rusia en 2022.<\/p>\n","protected":false},"excerpt":{"rendered":"<p>Un sobreviviente lleva una vela al Muro de la Muerte en el antiguo campo de concentraci\u00f3n y exterminio nazi de Auschwitz-Birkenau, durante una ceremonia que conmemora el 80 aniversario de la liberaci\u00f3n del campo, en Oswiecim, Polonia, el lunes 27 de enero de 2025. enero 27, 2025 &nbsp;Vea comentarios El 80 aniversario de la liberaci\u00f3n [&hellip;]<\/p>\n","protected":false},"author":2,"featured_media":591696,"comment_status":"closed","ping_status":"closed","sticky":false,"template":"","format":"standard","meta":{"footnotes":""},"categories":[26,23],"tags":[],"class_list":["post-591695","post","type-post","status-publish","format-standard","has-post-thumbnail","hentry","category-efemerides","category-internacional"],"_links":{"self":[{"href":"https:\/\/diariodominicano.com\/index.php?rest_route=\/wp\/v2\/posts\/591695","targetHints":{"allow":["GET"]}}],"collection":[{"href":"https:\/\/diariodominicano.com\/index.php?rest_route=\/wp\/v2\/posts"}],"about":[{"href":"https:\/\/diariodominicano.com\/index.php?rest_route=\/wp\/v2\/types\/post"}],"author":[{"embeddable":true,"href":"https:\/\/diariodominicano.com\/index.php?rest_route=\/wp\/v2\/users\/2"}],"replies":[{"embeddable":true,"href":"https:\/\/diariodominicano.com\/index.php?rest_route=%2Fwp%2Fv2%2Fcomments&post=591695"}],"version-history":[{"count":1,"href":"https:\/\/diariodominicano.com\/index.php?rest_route=\/wp\/v2\/posts\/591695\/revisions"}],"predecessor-version":[{"id":591697,"href":"https:\/\/diariodominicano.com\/index.php?rest_route=\/wp\/v2\/posts\/591695\/revisions\/591697"}],"wp:featuredmedia":[{"embeddable":true,"href":"https:\/\/diariodominicano.com\/index.php?rest_route=\/wp\/v2\/media\/591696"}],"wp:attachment":[{"href":"https:\/\/diariodominicano.com\/index.php?rest_route=%2Fwp%2Fv2%2Fmedia&parent=591695"}],"wp:term":[{"taxonomy":"category","embeddable":true,"href":"https:\/\/diariodominicano.com\/index.php?rest_route=%2Fwp%2Fv2%2Fcategories&post=591695"},{"taxonomy":"post_tag","embeddable":true,"href":"https:\/\/diariodominicano.com\/index.php?rest_route=%2Fwp%2Fv2%2Ftags&post=591695"}],"curies":[{"name":"wp","href":"https:\/\/api.w.org\/{rel}","templated":true}]}}