{"id":591547,"date":"2025-01-27T17:48:55","date_gmt":"2025-01-27T21:48:55","guid":{"rendered":"https:\/\/diariodominicano.com\/?p=591547"},"modified":"2025-01-28T00:25:23","modified_gmt":"2025-01-28T04:25:23","slug":"el-agn-y-el-instituto-duartiano-inauguraran-exposicion-documental-en-honor-al-natalicio-de-juan-pablo-duarte","status":"publish","type":"post","link":"https:\/\/diariodominicano.com\/?p=591547","title":{"rendered":"El Archivo General de la Naci\u00f3n  y el Instituto Duartiano inaugurar\u00e1n exposici\u00f3n documental en honor al natalicio de Juan Pablo Duarte"},"content":{"rendered":"\n<p><strong>Santo Domingo. \u2013&nbsp;<\/strong>En conmemoraci\u00f3n del 212 aniversario del natalicio de Juan Pablo Duarte D\u00edez, Padre de la Patria y s\u00edmbolo de la independencia dominicana, el Archivo General de la Naci\u00f3n (AGN) y el Instituto Duartiano presentar\u00e1n la exposici\u00f3n documental \u201cDuarte: La historia de su gloria\u201d. Este evento especial ser\u00e1 inaugurado el pr\u00f3ximo 28 de enero, a las 10:00 a. m., en la sede del AGN.<\/p>\n\n\n\n<p>La muestra rendir\u00e1 homenaje a la vida y obra de Duarte, destacando su papel fundamental en la formaci\u00f3n de la identidad y soberan\u00eda nacional. Los visitantes tendr\u00e1n la oportunidad de explorar documentos originales que reflejan su pensamiento visionario y su legado como patriota.<\/p>\n\n\n\n<p>Con esta iniciativa, el AGN reafirma su compromiso con la preservaci\u00f3n de la memoria hist\u00f3rica y cultural de la Rep\u00fablica Dominicana, promoviendo el conocimiento y la reflexi\u00f3n sobre los ideales que guiaron la vida de Duarte.<\/p>\n\n\n\n<p>El Archivo General de la Naci\u00f3n extiende una cordial invitaci\u00f3n a toda la ciudadan\u00eda, instituciones educativas, culturales y medios de comunicaci\u00f3n, a ser part\u00edcipes de este significativo evento. La exposici\u00f3n no solo honra a Duarte como pr\u00f3cer, sino tambi\u00e9n como un s\u00edmbolo de unidad, sacrificio y amor por la patria.<\/p>\n\n\n\n<p><strong>relacionespublicas<\/strong>\u00a0&lt;relacionespublicas@agn.gob.do><\/p>\n","protected":false},"excerpt":{"rendered":"<p>Santo Domingo. \u2013&nbsp;En conmemoraci\u00f3n del 212 aniversario del natalicio de Juan Pablo Duarte D\u00edez, Padre de la Patria y s\u00edmbolo de la independencia dominicana, el Archivo General de la Naci\u00f3n (AGN) y el Instituto Duartiano presentar\u00e1n la exposici\u00f3n documental \u201cDuarte: La historia de su gloria\u201d. Este evento especial ser\u00e1 inaugurado el pr\u00f3ximo 28 de enero, [&hellip;]<\/p>\n","protected":false},"author":7,"featured_media":591558,"comment_status":"closed","ping_status":"closed","sticky":false,"template":"","format":"standard","meta":{"footnotes":""},"categories":[21,26],"tags":[1513],"class_list":["post-591547","post","type-post","status-publish","format-standard","has-post-thumbnail","hentry","category-cultura","category-efemerides","tag-archivo-general-de-la-nacion-agn"],"_links":{"self":[{"href":"https:\/\/diariodominicano.com\/index.php?rest_route=\/wp\/v2\/posts\/591547","targetHints":{"allow":["GET"]}}],"collection":[{"href":"https:\/\/diariodominicano.com\/index.php?rest_route=\/wp\/v2\/posts"}],"about":[{"href":"https:\/\/diariodominicano.com\/index.php?rest_route=\/wp\/v2\/types\/post"}],"author":[{"embeddable":true,"href":"https:\/\/diariodominicano.com\/index.php?rest_route=\/wp\/v2\/users\/7"}],"replies":[{"embeddable":true,"href":"https:\/\/diariodominicano.com\/index.php?rest_route=%2Fwp%2Fv2%2Fcomments&post=591547"}],"version-history":[{"count":3,"href":"https:\/\/diariodominicano.com\/index.php?rest_route=\/wp\/v2\/posts\/591547\/revisions"}],"predecessor-version":[{"id":591664,"href":"https:\/\/diariodominicano.com\/index.php?rest_route=\/wp\/v2\/posts\/591547\/revisions\/591664"}],"wp:featuredmedia":[{"embeddable":true,"href":"https:\/\/diariodominicano.com\/index.php?rest_route=\/wp\/v2\/media\/591558"}],"wp:attachment":[{"href":"https:\/\/diariodominicano.com\/index.php?rest_route=%2Fwp%2Fv2%2Fmedia&parent=591547"}],"wp:term":[{"taxonomy":"category","embeddable":true,"href":"https:\/\/diariodominicano.com\/index.php?rest_route=%2Fwp%2Fv2%2Fcategories&post=591547"},{"taxonomy":"post_tag","embeddable":true,"href":"https:\/\/diariodominicano.com\/index.php?rest_route=%2Fwp%2Fv2%2Ftags&post=591547"}],"curies":[{"name":"wp","href":"https:\/\/api.w.org\/{rel}","templated":true}]}}