{"id":591350,"date":"2025-01-26T17:39:02","date_gmt":"2025-01-26T21:39:02","guid":{"rendered":"https:\/\/diariodominicano.com\/?p=591350"},"modified":"2025-01-26T17:39:10","modified_gmt":"2025-01-26T21:39:10","slug":"instituto-duartiano-celebro-hoy-el-212-aniversario-del-natalicio-del-patricio-juan-pablo-duarte","status":"publish","type":"post","link":"https:\/\/diariodominicano.com\/?p=591350","title":{"rendered":"Instituto Duartiano celebr\u00f3 hoy el 212 aniversario del natalicio del patricio Juan Pablo Duarte"},"content":{"rendered":"\n<p><em><strong>El organismo invit\u00f3 a unirse, desde enero hasta marzo, a una agenda llena de eventos hist\u00f3ricos, culturales y patri\u00f3ticos. En un discurso este domingo en la catedral, en el d\u00eda de Juan Pablo Duarte, el presidente del Instituto Duartiano clam\u00f3 por la formaci\u00f3n ciudadana.<\/strong><\/em><\/p>\n\n\n\n<p><strong>Santo Domingo, Rep\u00fablica Dominicana.-<\/strong>\u00a0El Instituto Duartiano llev\u00f3 a cabo el domingo una serie de actos patri\u00f3ticos para conmemorar el 212 aniversario del natalicio de Juan Pablo Duarte y D\u00edez, padre de la patria y fundador de la Rep\u00fablica Dominicana.<\/p>\n\n\n\n<p>La jornada inici\u00f3 con el izamiento de las banderas nacional y del Instituto Duartiano y la interpretaci\u00f3n del Himno Nacional y el Himno a Duarte en la casa de la familia Duarte-D\u00edez, ubicada en la calle Isabel la Cat\u00f3lica de la Ciudad Colonial.&nbsp; Posteriormente, fue realizada una ofrenda floral en la Plaza Patri\u00f3tica de la Libertad, en el patio interior de la antigua residencia.<\/p>\n\n\n\n<p>Luego tuvo efecto un solemne oficio religioso en memoria del patricio en la Catedral Primada de Am\u00e9rica, el cual estuvo a cargo del p\u00e1rroco Nelson Clark, quien destac\u00f3 la trascendencia del pr\u00f3cer e inst\u00f3 a todas las personas, de manera principal a las nuevas generaciones, a imitar su ejemplo de pulcritud, sentido de responsabilidad y su compromiso con la patria.<\/p>\n\n\n\n<p>Al hacer uso de las palabras, el presidente del Instituto Duartiano, doctor Wilson G\u00f3mez Ram\u00edrez, asever\u00f3 que \u201cnuestra naci\u00f3n, por encima de todo, tiene que ser preservada, tiene que ser puesta al mejor resguardo, para ello se requiere de medidas impulsadas con energ\u00eda y determinaci\u00f3n; por encima de los intereses particulares, tiene que primar los supremos intereses del pa\u00eds\u201d.<\/p>\n\n\n\n<p>Despu\u00e9s, los duartianos se trasladaron al Altar de la Patria y en mausoleo donde reposan las cenizas venerables de Duarte, y all\u00ed en su memoria depositaron una ofrenda floral, con la interpretaci\u00f3n de los himnos Nacional y a Duarte, escenificando una reverencia ante la llama votiva que arde en su honor.<\/p>\n\n\n\n<p>El doctor G\u00f3mez Ram\u00edrez, destac\u00f3 la importancia de honrar la memoria del pr\u00f3cer y de mantener vivo su legado. &nbsp;\u00abDuarte nos dej\u00f3 un legado de patriotismo, honestidad y compromiso con el bienestar del pueblo dominicano\u00bb, declar\u00f3 G\u00f3mez Ram\u00edrez. \u00abEs nuestro deber seguir su ejemplo y trabajar por la Rep\u00fablica Dominicana justa y pr\u00f3spera que \u00e9l anhel\u00f3\u00bb.<\/p>\n\n\n\n<p>Las actividades contaron con la participaci\u00f3n de directivos y colaboradores del Instituto Duartiano, autoridades civiles y militares, as\u00ed como de representantes de instituciones culturales y educativas.&nbsp; La entidad reiter\u00f3 su compromiso de continuar promoviendo los valores y el ideario de Juan Pablo Duarte.<\/p>\n\n\n\n<p>El Instituto Duartiano continuar\u00e1 desarrollando un amplio programa de actividades para conmemorar el Mes de la Patria en enero, febrero y marzo, que incluyen eventos culturales, actos patri\u00f3ticos, ceremonias conmemorativas y otras realizaciones que buscan honrar la memoria del fundador de la patria dominicana y promover los valores c\u00edvicos en la poblaci\u00f3n.<\/p>\n\n\n\n<p><strong>En discurso en la catedral presidente del Instituto Duartiano clama por la formaci\u00f3n ciudadana<\/strong><\/p>\n\n\n\n<p>Santo Domingo, 26 de enero de 2025 &#8211; En el marco de la conmemoraci\u00f3n del 212 aniversario del natalicio de Juan Pablo Duarte, el presidente del Instituto Duartiano, doctor Wilson G\u00f3mez Ram\u00edrez, pronunci\u00f3 un discurso en la Catedral Primada de Am\u00e9rica donde enfatiz\u00f3 la importancia de la formaci\u00f3n ciudadana en la juventud dominicana.<\/p>\n\n\n\n<p>G\u00f3mez Ram\u00edrez destac\u00f3 la necesidad de educar a los j\u00f3venes en valores y civismo, recordando las palabras del Papa Francisco en su visita al pa\u00eds en 2024, quien abog\u00f3 por una educaci\u00f3n que forme \u00abverdaderos maestros, formadores en valores\u00bb.<\/p>\n\n\n\n<p>El discurso resalt\u00f3 la figura de Duarte como un ejemplo de ciudadano comprometido con su patria, y cit\u00f3 a figuras como Emiliano Tejera Penson y Manuel Arturo Pe\u00f1a Batlle para destacar la grandeza del pr\u00f3cer.<\/p>\n\n\n\n<p>Asimismo, G\u00f3mez Ram\u00edrez hizo un llamado a las autoridades educativas para que implementen la ense\u00f1anza de la Constituci\u00f3n de manera efectiva en las escuelas, tal como se ense\u00f1an otras materias.<\/p>\n\n\n\n<p>Finalmente, el presidente del Instituto Duartiano exhort\u00f3 a los dominicanos a trabajar por la patria con fe y dedicaci\u00f3n, recordando las palabras de Duarte: \u00abTrabajemos por y para la patria, que es trabajar para nuestros hijos y para nosotros mismos\u00bb.<\/p>\n\n\n\n<p><strong>Pr\u00f3ximas actividades<\/strong><\/p>\n\n\n\n<p>Estos actos por el mes de la patria continuar\u00e1n el domingo 2 de febrero, a las 3:00 de la tarde, con la realizaci\u00f3n de la \u201cCaravana por la Patria\u201d, con la participaci\u00f3n de unidades vehiculares de los clubes autos antiguos y cl\u00e1sicos, que recorrer\u00e1 diversos puntos de la capital, llevando un mensaje de unidad y patriotismo.<\/p>\n\n\n\n<p>Mientras que el jueves 6 de febrero, a las 7:30 de la noche, ser\u00e1 la s\u00e9ptima juramentaci\u00f3n de nuevos miembros de honor, donde ser\u00e1n reconocer\u00e1s la labor de personas que se han destacado en la promoci\u00f3n de Duarte y los valores patrios, en el auditorio de la Casa y Museo de Duarte, de la sede de esta entidad, en la Ciudad Colonial.<\/p>\n\n\n\n<p>\u201cEl Instituto Duartiano invit\u00f3 a toda la poblaci\u00f3n dominicana a participar en estas actividades, a visitar nuestro museo, y a celebrar el Mes de la Patria con orgullo y fervor c\u00edvico, estas son gratuitas y abiertas al p\u00fablico de todas las edades\u201d, manifest\u00f3 el doctor G\u00f3mez Ram\u00edrez.<\/p>\n\n\n\n<p>\u00abEl Mes de la Patria es una oportunidad para recordar el legado de los fundadores de nuestra nacionalidad y renovar nuestro compromiso con los valores que dieron origen a la dominicanidad\u00bb, expres\u00f3 el presidente el doctor G\u00f3mez Ram\u00edrez al reiterar que \u00abinvitamos a todos los dominicanos a unirse a esta celebraci\u00f3n y a honrar la memoria de Duarte, S\u00e1nchez y Mella, exhibiendo la Bandera Nacional en el frente de sus viviendas\u00bb.<\/p>\n\n\n\n<p>El Instituto Duartiano es una instituci\u00f3n cultural sin fines de lucro dedicada a la promoci\u00f3n y difusi\u00f3n del ideario de Juan Pablo Duarte y los dem\u00e1s Padres de la Patria. A trav\u00e9s de sus actividades, el Instituto busca fortalecer la identidad nacional y promover la participaci\u00f3n ciudadana en la construcci\u00f3n de una sociedad m\u00e1s justa y democr\u00e1tica.<\/p>\n\n\n\n<p><strong>Links para ver o descargar v\u00eddeo:<\/strong><\/p>\n\n\n\n<p><strong>Por YouTube:<\/strong><\/p>\n\n\n\n<figure class=\"wp-block-embed is-type-video is-provider-youtube wp-block-embed-youtube wp-embed-aspect-16-9 wp-has-aspect-ratio\"><div class=\"wp-block-embed__wrapper\">\n<iframe loading=\"lazy\" title=\"Instituto Duartiano celebr\u00f3 hoy el 212 aniversario del natalicio del patricio\" width=\"616\" height=\"347\" src=\"https:\/\/www.youtube.com\/embed\/EmctVVaIk5g?feature=oembed\" frameborder=\"0\" allow=\"accelerometer; autoplay; clipboard-write; encrypted-media; gyroscope; picture-in-picture; web-share\" referrerpolicy=\"strict-origin-when-cross-origin\" allowfullscreen><\/iframe>\n<\/div><\/figure>\n\n\n\n<p><strong>Por Google Drive:<\/strong><\/p>\n\n\n\n<p><a href=\"https:\/\/drive.google.com\/file\/d\/1zgWilnRacir0PrwbyqusGzUZ4vuF7nRF\/view?usp=sharing\">https:\/\/drive.google.com\/file\/d\/1zgWilnRacir0PrwbyqusGzUZ4vuF7nRF\/view?usp=sharing<\/a><\/p>\n\n\n\n<p><strong>Por Transfernow:<\/strong><\/p>\n\n\n\n<p><a href=\"https:\/\/www.transfernow.net\/dl\/202501263ibLyHha\/C1s6VAId\">https:\/\/www.transfernow.net\/dl\/202501263ibLyHha\/C1s6VAId<\/a><\/p>\n","protected":false},"excerpt":{"rendered":"<p>El organismo invit\u00f3 a unirse, desde enero hasta marzo, a una agenda llena de eventos hist\u00f3ricos, culturales y patri\u00f3ticos. En un discurso este domingo en la catedral, en el d\u00eda de Juan Pablo Duarte, el presidente del Instituto Duartiano clam\u00f3 por la formaci\u00f3n ciudadana. Santo Domingo, Rep\u00fablica Dominicana.-\u00a0El Instituto Duartiano llev\u00f3 a cabo el domingo [&hellip;]<\/p>\n","protected":false},"author":2,"featured_media":0,"comment_status":"closed","ping_status":"closed","sticky":false,"template":"","format":"standard","meta":{"footnotes":""},"categories":[21,36,26,27],"tags":[],"class_list":["post-591350","post","type-post","status-publish","format-standard","hentry","category-cultura","category-hombresmujeresycosas","category-efemerides","category-portada"],"_links":{"self":[{"href":"https:\/\/diariodominicano.com\/index.php?rest_route=\/wp\/v2\/posts\/591350","targetHints":{"allow":["GET"]}}],"collection":[{"href":"https:\/\/diariodominicano.com\/index.php?rest_route=\/wp\/v2\/posts"}],"about":[{"href":"https:\/\/diariodominicano.com\/index.php?rest_route=\/wp\/v2\/types\/post"}],"author":[{"embeddable":true,"href":"https:\/\/diariodominicano.com\/index.php?rest_route=\/wp\/v2\/users\/2"}],"replies":[{"embeddable":true,"href":"https:\/\/diariodominicano.com\/index.php?rest_route=%2Fwp%2Fv2%2Fcomments&post=591350"}],"version-history":[{"count":1,"href":"https:\/\/diariodominicano.com\/index.php?rest_route=\/wp\/v2\/posts\/591350\/revisions"}],"predecessor-version":[{"id":591351,"href":"https:\/\/diariodominicano.com\/index.php?rest_route=\/wp\/v2\/posts\/591350\/revisions\/591351"}],"wp:attachment":[{"href":"https:\/\/diariodominicano.com\/index.php?rest_route=%2Fwp%2Fv2%2Fmedia&parent=591350"}],"wp:term":[{"taxonomy":"category","embeddable":true,"href":"https:\/\/diariodominicano.com\/index.php?rest_route=%2Fwp%2Fv2%2Fcategories&post=591350"},{"taxonomy":"post_tag","embeddable":true,"href":"https:\/\/diariodominicano.com\/index.php?rest_route=%2Fwp%2Fv2%2Ftags&post=591350"}],"curies":[{"name":"wp","href":"https:\/\/api.w.org\/{rel}","templated":true}]}}