{"id":591279,"date":"2025-01-25T23:45:25","date_gmt":"2025-01-26T03:45:25","guid":{"rendered":"https:\/\/diariodominicano.com\/?p=591279"},"modified":"2025-01-25T23:47:49","modified_gmt":"2025-01-26T03:47:49","slug":"primer-secretario-de-estado-hispano-de-eeuu-comienza-su-gestion-en-gira-por-centroamerica","status":"publish","type":"post","link":"https:\/\/diariodominicano.com\/?p=591279","title":{"rendered":"Primer secretario de Estado hispano de EEUU comienza su gesti\u00f3n en gira por Centroam\u00e9rica"},"content":{"rendered":"\n<p>El Secretario de Estado de Estados Unidos, Marco Rubio, a su llegada al Departamento de Estado en Washington, el 21 de enero de 2025 para asumir el cargo.<\/p>\n\n\n\n<p><\/p>\n\n\n\n<p>enero 25, 2025<\/p>\n\n\n\n<ul class=\"wp-block-list\">\n<li><a href=\"https:\/\/www.vozdeamerica.com\/author\/tomas-guevara\/pikyi\">Tom\u00e1s Guevara<\/a><\/li>\n<\/ul>\n\n\n\n<ul class=\"wp-block-list\">\n<li><a href=\"https:\/\/facebook.com\/sharer.php?u=https%3a%2f%2fwww.vozdeamerica.com%2fa%2fprimer-secretario-estado-hispano-marco-rubio-eeuu-inicia-gestion-visita-panama-y-centroamerica%2f7949517.html\" target=\"_blank\" rel=\"noreferrer noopener\"><\/a><\/li>\n\n\n\n<li><a href=\"https:\/\/twitter.com\/share?url=https%3a%2f%2fwww.vozdeamerica.com%2fa%2fprimer-secretario-estado-hispano-marco-rubio-eeuu-inicia-gestion-visita-panama-y-centroamerica%2f7949517.html&amp;text=Primer+secretario+de+Estado+hispano+de+EEUU+comienza+su+gesti%c3%b3n+en+gira+por+Centroam%c3%a9rica\" target=\"_blank\" rel=\"noreferrer noopener\"><\/a><\/li>\n\n\n\n<li><\/li>\n\n\n\n<li><a href=\"mailto:?body=https%3a%2f%2fwww.vozdeamerica.com%2fa%2fprimer-secretario-estado-hispano-marco-rubio-eeuu-inicia-gestion-visita-panama-y-centroamerica%2f7949517.html&amp;subject=Primer%20secretario%20de%20Estado%20hispano%20de%20EEUU%20comienza%20su%20gesti%C3%B3n%20en%20gira%20por%20Centroam%C3%A9rica\"><\/a><\/li>\n<\/ul>\n\n\n\n<p><a href=\"https:\/\/www.vozdeamerica.com\/a\/primer-secretario-estado-hispano-marco-rubio-eeuu-inicia-gestion-visita-panama-y-centroamerica\/7949517.html#comments\">&nbsp;Vea comentarios<\/a><\/p>\n\n\n\n<p>Panam\u00e1 se alista para recibir al secretario de Estado, Marco Rubio, en medio de tensi\u00f3n tras los dichos del presidente Trump sobre retomar el Canal de Panam\u00e1. La gira se extender\u00e1 por Centroam\u00e9rica donde temas como narcotr\u00e1fico e inmigraci\u00f3n imperan. Analistas ven esfuerzos por suavizar asperezas.<\/p>\n\n\n\n<p>Washington \u2014&nbsp;<\/p>\n\n\n\n<p>Por primera vez en una administraci\u00f3n estadounidense, la pol\u00edtica del Departamento de Estado comienza por Am\u00e9rica Latina, con la visita la pr\u00f3xima semana del secretario Marco Rubio, de ascendencia hispana, en representaci\u00f3n de Washington.<\/p>\n\n\n\n<p>La&nbsp;<strong><em><a href=\"https:\/\/www.vozdeamerica.com\/a\/rubio-visitara-panama-en-primer-viaje-al-exterior-como-secretario-de-estado-de-eeuu\/7947571.html\" target=\"_blank\" rel=\"noreferrer noopener\">gira&nbsp;<\/a><\/em><\/strong>a Panam\u00e1 y otros pa\u00edses de Centroam\u00e9rica es vista por los analistas como un esfuerzo del jefe de la diplomacia estadounidense de suavizar las asperezas con las que inicia la administraci\u00f3n Trump, el pa\u00eds centroamericano y sus vecinos.<\/p>\n\n\n\n<p>El presidente Donald Trump dijo en su investidura que \u201cvamos a recuperar\u201d el canal interoce\u00e1nico, luego de explicar en su discurso inaugural que se entreg\u00f3 \u201ctontamente\u201d al pa\u00eds centroamericano, lo que de inmediato despert\u00f3 una ola de&nbsp;<em><strong><a href=\"https:\/\/www.vozdeamerica.com\/a\/presidente-mulino-rechaza-las-declaraciones-de-trump-sobre-el-canal-de-panama\/7943686.html\" target=\"_blank\" rel=\"noreferrer noopener\">respuestas de Panam\u00e1<\/a><\/strong><\/em>&nbsp;y quejas formales ante la Organizaci\u00f3n de Naciones Unidas (ONU).<\/p>\n\n\n\n<p>En Washington, el analista Michael Shifter, experto en Am\u00e9rica Latina y profesor de ciencias pol\u00edticas en Georgetown University, le dijo a la&nbsp;<em><strong>Voz de Am\u00e9rica<\/strong>&nbsp;<\/em>que no hay duda de que el primer viaje del secretario Rubio a la regi\u00f3n responde a \u201cbuscar una negociaci\u00f3n con el gobierno paname\u00f1o para calmar las aguas\u201d, y que en la mesa podr\u00edan abordar asuntos como tarifas y limitar la influencia de China en las entradas del canal.<\/p>\n\n\n\n<p>\u201cNadie esperaba que Panam\u00e1 iba a ser el destino del primer viaje de Marco Rubio como secretario de Estado. Pero la ret\u00f3rica agresiva y amenazas del presidente Trump para retomar el control del canal ha elevado el tema y ha generado una fuerte reacci\u00f3n en Panam\u00e1, un buen aliado de Estados Unidos\u201d, dijo, por lo que la visita no puede verse lejos de esa \u00f3ptica.<\/p>\n\n\n\n<figure class=\"wp-block-image\"><img decoding=\"async\" src=\"https:\/\/gdb.voanews.com\/fd7a2a3a-655f-4d1a-81bd-8db958257bb2_tv_w650_r0.jpg\" alt=\"Trump sobre el Canal de Panam\u00e1\" title=\"Trump sobre el Canal de Panam\u00e1\"\/><\/figure>\n\n\n\n<p><video src=\"blob:https:\/\/www.vozdeamerica.com\/b0aa4d11-ecad-40cc-be4d-d96ff9fc93c6\"><\/video><\/p>\n\n\n\n<h5 class=\"wp-block-heading\"><a href=\"https:\/\/www.vozdeamerica.com\/a\/primer-secretario-estado-hispano-marco-rubio-eeuu-inicia-gestion-visita-panama-y-centroamerica\/7943575.html\" target=\"_blank\" rel=\"noreferrer noopener\">Trump sobre el Canal de Panam\u00e1<\/a><\/h5>\n\n\n\n<ul class=\"wp-block-list\">\n<li><a href=\"https:\/\/facebook.com\/sharer.php?u=https%3a%2f%2fwww.vozdeamerica.com%2fa%2f7943575.html\" target=\"_blank\" rel=\"noreferrer noopener\">Comparta en Facebook<\/a><\/li>\n\n\n\n<li><a href=\"https:\/\/twitter.com\/share?url=https%3a%2f%2fwww.vozdeamerica.com%2fa%2f7943575.html&amp;text=Trump+sobre+el+Canal+de+Panam%c3%a1\" target=\"_blank\" rel=\"noreferrer noopener\">Comparta en Twitter<\/a><\/li>\n<\/ul>\n\n\n\n<hr class=\"wp-block-separator has-alpha-channel-opacity\"\/>\n\n\n\n<p><a href=\"https:\/\/www.vozdeamerica.com\/embed\/player\/Article\/7943575.html?type=video&amp;FullScreenMode=True\" target=\"_blank\" rel=\"noreferrer noopener\"><\/a><\/p>\n\n\n\n<p>&nbsp;Descargar&nbsp;<\/p>\n\n\n\n<p>Desde El Salvador, pa\u00eds que tambi\u00e9n visitar\u00e1 el secretario Rubio durante su paso por la regi\u00f3n, el analista Napole\u00f3n Campos, experto en integraci\u00f3n centroamericana, coment\u00f3 a&nbsp;<strong><em>VOA<\/em><\/strong>&nbsp;que la llegada del secretario Rubio se enfoca en las contradicciones con las que inicia la gesti\u00f3n Trump hacia Centroam\u00e9rica.<\/p>\n\n\n\n<p>En su primer mandato, el presidente republicano apost\u00f3 por la cooperaci\u00f3n con la regi\u00f3n para&nbsp;<strong><em><a href=\"https:\/\/www.vozdeamerica.com\/a\/bukele-trump-detener-migraci%C3%B3n-ilegal-auge-pandillas\/7948509.html\" target=\"_blank\" rel=\"noreferrer noopener\">frenar la inmigraci\u00f3n irregular<\/a><\/em><\/strong>, pero al estrenar su segundo t\u00e9rmino alterno, el tema paname\u00f1o ha saltado a primer plano y la migraci\u00f3n que sigue siendo un punto cr\u00edtico para ese pa\u00eds y para el resto de Centroam\u00e9rica, temas con los que el secretario Rubio deber\u00e1 batallar.<\/p>\n\n\n\n<p>\u201cEn su conjunto, la visita del secretario de Estado est\u00e1 marcada por las contradicciones de la segunda administraci\u00f3n Trump tanto en pol\u00edtica dom\u00e9stica como exterior\u201d, explic\u00f3 Campos.<\/p>\n\n\n\n<p>Y agreg\u00f3 que la \u201camenaza\u201d de recuperar el Canal de Panam\u00e1, anunciada antes de llegar al cargo y reafirmada \u201cen el propio discurso de asunci\u00f3n el 20 de enero\u201d, muestra a todas luces un claro desaf\u00edo a la Carta de la ONU y \u201cun peligro de quebrantamiento de la paz en la regi\u00f3n, pues los&nbsp;<em><strong><a href=\"https:\/\/history.state.gov\/milestones\/1977-1980\/panama-canal\" target=\"_blank\" rel=\"noreferrer noopener\">Tratados Torrijos-Carter<\/a><\/strong><\/em>&nbsp;fueron incorporados al Derecho Internacional\u201d, opin\u00f3.<\/p>\n\n\n\n<p>Shifter agreg\u00f3 que la visita de Rubio terminar\u00e1 por mostrar la \u201ceficacia y responsabilidad\u201d con que Panam\u00e1 ha manejado el canal desde 1999 que pas\u00f3 a su completo dominio.<\/p>\n\n\n\n<p><a href=\"https:\/\/www.vozdeamerica.com\/a\/sea-serio-dice-el-presidente-de-panama-ante-pregunta-sobre-invasion-de-trump\/7946057.html\"><\/a><\/p>\n\n\n\n<p><a href=\"https:\/\/www.vozdeamerica.com\/a\/sea-serio-dice-el-presidente-de-panama-ante-pregunta-sobre-invasion-de-trump\/7946057.html\">Tambi\u00e9n lea<\/a><\/p>\n\n\n\n<h4 class=\"wp-block-heading\"><a href=\"https:\/\/www.vozdeamerica.com\/a\/sea-serio-dice-el-presidente-de-panama-ante-pregunta-sobre-invasion-de-trump\/7946057.html\">\u00abSea serio\u00bb, dice el presidente de Panam\u00e1 ante pregunta sobre \u00abinvasi\u00f3n\u00bb de Trump<\/a><\/h4>\n\n\n\n<p>Adem\u00e1s, el secretario Rubio llega a un pa\u00eds bastante unificado en cuanto al tema, pues el presidente Jos\u00e9 Ra\u00fal Mulino ha movido piezas bastante r\u00e1pido y \u201cconvocado a expresidentes y los l\u00edderes del pa\u00eds para forjar una posici\u00f3n unida\u201d, dijo.<\/p>\n\n\n\n<p>Con eso a la vista, el analista Michael Shifter vaticin\u00f3 que en los pr\u00f3ximos d\u00edas, al transcurrir la gira de Rubio, \u201cel resultado del viaje podr\u00eda hacer m\u00e1s visible y p\u00fablico lo que Panam\u00e1 ya est\u00e1 haciendo en su manejo del canal\u201d.<\/p>\n\n\n\n<h3 class=\"wp-block-heading\">La sombra china en Centroam\u00e9rica<\/h3>\n\n\n\n<p>Para el experto en desarrollo de Centroam\u00e9rica, Manuel Orozco, en el centro de an\u00e1lisis Di\u00e1logo Interamericano, en Washington, el recorrido que har\u00e1 Rubio por Costa Rica, Guatemala, El Salvador y Rep\u00fablica Dominicana, despu\u00e9s de Panam\u00e1, refleja tambi\u00e9n \u201clas prioridades de la pol\u00edtica exterior de la administraci\u00f3n Trump hacia el hemisferio\u201d, donde la migraci\u00f3n sigue en primera posici\u00f3n, pero no podemos olvidar a&nbsp;<strong><em><a href=\"https:\/\/www.vozdeamerica.com\/a\/la-huella-de-china-sigue-creciendo-en-america-latina\/7334475.html\" target=\"_blank\" rel=\"noreferrer noopener\">China en un \u00e1ngulo m\u00e1s abierto<\/a><\/em><\/strong>.<\/p>\n\n\n\n<p>\u201cNo est\u00e1 claro cu\u00e1l es la meta real\u201d, apunt\u00f3 Orozco, si lidiar con todo lo que tambi\u00e9n \u201crepresenta China en la regi\u00f3n, geopol\u00edticamente, comercialmente y en inversi\u00f3n\u201d, explic\u00f3 a la&nbsp;<strong><em>VOA<\/em>.<\/strong><\/p>\n\n\n\n<p><a href=\"https:\/\/www.vozdeamerica.com\/a\/china-continua-esforzzndose-para-ampliar-influencia-en-america-latina-\/7283175.html\"><\/a><\/p>\n\n\n\n<p><a href=\"https:\/\/www.vozdeamerica.com\/a\/china-continua-esforzzndose-para-ampliar-influencia-en-america-latina-\/7283175.html\">Tambi\u00e9n lea<\/a><\/p>\n\n\n\n<h4 class=\"wp-block-heading\"><a href=\"https:\/\/www.vozdeamerica.com\/a\/china-continua-esforzzndose-para-ampliar-influencia-en-america-latina-\/7283175.html\">A 10 a\u00f1os de creada, la Ruta de la Seda impulsa esfuerzos de China para ampliar influencia en Am\u00e9rica Latina<\/a><\/h4>\n\n\n\n<p>Por lo que entre l\u00edneas ve una visita marcada por varios aspectos que hasta podr\u00eda incluir \u201cabordar las consecuencias del abuso del &#8216;orden mundial liberal&#8217; de parte de dictaduras, crimen organizado\u201d, entre otras falencias en la regi\u00f3n, opin\u00f3.<\/p>\n\n\n\n<p>\u201cEl mensaje es claro: hacerle saber a los socios regionales que contener la migraci\u00f3n es prioridad, y esperar la cooperaci\u00f3n de los pa\u00edses. Dentro de la tem\u00e1tica est\u00e1 la influencia perniciosa de China en la regi\u00f3n y c\u00f3mo contenerla, creo que el mensaje com\u00fan ser\u00e1 sobre migraci\u00f3n y China, aunque los temas de conversaci\u00f3n por separado abordar\u00e1n las circunstancias espec\u00edficas de cada pa\u00eds\u201d, puntualiz\u00f3.<\/p>\n\n\n\n<h3 class=\"wp-block-heading\">Disputa de titanes<\/h3>\n\n\n\n<p>El abogado paname\u00f1o, Alonso Illueca, experto en Relaciones Internacionales dijo a la&nbsp;<em><strong>VOA<\/strong><\/em>&nbsp;que si bien no hay completa claridad sobre los objetivos de la visita del secretario Rubio, esta llega en medio de \u201cincertidumbre\u201d por las que considera \u201camenazas en contra de la integridad territorial por parte de uno los aliados m\u00e1s antiguos\u201d de Panam\u00e1.<\/p>\n\n\n\n<p>Pero consider\u00f3 que la visita ayudar\u00e1 a despejar dudas en el pueblo paname\u00f1o sobre las intenciones reales manifestadas por el presidente Trump de \u201crecuperar\u201d el canal.<\/p>\n\n\n\n<p>Aunque los paneme\u00f1os seguir\u00e1n muy de cerca otro acontecimiento en Washington, \u2013dijo-, el 28 de enero el Comit\u00e9 de Comercio, Ciencia y Transporte del Senado estadounidense&nbsp;<strong><em><a href=\"https:\/\/www.congress.gov\/event\/119th-congress\/senate-event\/336559\" target=\"_blank\" rel=\"noreferrer noopener\">sostendr\u00e1 una audiencia sobre<\/a><\/em><\/strong>&nbsp;\u201cTarifas e influencia extranjera: examinando el Canal de Panam\u00e1 y su impacto en el comercio y la seguridad nacional de Estados Unidos\u201d, que ser\u00e1 muy determinante.<\/p>\n\n\n\n<p><a href=\"https:\/\/www.vozdeamerica.com\/a\/onu-panama-recuerda-trump-no-debe-amenazar-uso-fuerza-\/7945196.html\"><\/a><\/p>\n\n\n\n<p><a href=\"https:\/\/www.vozdeamerica.com\/a\/onu-panama-recuerda-trump-no-debe-amenazar-uso-fuerza-\/7945196.html\">Tambi\u00e9n lea<\/a><\/p>\n\n\n\n<h4 class=\"wp-block-heading\"><a href=\"https:\/\/www.vozdeamerica.com\/a\/onu-panama-recuerda-trump-no-debe-amenazar-uso-fuerza-\/7945196.html\">En la ONU, Panam\u00e1 recuerda a Trump que no debe amenazar con el uso de la fuerza<\/a><\/h4>\n\n\n\n<p>No obstante para Illueca es muy claro que el \u201cchoque\u201d de EEUU con Panam\u00e1 por el tema del canal se debe enmarcar dentro de un conflicto geopol\u00edtico con China de \u201corden militar\u201d, donde el pa\u00eds centroamericano y sus vecinos entran en el tablero de juego cuando el derecho internacional se est\u00e1 sustituyendo por la \u201cpol\u00edtica de fuerzas\u201d.<\/p>\n\n\n\n<p>\u201cEl principal error que cometemos los pa\u00edses que creen en el orden internacional, los pa\u00edses que creen en el derecho internacional es descalificar al presidente Trump como un actor irracional, pero es muy racional, actualmente con sus amenazas de tarifas, de sanciones e incluso no descartar el uso de la fuerza. \u00c9l est\u00e1 buscando un objetivo estrat\u00e9gico, no solamente en contra de Panam\u00e1, sino tambi\u00e9n en contra de Groenlandia\u201d, agreg\u00f3.<\/p>\n\n\n\n<p>Y dijo que en su pa\u00eds no hay un pensamiento estrat\u00e9gico sobre el tema, incluyendo la relaci\u00f3n que ha seguido el pa\u00eds con China, y pone como ejemplo el que no ha hecho el trabajo para hacer que China se adhiera al&nbsp;<strong><em><a href=\"https:\/\/pancanal.com\/wp-content\/uploads\/2021\/10\/acp-plan-ref-tratado.pdf\" target=\"_blank\" rel=\"noreferrer noopener\">\u201cTratado de Neutralidad\u201d<\/a><\/em><\/strong>, al ser el \u00fanico pa\u00eds del Consejo de Seguridad de Naciones Unidas que no lo ha firmado, 40 naciones son parte del acuerdo.<\/p>\n\n\n\n<p>China dijo \u201cha reconocido muy entre l\u00edneas el r\u00e9gimen de neutralidad\u201d en conferencias de prensa y declaraciones conjuntas desde la presidencia del presidente Juan Carlos Varela (2014 \u2013 2017) que entabl\u00f3 relaciones diplom\u00e1ticas con China \u201cpero formalmente no hay nada\u201d.<\/p>\n\n\n\n<p><a href=\"https:\/\/www.vozdeamerica.com\/a\/jefe-canal-panama-dice-china-no-tiene-ninguna-injerencia-\/7933037.html\"><\/a><\/p>\n\n\n\n<p><a href=\"https:\/\/www.vozdeamerica.com\/a\/jefe-canal-panama-dice-china-no-tiene-ninguna-injerencia-\/7933037.html\">Tambi\u00e9n lea<\/a><\/p>\n\n\n\n<h4 class=\"wp-block-heading\"><a href=\"https:\/\/www.vozdeamerica.com\/a\/jefe-canal-panama-dice-china-no-tiene-ninguna-injerencia-\/7933037.html\">El jefe del canal de Panam\u00e1 dice que China no tiene \u00abninguna\u00bb injerencia en la v\u00eda<\/a><\/h4>\n\n\n\n<p>Agreg\u00f3 que Estados Unidos tiene la vista puesta desde hace un tiempo en Panam\u00e1 por la influencia china con dos importantes puertos de entrada y salida del canal, cuya primera concesi\u00f3n surgi\u00f3 en 1997, bajo unos preceptos y un contexto internacional distinto a 2020 cuando se hizo otra segunda concesi\u00f3n por otros 25 a\u00f1os m\u00e1s.<\/p>\n\n\n\n<p>\u201cLa administraci\u00f3n anterior del presidente Laurentino Cortizo (2019 \u2013 2024) decidi\u00f3 renovar por otros 25 a\u00f1os m\u00e1s la concesi\u00f3n de Panam\u00e1 y no hubo discusiones sobre la violaci\u00f3n de China a un tratado firmado con Reino Unido\u00bb luego de que esta le entregara Hong Kong bajo algunos acuerdos.<\/p>\n\n\n\n<h3 class=\"wp-block-heading\">Departamento de Estado ve amplia agenda<\/h3>\n\n\n\n<p>Al confirmar la gira del secretario Rubio por Panam\u00e1 y los otros pa\u00edses de la regi\u00f3n, la portavoz del Departamento de Estado Tammy Bruce, afirm\u00f3 que la gira por Centroam\u00e9rica pone de manifiesto la prioridad con la que la nueva administraci\u00f3n Trump aborda a Latinoam\u00e9rica.<\/p>\n\n\n\n<figure class=\"wp-block-image\"><img decoding=\"async\" src=\"https:\/\/gdb.voanews.com\/f1fe2c81-b1c1-427f-8559-047fed4e05b5_tv_w650_r0.jpg\" alt=\"Gobierno de Trump comienza redadas de inmigrantes irregulares\" title=\"Gobierno de Trump comienza redadas de inmigrantes irregulares\"\/><\/figure>\n\n\n\n<p><video src=\"blob:https:\/\/www.vozdeamerica.com\/cbdb18c6-ae5f-4a41-bdfe-83f82ad3944f\"><\/video><\/p>\n\n\n\n<h5 class=\"wp-block-heading\"><a href=\"https:\/\/www.vozdeamerica.com\/a\/primer-secretario-estado-hispano-marco-rubio-eeuu-inicia-gestion-visita-panama-y-centroamerica\/7949272.html\" target=\"_blank\" rel=\"noreferrer noopener\">Gobierno de Trump comienza redadas de inmigrantes irregulares<\/a><\/h5>\n\n\n\n<p>\u00a0<\/p>\n\n\n\n<ul class=\"wp-block-list\">\n<li><a href=\"https:\/\/facebook.com\/sharer.php?u=https%3a%2f%2fwww.vozdeamerica.com%2fa%2f7949272.html\" target=\"_blank\" rel=\"noreferrer noopener\">Comparta en Facebook<\/a><\/li>\n\n\n\n<li><a href=\"https:\/\/twitter.com\/share?url=https%3a%2f%2fwww.vozdeamerica.com%2fa%2f7949272.html&amp;text=Gobierno+de+Trump+comienza+redadas+de+inmigrantes+irregulares\" target=\"_blank\" rel=\"noreferrer noopener\">Comparta en Twitter<\/a><\/li>\n<\/ul>\n\n\n\n<hr class=\"wp-block-separator has-alpha-channel-opacity\"\/>\n\n\n\n<p><a href=\"https:\/\/www.vozdeamerica.com\/embed\/player\/Article\/7949272.html?type=video&amp;FullScreenMode=True\" target=\"_blank\" rel=\"noreferrer noopener\"><\/a><\/p>\n\n\n\n<p>&nbsp;Descargar&nbsp;<\/p>\n\n\n\n<p>As\u00ed la visita de Rubio al continente -en su primer viaje al exterior- muestra que EEUU no est\u00e1 ante una pol\u00edtica aislacionista sino \u201clo contrario\u201d, dijo, y que la gesti\u00f3n de Trump \u00abest\u00e1 dando prioridad a la regi\u00f3n porque es donde vivimos\u201d, y que contrario a otras administraciones \u201cno seguiremos ignorando la regi\u00f3n\u201d.<\/p>\n\n\n\n<p>Para la diplomacia estadounidense, el primer viaje del secretario Rubio en su segunda semana de asumir las riendas del Departamento de Estado \u00abes una muestra de la seriedad con la que se lo toma, de lo que va a significar en lo que respecta a sus programas y de c\u00f3mo se relaciona con su compromiso con esta naci\u00f3n, de abordar los temas que le importan y, sin duda, los temas de la agenda de Trump\u00bb, explic\u00f3 Bruce a la prensa.<\/p>\n","protected":false},"excerpt":{"rendered":"<p>El Secretario de Estado de Estados Unidos, Marco Rubio, a su llegada al Departamento de Estado en Washington, el 21 de enero de 2025 para asumir el cargo. enero 25, 2025 &nbsp;Vea comentarios Panam\u00e1 se alista para recibir al secretario de Estado, Marco Rubio, en medio de tensi\u00f3n tras los dichos del presidente Trump sobre [&hellip;]<\/p>\n","protected":false},"author":28,"featured_media":591280,"comment_status":"closed","ping_status":"closed","sticky":true,"template":"","format":"standard","meta":{"footnotes":""},"categories":[36,23,27],"tags":[],"class_list":["post-591279","post","type-post","status-publish","format-standard","has-post-thumbnail","hentry","category-hombresmujeresycosas","category-internacional","category-portada"],"_links":{"self":[{"href":"https:\/\/diariodominicano.com\/index.php?rest_route=\/wp\/v2\/posts\/591279","targetHints":{"allow":["GET"]}}],"collection":[{"href":"https:\/\/diariodominicano.com\/index.php?rest_route=\/wp\/v2\/posts"}],"about":[{"href":"https:\/\/diariodominicano.com\/index.php?rest_route=\/wp\/v2\/types\/post"}],"author":[{"embeddable":true,"href":"https:\/\/diariodominicano.com\/index.php?rest_route=\/wp\/v2\/users\/28"}],"replies":[{"embeddable":true,"href":"https:\/\/diariodominicano.com\/index.php?rest_route=%2Fwp%2Fv2%2Fcomments&post=591279"}],"version-history":[{"count":3,"href":"https:\/\/diariodominicano.com\/index.php?rest_route=\/wp\/v2\/posts\/591279\/revisions"}],"predecessor-version":[{"id":591284,"href":"https:\/\/diariodominicano.com\/index.php?rest_route=\/wp\/v2\/posts\/591279\/revisions\/591284"}],"wp:featuredmedia":[{"embeddable":true,"href":"https:\/\/diariodominicano.com\/index.php?rest_route=\/wp\/v2\/media\/591280"}],"wp:attachment":[{"href":"https:\/\/diariodominicano.com\/index.php?rest_route=%2Fwp%2Fv2%2Fmedia&parent=591279"}],"wp:term":[{"taxonomy":"category","embeddable":true,"href":"https:\/\/diariodominicano.com\/index.php?rest_route=%2Fwp%2Fv2%2Fcategories&post=591279"},{"taxonomy":"post_tag","embeddable":true,"href":"https:\/\/diariodominicano.com\/index.php?rest_route=%2Fwp%2Fv2%2Ftags&post=591279"}],"curies":[{"name":"wp","href":"https:\/\/api.w.org\/{rel}","templated":true}]}}