{"id":591221,"date":"2025-01-25T14:49:53","date_gmt":"2025-01-25T18:49:53","guid":{"rendered":"https:\/\/diariodominicano.com\/?p=591221"},"modified":"2025-01-25T14:49:56","modified_gmt":"2025-01-25T18:49:56","slug":"colombia-concede-extradicion-de-samil-abad-de-la-rosa-a-la-republica-dominicana","status":"publish","type":"post","link":"https:\/\/diariodominicano.com\/?p=591221","title":{"rendered":"Colombia concede extradici\u00f3n de Samil Abad de la Rosa a la Rep\u00fablica Dominicana"},"content":{"rendered":"\n<p><em><u>El Ministerio P\u00fablico le acusa de incurrir en estafa, asociaci\u00f3n de malhechores y lavado de activos<\/u><\/em> <\/p>\n\n\n\n<p><strong>SANTO DOMINGO (Rep\u00fablica Dominicana).-<\/strong>&nbsp;Al acoger una petici\u00f3n de las autoridades de Rep\u00fablica Dominicana, la Rep\u00fablica de Colombia concedi\u00f3 la extradici\u00f3n de Samil Jose Abad de la Rosa, quien ser\u00e1 procesado por estafa, asociaci\u00f3n de malhechores y lavado de activos.<\/p>\n\n\n\n<p>Abad de la Rosa fue arrestado por las autoridades colombianas el 4 de marzo del pasado a\u00f1o 2024, en virtud de una orden internacional de arresto.<\/p>\n\n\n\n<p>El \u00f3rgano persecutor del delito le acusa, de que, en el periodo comprendido entre julio 2021 y diciembre 2022, conjuntamente con otros coimputados, estaf\u00f3 a las v\u00edctimas, haci\u00e9ndose entregar la suma de dos millones cuatrocientos noventa y tres mil d\u00f3lares con novecientos treinta y tres d\u00f3lares (US$ 2,493,933.00) y siete millones doscientos cincuenta mil quinientos pesos (RD$7,250,500.00), todo esto sin contar con la debida autorizaci\u00f3n de la Superintendencia del Mercado de Valores de la Rep\u00fablica Dominicana.<\/p>\n\n\n\n<p>Los integrantes de la organizaci\u00f3n criminal conminaban a las v\u00edctimas, a los fines de que estos formaran parte de la Cooperativa de Ahorros, Cr\u00e9dito y Servicio M\u00faltiples Digital Dominicana (DIGICOOP), INC., estableci\u00e9ndoles que si no lo hac\u00edan no pod\u00edan continuar invirtiendo en la sociedad HDLS Digital Kindom Investment Group S.R.L.<\/p>\n\n\n\n<p>El requerido y sus socios utilizaban la plataforma Digital Kingdom Group, en la que las v\u00edctimas obten\u00edan un usuario que les permit\u00eda verificar las inversiones que realizaban mediante criptomonedas, modalidad que formaba parte del entramado utilizado para estafarlas a trav\u00e9s de medios digitales.<\/p>\n\n\n\n<p>El inter\u00e9s anual por pagar podr\u00eda alcanzar hasta doscientos cuatro por ciento (204%), equivalente a un inter\u00e9s mensual de hasta un diecisiete por ciento (17%).<\/p>\n\n\n\n<p>La Direcci\u00f3n de Cooperaci\u00f3n Jur\u00eddica Internacional y Derechos Humanos, conjuntamente con la&nbsp; Fiscal\u00eda del Distrito Nacional, realiz\u00f3 las actuaciones previstas en la Convenci\u00f3n sobre Extradici\u00f3n suscrita en la S\u00e9ptima Conferencia Internacional Americana, celebrada en Montevideo, Uruguay, en fecha 26 de diciembre de 1933, para lograr la extradici\u00f3n de dicho ciudadano dominicano, quien ser\u00e1 trasladado la pr\u00f3xima semana al pa\u00eds, bajo custodia de agentes de la Oficina Central de Interpol-Santo Domingo.<\/p>\n\n\n\n<p><strong>Direcci\u00f3n General de Comunicaci\u00f3n, Prensa, y RRPP<\/strong><strong><\/strong><\/p>\n\n\n\n<p>Ministerio P\u00fablico.&nbsp;R.D.<\/p>\n","protected":false},"excerpt":{"rendered":"<p>El Ministerio P\u00fablico le acusa de incurrir en estafa, asociaci\u00f3n de malhechores y lavado de activos SANTO DOMINGO (Rep\u00fablica Dominicana).-&nbsp;Al acoger una petici\u00f3n de las autoridades de Rep\u00fablica Dominicana, la Rep\u00fablica de Colombia concedi\u00f3 la extradici\u00f3n de Samil Jose Abad de la Rosa, quien ser\u00e1 procesado por estafa, asociaci\u00f3n de malhechores y lavado de activos. [&hellip;]<\/p>\n","protected":false},"author":7,"featured_media":501160,"comment_status":"closed","ping_status":"closed","sticky":false,"template":"","format":"standard","meta":{"footnotes":""},"categories":[24],"tags":[171],"class_list":["post-591221","post","type-post","status-publish","format-standard","has-post-thumbnail","hentry","category-justicia-y-derecho","tag-ministerio-publico"],"_links":{"self":[{"href":"https:\/\/diariodominicano.com\/index.php?rest_route=\/wp\/v2\/posts\/591221","targetHints":{"allow":["GET"]}}],"collection":[{"href":"https:\/\/diariodominicano.com\/index.php?rest_route=\/wp\/v2\/posts"}],"about":[{"href":"https:\/\/diariodominicano.com\/index.php?rest_route=\/wp\/v2\/types\/post"}],"author":[{"embeddable":true,"href":"https:\/\/diariodominicano.com\/index.php?rest_route=\/wp\/v2\/users\/7"}],"replies":[{"embeddable":true,"href":"https:\/\/diariodominicano.com\/index.php?rest_route=%2Fwp%2Fv2%2Fcomments&post=591221"}],"version-history":[{"count":1,"href":"https:\/\/diariodominicano.com\/index.php?rest_route=\/wp\/v2\/posts\/591221\/revisions"}],"predecessor-version":[{"id":591227,"href":"https:\/\/diariodominicano.com\/index.php?rest_route=\/wp\/v2\/posts\/591221\/revisions\/591227"}],"wp:featuredmedia":[{"embeddable":true,"href":"https:\/\/diariodominicano.com\/index.php?rest_route=\/wp\/v2\/media\/501160"}],"wp:attachment":[{"href":"https:\/\/diariodominicano.com\/index.php?rest_route=%2Fwp%2Fv2%2Fmedia&parent=591221"}],"wp:term":[{"taxonomy":"category","embeddable":true,"href":"https:\/\/diariodominicano.com\/index.php?rest_route=%2Fwp%2Fv2%2Fcategories&post=591221"},{"taxonomy":"post_tag","embeddable":true,"href":"https:\/\/diariodominicano.com\/index.php?rest_route=%2Fwp%2Fv2%2Ftags&post=591221"}],"curies":[{"name":"wp","href":"https:\/\/api.w.org\/{rel}","templated":true}]}}