{"id":591178,"date":"2025-01-25T00:07:04","date_gmt":"2025-01-25T04:07:04","guid":{"rendered":"https:\/\/diariodominicano.com\/?p=591178"},"modified":"2025-01-25T08:39:49","modified_gmt":"2025-01-25T12:39:49","slug":"sector-privado-destaca-avances-y-transparencia-en-aduanas-mejoran-clima-empresarial","status":"publish","type":"post","link":"https:\/\/diariodominicano.com\/?p=591178","title":{"rendered":"La Direcci\u00f3n General de Aduanas reconoce a empresas del sector privado, instituciones y colaboradores por su buen comportamiento"},"content":{"rendered":"\n<p><strong>Empresas privadas, instituciones y colaboradores de Aduanas destacados fueron reconocidos durante el D\u00eda Internacional de las Aduanas.<\/strong><\/p>\n\n\n\n<p><strong>Santo Domingo, RD<\/strong>. \u2013 La Direcci\u00f3n General de Aduanas (DGA), reconoci\u00f3 a empresas del sector privado, instituciones y colaboradores de la entidad por su buen comportamiento, por motivo del D\u00eda Internacional de las Aduanas, con el auspicio de la Organizaci\u00f3n Mundial de las Aduanas (OMA).&nbsp;<\/p>\n\n\n\n<p>El director general de Aduanas, Eduardo Sanz Lovat\u00f3n, detall\u00f3 los principales avances logrados durante su gesti\u00f3n, como la reducci\u00f3n del tiempo promedio de despacho, el cual pas\u00f3 de casi nueve d\u00edas a menos de 48 horas actualmente.&nbsp;<\/p>\n\n\n\n<figure class=\"wp-block-gallery has-nested-images columns-default is-cropped wp-block-gallery-1 is-layout-flex wp-block-gallery-is-layout-flex\">\n<figure class=\"wp-block-image size-large\"><img loading=\"lazy\" decoding=\"async\" width=\"1024\" height=\"683\" data-id=\"591182\" src=\"https:\/\/diariodominicano.com\/wp-content\/uploads\/2025\/01\/Parte-de-las-empresas-privadas-e-instituciones-que-fueron-reconocidas-por-la-DGA-1024x683.jpg\" alt=\"\" class=\"wp-image-591182\" srcset=\"https:\/\/diariodominicano.com\/wp-content\/uploads\/2025\/01\/Parte-de-las-empresas-privadas-e-instituciones-que-fueron-reconocidas-por-la-DGA-1024x683.jpg 1024w, https:\/\/diariodominicano.com\/wp-content\/uploads\/2025\/01\/Parte-de-las-empresas-privadas-e-instituciones-que-fueron-reconocidas-por-la-DGA-300x200.jpg 300w, https:\/\/diariodominicano.com\/wp-content\/uploads\/2025\/01\/Parte-de-las-empresas-privadas-e-instituciones-que-fueron-reconocidas-por-la-DGA-768x512.jpg 768w, https:\/\/diariodominicano.com\/wp-content\/uploads\/2025\/01\/Parte-de-las-empresas-privadas-e-instituciones-que-fueron-reconocidas-por-la-DGA-1536x1024.jpg 1536w, https:\/\/diariodominicano.com\/wp-content\/uploads\/2025\/01\/Parte-de-las-empresas-privadas-e-instituciones-que-fueron-reconocidas-por-la-DGA-2048x1365.jpg 2048w, https:\/\/diariodominicano.com\/wp-content\/uploads\/2025\/01\/Parte-de-las-empresas-privadas-e-instituciones-que-fueron-reconocidas-por-la-DGA-816x544.jpg 816w\" sizes=\"auto, (max-width: 1024px) 100vw, 1024px\" \/><figcaption class=\"wp-element-caption\">Parte de las empresas privadas e instituciones que fueron reconocidas por la DGA <\/figcaption><\/figure>\n<\/figure>\n\n\n\n<p>Igualmente, mencion\u00f3 el programa Despacho en 24 Horas, a trav\u00e9s del cual se han despachado ya m\u00e1s de 80 mil contenedores, logrando ahorros en costos administrativos por m\u00e1s de RD$3,000 millones en los tres a\u00f1os que lleva implement\u00e1ndose esta iniciativa, y por la cual la DGA ha sido invitada como ejemplo a pa\u00edses como Hungr\u00eda, Brasil y Honduras.\u00a0<\/p>\n\n\n\n<figure class=\"wp-block-gallery has-nested-images columns-default is-cropped wp-block-gallery-2 is-layout-flex wp-block-gallery-is-layout-flex\">\n<figure class=\"wp-block-image size-large\"><img loading=\"lazy\" decoding=\"async\" width=\"1024\" height=\"683\" data-id=\"591180\" src=\"https:\/\/diariodominicano.com\/wp-content\/uploads\/2025\/01\/Jose-Antonio-Najri-tuvo-a-su-cargo-las-palabras-de-agradecimiento-1024x683.jpg\" alt=\"\" class=\"wp-image-591180\" srcset=\"https:\/\/diariodominicano.com\/wp-content\/uploads\/2025\/01\/Jose-Antonio-Najri-tuvo-a-su-cargo-las-palabras-de-agradecimiento-1024x683.jpg 1024w, https:\/\/diariodominicano.com\/wp-content\/uploads\/2025\/01\/Jose-Antonio-Najri-tuvo-a-su-cargo-las-palabras-de-agradecimiento-300x200.jpg 300w, https:\/\/diariodominicano.com\/wp-content\/uploads\/2025\/01\/Jose-Antonio-Najri-tuvo-a-su-cargo-las-palabras-de-agradecimiento-768x512.jpg 768w, https:\/\/diariodominicano.com\/wp-content\/uploads\/2025\/01\/Jose-Antonio-Najri-tuvo-a-su-cargo-las-palabras-de-agradecimiento-1536x1024.jpg 1536w, https:\/\/diariodominicano.com\/wp-content\/uploads\/2025\/01\/Jose-Antonio-Najri-tuvo-a-su-cargo-las-palabras-de-agradecimiento-2048x1365.jpg 2048w, https:\/\/diariodominicano.com\/wp-content\/uploads\/2025\/01\/Jose-Antonio-Najri-tuvo-a-su-cargo-las-palabras-de-agradecimiento-816x544.jpg 816w\" sizes=\"auto, (max-width: 1024px) 100vw, 1024px\" \/><figcaption class=\"wp-element-caption\">Jos\u00e9 Antonio Najri tuvo a su cargo las palabras de agradecimiento <\/figcaption><\/figure>\n<\/figure>\n\n\n\n<p>\u201cEsto significa eficiencia y competitividad\u201d, puntualiz\u00f3 Sanz Lovat\u00f3n.&nbsp;<\/p>\n\n\n\n<p>En tanto que Jos\u00e9 Antonio Najri, presidente de Delta S.A, en representaci\u00f3n del sector privado, destac\u00f3 que los avances que ha logrado la DGA, se han traducido en operaciones comerciales m\u00e1s eficientes y transparentes.&nbsp;<\/p>\n\n\n\n<p>\u201cLos pasos tan importantes que ha dado, en su mejoramiento y su eficiencia, han contribuido a un nuevo clima empresarial en la Rep\u00fablica Dominicana, hoy en el D\u00eda Mundial de las Aduanas, aplaudimos a su se\u00f1or director y a todos ustedes, que hacen cada d\u00eda que nuestras empresas puedan funcionar con mayor fluidez, mayor transparencia y mayor eficiencia\u201d, explic\u00f3 el se\u00f1or Najri.&nbsp;<\/p>\n\n\n\n<p>Este a\u00f1o la OMA ha otorgado el lema \u201cUna Aduana que materializa sus compromisos referidos a la eficacia, la seguridad y la prosperidad\u201d, el cual servir\u00e1 de directriz general para todas las Aduanas miembros del organismo.\u00a0<\/p>\n\n\n\n<figure class=\"wp-block-gallery has-nested-images columns-default is-cropped wp-block-gallery-3 is-layout-flex wp-block-gallery-is-layout-flex\">\n<figure class=\"wp-block-image size-large\"><img loading=\"lazy\" decoding=\"async\" width=\"1024\" height=\"692\" data-id=\"591179\" src=\"https:\/\/diariodominicano.com\/wp-content\/uploads\/2025\/01\/Colaboradores-de-la-institucion-que-fueron-reconocidos-por-su-buen-desempeno-dentro-de-Aduanas-1024x692.jpg\" alt=\"\" class=\"wp-image-591179\" srcset=\"https:\/\/diariodominicano.com\/wp-content\/uploads\/2025\/01\/Colaboradores-de-la-institucion-que-fueron-reconocidos-por-su-buen-desempeno-dentro-de-Aduanas-1024x692.jpg 1024w, https:\/\/diariodominicano.com\/wp-content\/uploads\/2025\/01\/Colaboradores-de-la-institucion-que-fueron-reconocidos-por-su-buen-desempeno-dentro-de-Aduanas-300x203.jpg 300w, https:\/\/diariodominicano.com\/wp-content\/uploads\/2025\/01\/Colaboradores-de-la-institucion-que-fueron-reconocidos-por-su-buen-desempeno-dentro-de-Aduanas-768x519.jpg 768w, https:\/\/diariodominicano.com\/wp-content\/uploads\/2025\/01\/Colaboradores-de-la-institucion-que-fueron-reconocidos-por-su-buen-desempeno-dentro-de-Aduanas-1536x1039.jpg 1536w, https:\/\/diariodominicano.com\/wp-content\/uploads\/2025\/01\/Colaboradores-de-la-institucion-que-fueron-reconocidos-por-su-buen-desempeno-dentro-de-Aduanas-2048x1385.jpg 2048w, https:\/\/diariodominicano.com\/wp-content\/uploads\/2025\/01\/Colaboradores-de-la-institucion-que-fueron-reconocidos-por-su-buen-desempeno-dentro-de-Aduanas-816x552.jpg 816w\" sizes=\"auto, (max-width: 1024px) 100vw, 1024px\" \/><figcaption class=\"wp-element-caption\">Colaboradores de la instituci\u00f3n que fueron reconocidos por su buen desempe\u00f1o dentro de Aduanas <\/figcaption><\/figure>\n<\/figure>\n\n\n\n<p>Ian Saunders, secretario general de la OMA, en un mensaje compartido por motivo de la conmemoraci\u00f3n, dijo que se har\u00e1 hincapi\u00e9 en la necesidad de transformar los compromisos en acciones eficaces que propicien la facilitaci\u00f3n del comercio y garanticen la seguridad, al tiempo que fomentan un crecimiento econ\u00f3mico sostenible.&nbsp;<\/p>\n\n\n\n<p>Por su buen comportamiento tributario y comercial le fueron entregados los certificados al M\u00e9rito de la Organizaci\u00f3n Mundial de Aduanas, en el marco del D\u00eda Internacional de las Aduanas a las empresas Delta Comercial, S.A., -Grupo Punta Cana, C\u00e9sar Iglesias, S.A.,&nbsp;&nbsp;<\/p>\n\n\n\n<p>Tambi\u00e9n, recibi\u00f3 reconocimiento al M\u00e9rito de la OMA el Cuerpo Especializado de Seguridad Aeroportuaria y de La Aviaci\u00f3n Civil.&nbsp;<\/p>\n\n\n\n<p><strong>Gerencia de Comunicaciones&nbsp;<\/strong><\/p>\n\n\n\n<p><strong>Yulisa Francisca Matos Cuevas &lt;<\/strong><a href=\"mailto:y.matos@aduanas.gob.do\"><strong>y.matos@aduanas.gob.do<\/strong><\/a><strong>&gt;&nbsp;<\/strong><\/p>\n","protected":false},"excerpt":{"rendered":"<p>Empresas privadas, instituciones y colaboradores de Aduanas destacados fueron reconocidos durante el D\u00eda Internacional de las Aduanas. Santo Domingo, RD. \u2013 La Direcci\u00f3n General de Aduanas (DGA), reconoci\u00f3 a empresas del sector privado, instituciones y colaboradores de la entidad por su buen comportamiento, por motivo del D\u00eda Internacional de las Aduanas, con el auspicio de [&hellip;]<\/p>\n","protected":false},"author":7,"featured_media":591183,"comment_status":"closed","ping_status":"closed","sticky":true,"template":"","format":"standard","meta":{"footnotes":""},"categories":[36,18],"tags":[1504],"class_list":["post-591178","post","type-post","status-publish","format-standard","has-post-thumbnail","hentry","category-hombresmujeresycosas","category-economia","tag-direccion-general-de-aduanas-dga"],"_links":{"self":[{"href":"https:\/\/diariodominicano.com\/index.php?rest_route=\/wp\/v2\/posts\/591178","targetHints":{"allow":["GET"]}}],"collection":[{"href":"https:\/\/diariodominicano.com\/index.php?rest_route=\/wp\/v2\/posts"}],"about":[{"href":"https:\/\/diariodominicano.com\/index.php?rest_route=\/wp\/v2\/types\/post"}],"author":[{"embeddable":true,"href":"https:\/\/diariodominicano.com\/index.php?rest_route=\/wp\/v2\/users\/7"}],"replies":[{"embeddable":true,"href":"https:\/\/diariodominicano.com\/index.php?rest_route=%2Fwp%2Fv2%2Fcomments&post=591178"}],"version-history":[{"count":3,"href":"https:\/\/diariodominicano.com\/index.php?rest_route=\/wp\/v2\/posts\/591178\/revisions"}],"predecessor-version":[{"id":591211,"href":"https:\/\/diariodominicano.com\/index.php?rest_route=\/wp\/v2\/posts\/591178\/revisions\/591211"}],"wp:featuredmedia":[{"embeddable":true,"href":"https:\/\/diariodominicano.com\/index.php?rest_route=\/wp\/v2\/media\/591183"}],"wp:attachment":[{"href":"https:\/\/diariodominicano.com\/index.php?rest_route=%2Fwp%2Fv2%2Fmedia&parent=591178"}],"wp:term":[{"taxonomy":"category","embeddable":true,"href":"https:\/\/diariodominicano.com\/index.php?rest_route=%2Fwp%2Fv2%2Fcategories&post=591178"},{"taxonomy":"post_tag","embeddable":true,"href":"https:\/\/diariodominicano.com\/index.php?rest_route=%2Fwp%2Fv2%2Ftags&post=591178"}],"curies":[{"name":"wp","href":"https:\/\/api.w.org\/{rel}","templated":true}]}}