{"id":591084,"date":"2025-01-24T20:40:51","date_gmt":"2025-01-25T00:40:51","guid":{"rendered":"https:\/\/diariodominicano.com\/?p=591084"},"modified":"2025-01-24T20:40:53","modified_gmt":"2025-01-25T00:40:53","slug":"seleccion-masculina-u17-rd-aumenta-intensidad-para-clasificatorio-de-concacaf","status":"publish","type":"post","link":"https:\/\/diariodominicano.com\/?p=591084","title":{"rendered":"Selecci\u00f3n masculina U17 RD aumenta Intensidad para Clasificatorio de Concacaf"},"content":{"rendered":"\n<p>SANTO DOMINGO.- La Selecci\u00f3n Nacional Masculina Sub-17 de Rep\u00fablica Dominicana inici\u00f3 su concentraci\u00f3n esta semana y permanecer\u00e1 entrenando hasta el 8 de febrero, cuando viajar\u00e1 a Panam\u00e1 para participar en el Clasificatorio Sub-17 de Concacaf. El equipo, liderado por el director t\u00e9cnico Edward Acevedo, buscar\u00e1 un boleto hacia el pr\u00f3ximo mundial U17 masculino.<\/p>\n\n\n\n<p>Como parte de su preparaci\u00f3n, el conjunto dominicano disputar\u00e1 cuatro partidos amistosos contra equipos de alto nivel como Barca Academy y Cibao FC, entre otros. Estos encuentros servir\u00e1n para afinar detalles t\u00e1cticos y fortalecer la cohesi\u00f3n del equipo antes de los compromisos oficiales.<\/p>\n\n\n\n<p>Las pr\u00e1cticas del equipo criollo se realizan en el Complejo del CA Pantoja y pronto se mover\u00e1n al Parque del Este.<\/p>\n\n\n\n<p>Rep\u00fablica Dominicana competir\u00e1 en el Grupo G del clasificatorio de Concacaf, donde se enfrentar\u00e1 a las selecciones de Panam\u00e1, Granada y Aruba, todos estos partidos se jugar\u00e1n en el Estadio Rommel Fern\u00e1ndez. Este grupo presenta un desaf\u00edo importante, pero tambi\u00e9n una gran oportunidad para demostrar el talento y el progreso del equipo dominicano.<\/p>\n\n\n\n<p>Partidos del Concacaf Sub-17 Qualifier:<\/p>\n\n\n\n<p>Lunes 10 de febrero: Dominicana vs. Aruba &#8211; 5:00 p.m. (hora dominicana) \u2013 Estadio Rommel Fern\u00e1ndez<\/p>\n\n\n\n<p>Mi\u00e9rcoles 12 de febrero: Granada vs. Dominicana &#8211; 5:00 p.m. (hora dominicana) Estadio Rommel Fern\u00e1ndez<\/p>\n\n\n\n<p>S\u00e1bado 15 de febrero: Panam\u00e1 vs. Dominicana &#8211; 8:00 p.m. (hora dominicana) Estadio Rommel Fern\u00e1ndez<\/p>\n\n\n\n<p>El director t\u00e9cnico Edward Acevedo resalt\u00f3 el trabajo realizado en esta convocatoria, que incluye nuevos talentos que no hab\u00edan tenido la oportunidad de representar a la selecci\u00f3n. Acevedo subray\u00f3 que la clave del \u00e9xito radica en la concentraci\u00f3n y en un equipo bien estructurado, destacando que se est\u00e1n enfocando especialmente en mejorar la finalizaci\u00f3n de las jugadas ofensivas.<\/p>\n\n\n\n<p>Estos j\u00f3venes futbolistas no solo llevan el orgullo de representar a Rep\u00fablica Dominicana, sino tambi\u00e9n la esperanza de seguir elevando el nivel del f\u00fatbol nacional.<\/p>\n\n\n\n<p>Fedofutbol Prensa <a href=\"mailto:fedofutbolprensa2019@gmail.com\">fedofutbolprensa2019@gmail.com<\/a><\/p>\n","protected":false},"excerpt":{"rendered":"<p>SANTO DOMINGO.- La Selecci\u00f3n Nacional Masculina Sub-17 de Rep\u00fablica Dominicana inici\u00f3 su concentraci\u00f3n esta semana y permanecer\u00e1 entrenando hasta el 8 de febrero, cuando viajar\u00e1 a Panam\u00e1 para participar en el Clasificatorio Sub-17 de Concacaf. El equipo, liderado por el director t\u00e9cnico Edward Acevedo, buscar\u00e1 un boleto hacia el pr\u00f3ximo mundial U17 masculino. Como parte [&hellip;]<\/p>\n","protected":false},"author":7,"featured_media":591092,"comment_status":"closed","ping_status":"closed","sticky":false,"template":"","format":"standard","meta":{"footnotes":""},"categories":[17],"tags":[451,1501],"class_list":["post-591084","post","type-post","status-publish","format-standard","has-post-thumbnail","hentry","category-deportes","tag-concacaf","tag-u17-rd"],"_links":{"self":[{"href":"https:\/\/diariodominicano.com\/index.php?rest_route=\/wp\/v2\/posts\/591084","targetHints":{"allow":["GET"]}}],"collection":[{"href":"https:\/\/diariodominicano.com\/index.php?rest_route=\/wp\/v2\/posts"}],"about":[{"href":"https:\/\/diariodominicano.com\/index.php?rest_route=\/wp\/v2\/types\/post"}],"author":[{"embeddable":true,"href":"https:\/\/diariodominicano.com\/index.php?rest_route=\/wp\/v2\/users\/7"}],"replies":[{"embeddable":true,"href":"https:\/\/diariodominicano.com\/index.php?rest_route=%2Fwp%2Fv2%2Fcomments&post=591084"}],"version-history":[{"count":1,"href":"https:\/\/diariodominicano.com\/index.php?rest_route=\/wp\/v2\/posts\/591084\/revisions"}],"predecessor-version":[{"id":591093,"href":"https:\/\/diariodominicano.com\/index.php?rest_route=\/wp\/v2\/posts\/591084\/revisions\/591093"}],"wp:featuredmedia":[{"embeddable":true,"href":"https:\/\/diariodominicano.com\/index.php?rest_route=\/wp\/v2\/media\/591092"}],"wp:attachment":[{"href":"https:\/\/diariodominicano.com\/index.php?rest_route=%2Fwp%2Fv2%2Fmedia&parent=591084"}],"wp:term":[{"taxonomy":"category","embeddable":true,"href":"https:\/\/diariodominicano.com\/index.php?rest_route=%2Fwp%2Fv2%2Fcategories&post=591084"},{"taxonomy":"post_tag","embeddable":true,"href":"https:\/\/diariodominicano.com\/index.php?rest_route=%2Fwp%2Fv2%2Ftags&post=591084"}],"curies":[{"name":"wp","href":"https:\/\/api.w.org\/{rel}","templated":true}]}}