{"id":591024,"date":"2025-01-24T18:31:35","date_gmt":"2025-01-24T22:31:35","guid":{"rendered":"https:\/\/diariodominicano.com\/?p=591024"},"modified":"2025-01-24T18:39:31","modified_gmt":"2025-01-24T22:39:31","slug":"gabinete-de-politica-social-y-ayuntamiento-de-santo-domingo-este-firman-acuerdo-para-apoyar-a-jovenes-vulnerables","status":"publish","type":"post","link":"https:\/\/diariodominicano.com\/?p=591024","title":{"rendered":"Gabinete de Pol\u00edtica Social y Ayuntamiento de Santo Domingo Este firman acuerdo para apoyar a j\u00f3venes vulnerables"},"content":{"rendered":"\n<p><strong>Santo Domingo, Rep\u00fablica Dominicana. 23 de enero, 2025<\/strong>. En un esfuerzo conjunto por mejorar las condiciones de vida de la juventud en situaci\u00f3n de vulnerabilidad, el Gabinete de Pol\u00edtica Social y el Ayuntamiento de Santo Domingo Este (ASDE), firmaron un acuerdo de colaboraci\u00f3n Interinstitucional con el objetivo de impulsar la inclusi\u00f3n socioecon\u00f3mica de los j\u00f3venes de la provincia, a trav\u00e9s del Programa de Oportunidad 14-24.<\/p>\n\n\n\n<figure class=\"wp-block-gallery has-nested-images columns-default is-cropped wp-block-gallery-1 is-layout-flex wp-block-gallery-is-layout-flex\">\n<figure class=\"wp-block-image size-large\"><img loading=\"lazy\" decoding=\"async\" width=\"1024\" height=\"683\" data-id=\"591043\" src=\"https:\/\/diariodominicano.com\/wp-content\/uploads\/2025\/01\/Gabinete-de-Politica-Social-y-Ayuntamiento-de-SDE-firman-acuerdo-para-apoyar-a-jovenes-vulnerables-1024x683.jpg\" alt=\"\" class=\"wp-image-591043\" srcset=\"https:\/\/diariodominicano.com\/wp-content\/uploads\/2025\/01\/Gabinete-de-Politica-Social-y-Ayuntamiento-de-SDE-firman-acuerdo-para-apoyar-a-jovenes-vulnerables-1024x683.jpg 1024w, https:\/\/diariodominicano.com\/wp-content\/uploads\/2025\/01\/Gabinete-de-Politica-Social-y-Ayuntamiento-de-SDE-firman-acuerdo-para-apoyar-a-jovenes-vulnerables-300x200.jpg 300w, https:\/\/diariodominicano.com\/wp-content\/uploads\/2025\/01\/Gabinete-de-Politica-Social-y-Ayuntamiento-de-SDE-firman-acuerdo-para-apoyar-a-jovenes-vulnerables-768x512.jpg 768w, https:\/\/diariodominicano.com\/wp-content\/uploads\/2025\/01\/Gabinete-de-Politica-Social-y-Ayuntamiento-de-SDE-firman-acuerdo-para-apoyar-a-jovenes-vulnerables-816x544.jpg 816w, https:\/\/diariodominicano.com\/wp-content\/uploads\/2025\/01\/Gabinete-de-Politica-Social-y-Ayuntamiento-de-SDE-firman-acuerdo-para-apoyar-a-jovenes-vulnerables.jpg 1429w\" sizes=\"auto, (max-width: 1024px) 100vw, 1024px\" \/><\/figure>\n<\/figure>\n\n\n\n<p>Durante la firma del acuerdo, Tony Pe\u00f1a, coordinador del Gabinete de Pol\u00edtica Social, destac\u00f3 que esta alianza se fundamenta en el art\u00edculo 61 de la Constituci\u00f3n, que establece la responsabilidad del Estado de garantizar los derechos econ\u00f3micos y sociales de las poblaciones m\u00e1s desfavorecidas.&nbsp;<\/p>\n\n\n\n<p>\u201cEn Oportunidad 14-24 trabajamos con una poblaci\u00f3n meta que en Rep\u00fablica Dominicana ning\u00fan gobierno hab\u00eda hablado sobre ella, los famosos \u00b4ninis\u00b4, j\u00f3venes que \u00abni estudian, ni trabajan\u00bb\u201d.\u00a0<\/p>\n\n\n\n<figure class=\"wp-block-gallery has-nested-images columns-default is-cropped wp-block-gallery-2 is-layout-flex wp-block-gallery-is-layout-flex\">\n<figure class=\"wp-block-image size-large\"><img loading=\"lazy\" decoding=\"async\" width=\"1024\" height=\"683\" data-id=\"591042\" src=\"https:\/\/diariodominicano.com\/wp-content\/uploads\/2025\/01\/Gabinete-de-Politica-Social-y-Ayuntamiento-Santo-Domingo-Este-firman-acuerdo-para-apoyar-a-jovenes-vulnerables-1024x683.jpg\" alt=\"\" class=\"wp-image-591042\" srcset=\"https:\/\/diariodominicano.com\/wp-content\/uploads\/2025\/01\/Gabinete-de-Politica-Social-y-Ayuntamiento-Santo-Domingo-Este-firman-acuerdo-para-apoyar-a-jovenes-vulnerables-1024x683.jpg 1024w, https:\/\/diariodominicano.com\/wp-content\/uploads\/2025\/01\/Gabinete-de-Politica-Social-y-Ayuntamiento-Santo-Domingo-Este-firman-acuerdo-para-apoyar-a-jovenes-vulnerables-300x200.jpg 300w, https:\/\/diariodominicano.com\/wp-content\/uploads\/2025\/01\/Gabinete-de-Politica-Social-y-Ayuntamiento-Santo-Domingo-Este-firman-acuerdo-para-apoyar-a-jovenes-vulnerables-768x512.jpg 768w, https:\/\/diariodominicano.com\/wp-content\/uploads\/2025\/01\/Gabinete-de-Politica-Social-y-Ayuntamiento-Santo-Domingo-Este-firman-acuerdo-para-apoyar-a-jovenes-vulnerables-1536x1024.jpg 1536w, https:\/\/diariodominicano.com\/wp-content\/uploads\/2025\/01\/Gabinete-de-Politica-Social-y-Ayuntamiento-Santo-Domingo-Este-firman-acuerdo-para-apoyar-a-jovenes-vulnerables-816x544.jpg 816w, https:\/\/diariodominicano.com\/wp-content\/uploads\/2025\/01\/Gabinete-de-Politica-Social-y-Ayuntamiento-Santo-Domingo-Este-firman-acuerdo-para-apoyar-a-jovenes-vulnerables.jpg 1752w\" sizes=\"auto, (max-width: 1024px) 100vw, 1024px\" \/><\/figure>\n<\/figure>\n\n\n\n<p>Pe\u00f1a manifest\u00f3 que, en ocho meses de entrenamiento t\u00e9cnico profesional, los j\u00f3venes podr\u00e1n emprender su propio negocio con apoyo del \u201ccapital semilla\u201d, un beneficio que otorga el programa Oportunidad 14-24 para impulsar el emprendedurismo en los estudiantes.&nbsp;<\/p>\n\n\n\n<p>Por su parte, el alcalde del Ayuntamiento de Santo Domingo Este, Dio Astacio, resalt\u00f3 la importancia de este convenio no solo para fortalecer la colaboraci\u00f3n entre el Gobierno central y las administraciones locales, sino para que a trav\u00e9s de la educaci\u00f3n \u201ccambiar la mentalidad del orientale\u00f1o\u201d.&nbsp;<\/p>\n\n\n\n<p>\u201cNuestra gesti\u00f3n aspira a hacerle un culto a la educaci\u00f3n\u00bb, manifest\u00f3.<\/p>\n\n\n\n<p>\u00abNosotros en tres a\u00f1os habremos formado por encima de los 30,000 ni\u00f1os y eso ser\u00e1 una obra monumental\u201d, dijo Astacio.&nbsp;&nbsp;<\/p>\n\n\n\n<p>Asimismo, Alex Mord\u00e1n, Director del programa \u201cOportunidad 14-24\u201d, manifest\u00f3 que \u201clos cambios sociales se pueden producir en la medida en la que se empodere a la juventud y se empodere a la gente a trav\u00e9s de la educaci\u00f3n y la capacitaci\u00f3n\u201d.<\/p>\n\n\n\n<p>El convenio busca adem\u00e1s coordinar estrategias para garantizar el uso eficiente de los recursos p\u00fablicos y establecer un sistema de seguimiento y evaluaci\u00f3n de las iniciativas desarrolladas en el marco del Programa de Oportunidad 14-24.&nbsp;<\/p>\n\n\n\n<p>Oportunidad 14-24, que trabaja en la recuperaci\u00f3n de estos j\u00f3venes, ofreci\u00e9ndoles herramientas y recursos que les permitan reintegrarse a la educaci\u00f3n y al \u00e1mbito laboral, ha impacto a m\u00e1s de 12,000 j\u00f3venes desde su implementaci\u00f3n, mejorando as\u00ed la calidad de vida de los beneficiarios y la de\u00a0sus\u00a0familias.\u00a0<\/p>\n\n\n\n<p>Prensa Gabinete de Pol\u00edtica Social &lt;<a href=\"mailto:gabinetesocialprensa@gmail.com\">gabinetesocialprensa@gmail.com<\/a>> <\/p>\n","protected":false},"excerpt":{"rendered":"<p>Santo Domingo, Rep\u00fablica Dominicana. 23 de enero, 2025. En un esfuerzo conjunto por mejorar las condiciones de vida de la juventud en situaci\u00f3n de vulnerabilidad, el Gabinete de Pol\u00edtica Social y el Ayuntamiento de Santo Domingo Este (ASDE), firmaron un acuerdo de colaboraci\u00f3n Interinstitucional con el objetivo de impulsar la inclusi\u00f3n socioecon\u00f3mica de los j\u00f3venes [&hellip;]<\/p>\n","protected":false},"author":7,"featured_media":591044,"comment_status":"closed","ping_status":"closed","sticky":false,"template":"","format":"standard","meta":{"footnotes":""},"categories":[20],"tags":[1496,1495],"class_list":["post-591024","post","type-post","status-publish","format-standard","has-post-thumbnail","hentry","category-dominicana-hoy","tag-ayuntamiento-de-santo-domingo-este","tag-gabinete-de-politica-social"],"_links":{"self":[{"href":"https:\/\/diariodominicano.com\/index.php?rest_route=\/wp\/v2\/posts\/591024","targetHints":{"allow":["GET"]}}],"collection":[{"href":"https:\/\/diariodominicano.com\/index.php?rest_route=\/wp\/v2\/posts"}],"about":[{"href":"https:\/\/diariodominicano.com\/index.php?rest_route=\/wp\/v2\/types\/post"}],"author":[{"embeddable":true,"href":"https:\/\/diariodominicano.com\/index.php?rest_route=\/wp\/v2\/users\/7"}],"replies":[{"embeddable":true,"href":"https:\/\/diariodominicano.com\/index.php?rest_route=%2Fwp%2Fv2%2Fcomments&post=591024"}],"version-history":[{"count":2,"href":"https:\/\/diariodominicano.com\/index.php?rest_route=\/wp\/v2\/posts\/591024\/revisions"}],"predecessor-version":[{"id":591047,"href":"https:\/\/diariodominicano.com\/index.php?rest_route=\/wp\/v2\/posts\/591024\/revisions\/591047"}],"wp:featuredmedia":[{"embeddable":true,"href":"https:\/\/diariodominicano.com\/index.php?rest_route=\/wp\/v2\/media\/591044"}],"wp:attachment":[{"href":"https:\/\/diariodominicano.com\/index.php?rest_route=%2Fwp%2Fv2%2Fmedia&parent=591024"}],"wp:term":[{"taxonomy":"category","embeddable":true,"href":"https:\/\/diariodominicano.com\/index.php?rest_route=%2Fwp%2Fv2%2Fcategories&post=591024"},{"taxonomy":"post_tag","embeddable":true,"href":"https:\/\/diariodominicano.com\/index.php?rest_route=%2Fwp%2Fv2%2Ftags&post=591024"}],"curies":[{"name":"wp","href":"https:\/\/api.w.org\/{rel}","templated":true}]}}