{"id":591023,"date":"2025-01-24T18:19:19","date_gmt":"2025-01-24T22:19:19","guid":{"rendered":"https:\/\/diariodominicano.com\/?p=591023"},"modified":"2025-01-24T18:25:03","modified_gmt":"2025-01-24T22:25:03","slug":"alcaldia-del-distrito-nacional-construye-aceras-y-contenes-en-villa-consuelo","status":"publish","type":"post","link":"https:\/\/diariodominicano.com\/?p=591023","title":{"rendered":"Alcald\u00eda del Distrito Nacional construye aceras y contenes en Villa Consuelo"},"content":{"rendered":"\n<p>Las construcciones se extender\u00e1n por 21 sectores de las tres circunscripciones<\/p>\n\n\n\n<p>Santo Domingo, DN \u2013 La Alcald\u00eda del Distrito Nacional, a trav\u00e9s de su Direcci\u00f3n de Infraestructura Urbana, inici\u00f3 en Villa Consuelo la ejecuci\u00f3n de un amplio programa de construcci\u00f3n que abarcar\u00e1 las tres circunscripciones, en el cual contempla entregar 43,555.53 metros cuadrados de aceras y 20,743.56 metros lineales de contenes.<\/p>\n\n\n\n<p>Bajo las instrucciones de la alcaldesa Carolina Mej\u00eda, 21 sectores del Distrito Nacional ser\u00e1n impactados con estas construcciones, las cuales tambi\u00e9n incluyen rampas para personas con discapacidad y la siembra de \u00e1rboles en puntos espec\u00edficos.<\/p>\n\n\n\n<figure class=\"wp-block-gallery has-nested-images columns-default is-cropped wp-block-gallery-1 is-layout-flex wp-block-gallery-is-layout-flex\">\n<figure class=\"wp-block-image size-large\"><img loading=\"lazy\" decoding=\"async\" width=\"1024\" height=\"682\" data-id=\"591037\" src=\"https:\/\/diariodominicano.com\/wp-content\/uploads\/2025\/01\/Alcaldia-del-Distrito-Nacional-construye-aceras-y-contenes-Villa-Consuelo-1024x682.jpeg\" alt=\"\" class=\"wp-image-591037\" srcset=\"https:\/\/diariodominicano.com\/wp-content\/uploads\/2025\/01\/Alcaldia-del-Distrito-Nacional-construye-aceras-y-contenes-Villa-Consuelo-1024x682.jpeg 1024w, https:\/\/diariodominicano.com\/wp-content\/uploads\/2025\/01\/Alcaldia-del-Distrito-Nacional-construye-aceras-y-contenes-Villa-Consuelo-300x200.jpeg 300w, https:\/\/diariodominicano.com\/wp-content\/uploads\/2025\/01\/Alcaldia-del-Distrito-Nacional-construye-aceras-y-contenes-Villa-Consuelo-768x512.jpeg 768w, https:\/\/diariodominicano.com\/wp-content\/uploads\/2025\/01\/Alcaldia-del-Distrito-Nacional-construye-aceras-y-contenes-Villa-Consuelo-1536x1023.jpeg 1536w, https:\/\/diariodominicano.com\/wp-content\/uploads\/2025\/01\/Alcaldia-del-Distrito-Nacional-construye-aceras-y-contenes-Villa-Consuelo-816x544.jpeg 816w, https:\/\/diariodominicano.com\/wp-content\/uploads\/2025\/01\/Alcaldia-del-Distrito-Nacional-construye-aceras-y-contenes-Villa-Consuelo.jpeg 1600w\" sizes=\"auto, (max-width: 1024px) 100vw, 1024px\" \/><\/figure>\n<\/figure>\n\n\n\n<p>Las brigadas del ayuntamiento se encuentran trabajando en Villa Consuelo. Adem\u00e1s, los sectores Serrall\u00e9s y Naco, as\u00ed como el parque Los Caminos, son los pr\u00f3ximos puntos a ser intervenidos.<\/p>\n\n\n\n<p>El ingeniero Christian Tejeda, director de Infraestructura Urbana del cabildo, precis\u00f3 que estas intervenciones tienen proyectadas realizarse a lo largo de ocho meses, con una inversi\u00f3n de 163 millones de pesos.<\/p>\n\n\n\n<p>\u201cEstas construcciones se llevan a cabo luego de varios levantamientos y atendiendo peticiones de las juntas de vecinos, con la finalidad de garantizar el acceso a aceras adecuadas de los capitale\u00f1os en los distintos sectores del Distrito Nacional\u201d, puntualiz\u00f3 Tejeda.<\/p>\n\n\n\n<figure class=\"wp-block-gallery has-nested-images columns-default is-cropped wp-block-gallery-2 is-layout-flex wp-block-gallery-is-layout-flex\">\n<figure class=\"wp-block-image size-large\"><img loading=\"lazy\" decoding=\"async\" width=\"682\" height=\"1024\" data-id=\"591038\" src=\"https:\/\/diariodominicano.com\/wp-content\/uploads\/2025\/01\/Alcaldia-del-DN-construye-aceras-y-contenes-en-Villa-Consuelo-682x1024.jpeg\" alt=\"\" class=\"wp-image-591038\" srcset=\"https:\/\/diariodominicano.com\/wp-content\/uploads\/2025\/01\/Alcaldia-del-DN-construye-aceras-y-contenes-en-Villa-Consuelo-682x1024.jpeg 682w, https:\/\/diariodominicano.com\/wp-content\/uploads\/2025\/01\/Alcaldia-del-DN-construye-aceras-y-contenes-en-Villa-Consuelo-200x300.jpeg 200w, https:\/\/diariodominicano.com\/wp-content\/uploads\/2025\/01\/Alcaldia-del-DN-construye-aceras-y-contenes-en-Villa-Consuelo-768x1153.jpeg 768w, https:\/\/diariodominicano.com\/wp-content\/uploads\/2025\/01\/Alcaldia-del-DN-construye-aceras-y-contenes-en-Villa-Consuelo-1023x1536.jpeg 1023w, https:\/\/diariodominicano.com\/wp-content\/uploads\/2025\/01\/Alcaldia-del-DN-construye-aceras-y-contenes-en-Villa-Consuelo-816x1225.jpeg 816w, https:\/\/diariodominicano.com\/wp-content\/uploads\/2025\/01\/Alcaldia-del-DN-construye-aceras-y-contenes-en-Villa-Consuelo.jpeg 1066w\" sizes=\"auto, (max-width: 682px) 100vw, 682px\" \/><\/figure>\n<\/figure>\n\n\n\n<p>Adem\u00e1s, se destaca la presencia del regidor Jos\u00e9 Eddy Ota\u00f1o, quien acompa\u00f1\u00f3 a las autoridades municipales en el inicio de los trabajos en Villa Consuelo.<\/p>\n\n\n\n<p>Al igual que otros proyectos que se est\u00e1n ejecutando, el de construcci\u00f3n de aceras y contenes se suma a los esfuerzos impulsados por la alcaldesa Carolina Mej\u00eda para seguir transformando a Santo Domingo, bajo el lema de que en el orden y la limpieza radica el bienestar.<\/p>\n\n\n\n<p><strong>Direccion de Comunicaciones&nbsp;\u2002<\/strong><\/p>\n\n\n\n<p><strong>Comunicaciones ADN<\/strong>\u00a0&lt;Comunicaciones.ADN@adn.gob.do> <\/p>\n","protected":false},"excerpt":{"rendered":"<p>Las construcciones se extender\u00e1n por 21 sectores de las tres circunscripciones Santo Domingo, DN \u2013 La Alcald\u00eda del Distrito Nacional, a trav\u00e9s de su Direcci\u00f3n de Infraestructura Urbana, inici\u00f3 en Villa Consuelo la ejecuci\u00f3n de un amplio programa de construcci\u00f3n que abarcar\u00e1 las tres circunscripciones, en el cual contempla entregar 43,555.53 metros cuadrados de aceras [&hellip;]<\/p>\n","protected":false},"author":7,"featured_media":591036,"comment_status":"closed","ping_status":"closed","sticky":false,"template":"","format":"standard","meta":{"footnotes":""},"categories":[36],"tags":[1016],"class_list":["post-591023","post","type-post","status-publish","format-standard","has-post-thumbnail","hentry","category-hombresmujeresycosas","tag-alcaldia-del-distrito-nacional"],"_links":{"self":[{"href":"https:\/\/diariodominicano.com\/index.php?rest_route=\/wp\/v2\/posts\/591023","targetHints":{"allow":["GET"]}}],"collection":[{"href":"https:\/\/diariodominicano.com\/index.php?rest_route=\/wp\/v2\/posts"}],"about":[{"href":"https:\/\/diariodominicano.com\/index.php?rest_route=\/wp\/v2\/types\/post"}],"author":[{"embeddable":true,"href":"https:\/\/diariodominicano.com\/index.php?rest_route=\/wp\/v2\/users\/7"}],"replies":[{"embeddable":true,"href":"https:\/\/diariodominicano.com\/index.php?rest_route=%2Fwp%2Fv2%2Fcomments&post=591023"}],"version-history":[{"count":2,"href":"https:\/\/diariodominicano.com\/index.php?rest_route=\/wp\/v2\/posts\/591023\/revisions"}],"predecessor-version":[{"id":591041,"href":"https:\/\/diariodominicano.com\/index.php?rest_route=\/wp\/v2\/posts\/591023\/revisions\/591041"}],"wp:featuredmedia":[{"embeddable":true,"href":"https:\/\/diariodominicano.com\/index.php?rest_route=\/wp\/v2\/media\/591036"}],"wp:attachment":[{"href":"https:\/\/diariodominicano.com\/index.php?rest_route=%2Fwp%2Fv2%2Fmedia&parent=591023"}],"wp:term":[{"taxonomy":"category","embeddable":true,"href":"https:\/\/diariodominicano.com\/index.php?rest_route=%2Fwp%2Fv2%2Fcategories&post=591023"},{"taxonomy":"post_tag","embeddable":true,"href":"https:\/\/diariodominicano.com\/index.php?rest_route=%2Fwp%2Fv2%2Ftags&post=591023"}],"curies":[{"name":"wp","href":"https:\/\/api.w.org\/{rel}","templated":true}]}}