{"id":590940,"date":"2025-01-24T08:55:25","date_gmt":"2025-01-24T12:55:25","guid":{"rendered":"https:\/\/diariodominicano.com\/?p=590940"},"modified":"2025-01-24T08:55:36","modified_gmt":"2025-01-24T12:55:36","slug":"trump-pide-a-la-elite-de-davos-que-invierta-en-estados-unidos-o-se-enfrentara-a-aranceles","status":"publish","type":"post","link":"https:\/\/diariodominicano.com\/?p=590940","title":{"rendered":"Trump pide a la \u00e9lite de Davos que invierta en Estados Unidos o se enfrentar\u00e1 a aranceles"},"content":{"rendered":"\n<p>La gente sigue un discurso virtual del presidente estadounidense Donald Trump en la Reuni\u00f3n Anual del Foro Econ\u00f3mico Mundial en Davos, Suiza, el jueves 23 de enero de 2025. (Foto AP\/Markus Schreiber)<\/p>\n\n\n\n<p>enero 23, 2025<\/p>\n\n\n\n<ul class=\"wp-block-list\">\n<li><a href=\"https:\/\/www.vozdeamerica.com\/author\/associated-press\/v_kyr\">Associated Press<\/a><\/li>\n<\/ul>\n\n\n\n<ul class=\"wp-block-list\">\n<li><a href=\"https:\/\/facebook.com\/sharer.php?u=https%3a%2f%2fwww.vozdeamerica.com%2fa%2ftrump-pide-elite-davos-que-invierta-en-estados-unidos-o-se-enfrentara-a-aranceles%2f7947732.html\" target=\"_blank\" rel=\"noreferrer noopener\"><\/a><\/li>\n\n\n\n<li><a href=\"https:\/\/twitter.com\/share?url=https%3a%2f%2fwww.vozdeamerica.com%2fa%2ftrump-pide-elite-davos-que-invierta-en-estados-unidos-o-se-enfrentara-a-aranceles%2f7947732.html&amp;text=Trump+pide+a+la+%c3%a9lite+de+Davos+que+invierta+en+Estados+Unidos+o+se+enfrentar%c3%a1+a+aranceles\" target=\"_blank\" rel=\"noreferrer noopener\"><\/a><\/li>\n\n\n\n<li><\/li>\n\n\n\n<li><a href=\"mailto:?body=https%3a%2f%2fwww.vozdeamerica.com%2fa%2ftrump-pide-elite-davos-que-invierta-en-estados-unidos-o-se-enfrentara-a-aranceles%2f7947732.html&amp;subject=Trump%20pide%20a%20la%20%C3%A9lite%20de%20Davos%20que%20invierta%20en%20Estados%20Unidos%20o%20se%20enfrentar%C3%A1%20a%20aranceles\"><\/a><\/li>\n<\/ul>\n\n\n\n<p><a href=\"https:\/\/www.vozdeamerica.com\/a\/trump-pide-elite-davos-que-invierta-en-estados-unidos-o-se-enfrentara-a-aranceles\/7947732.html#comments\">&nbsp;Vea comentarios<\/a><\/p>\n\n\n\n<p>El presidente Donald Trump prometi\u00f3 a las \u00e9lites globales impuestos m\u00e1s bajos si traen manufacturas a Estados Unidos y amenaz\u00f3 con imponer aranceles si no lo hacen.<\/p>\n\n\n\n<p>El presidente Donald Trump prometi\u00f3 a las \u00e9lites globales impuestos m\u00e1s bajos si traen manufacturas a Estados Unidos y amenaz\u00f3 con imponer aranceles si no lo hacen.<\/p>\n\n\n\n<p>El presidente Donald Trump aprovech\u00f3 un discurso pronunciado el jueves en el Foro Econ\u00f3mico Mundial para prometer a las \u00e9lites globales impuestos m\u00e1s bajos si traen sus productos a Estados Unidos y amenaz\u00f3 con imponer aranceles si no lo hacen.<\/p>\n\n\n\n<p><a href=\"https:\/\/www.vozdeamerica.com\/a\/rubio-visitara-panama-en-primer-viaje-al-exterior-como-secretario-de-estado-de-eeuu\/7947571.html\"><\/a><\/p>\n\n\n\n<p><a href=\"https:\/\/www.vozdeamerica.com\/a\/rubio-visitara-panama-en-primer-viaje-al-exterior-como-secretario-de-estado-de-eeuu\/7947571.html\">Tambi\u00e9n lea<\/a><\/p>\n\n\n\n<h4 class=\"wp-block-heading\"><a href=\"https:\/\/www.vozdeamerica.com\/a\/rubio-visitara-panama-en-primer-viaje-al-exterior-como-secretario-de-estado-de-eeuu\/7947571.html\">Rubio visitar\u00e1 Panam\u00e1 en primer viaje al exterior como secretario de Estado de EEUU<\/a><\/h4>\n\n\n\n<p>En un discurso por video desde la Casa Blanca en la cumbre anual en Davos, Suiza, en su tercer d\u00eda completo en el cargo, Trump repas\u00f3 la serie de medidas ejecutivas que ha tomado desde que asumi\u00f3 el cargo y afirm\u00f3 que tiene un \u201cmandato masivo\u201d del pueblo estadounidense para generar cambios.<\/p>\n\n\n\n<p>Expuso un enfoque de incentivos y sanciones para la inversi\u00f3n privada en Estados Unidos.<\/p>\n\n\n\n<p>\u201cVengan a fabricar sus productos en Estados Unidos y les daremos unos de los impuestos m\u00e1s bajos de cualquier naci\u00f3n del mundo\u201d, dijo Trump. \u201cPero si no fabrican sus productos en Estados Unidos, que es su prerrogativa, entonces, muy simplemente, tendr\u00e1n que pagar un arancel \u2013de montos variables\u2013, pero un arancel, que destinar\u00e1 cientos de miles de millones de d\u00f3lares e incluso billones de d\u00f3lares a nuestro tesoro para fortalecer nuestra econom\u00eda y pagar la deuda bajo la administraci\u00f3n Trump\u201d.<\/p>\n\n\n\n<p><strong><em><a href=\"https:\/\/www.vozdeamerica.com\/a\/principe-heredero-saudi-dice-que-riad-planea-invertir-600-000-millones-en-eeuu-en-llamada-con-trump\/7947316.html\" target=\"_blank\" rel=\"noreferrer noopener\">Trump, que habl\u00f3 el mi\u00e9rcoles con el pr\u00edncipe heredero de Arabia Saudita<\/a><\/em><\/strong>, tambi\u00e9n dijo el jueves que el reino quiere invertir 600.000 millones de d\u00f3lares en Estados Unidos, pero que pedir\u00eda al pr\u00edncipe heredero Mohammed bin Salman que aumente esa cifra a 1 bill\u00f3n. El comentario provoc\u00f3 algunas risas entre la multitud reunida en el sal\u00f3n de Davos.<\/p>\n\n\n\n<p>Al presentar a Trump, el fundador de Davos, Klaus Schwab, le dijo al nuevo presidente que su regreso y su agenda han \u00absido el foco de nuestras discusiones esta semana\u00bb. Invit\u00f3 a Trump a hablar en la cumbre en persona el a\u00f1o pr\u00f3ximo.<\/p>\n","protected":false},"excerpt":{"rendered":"<p>La gente sigue un discurso virtual del presidente estadounidense Donald Trump en la Reuni\u00f3n Anual del Foro Econ\u00f3mico Mundial en Davos, Suiza, el jueves 23 de enero de 2025. (Foto AP\/Markus Schreiber) enero 23, 2025 &nbsp;Vea comentarios El presidente Donald Trump prometi\u00f3 a las \u00e9lites globales impuestos m\u00e1s bajos si traen manufacturas a Estados Unidos [&hellip;]<\/p>\n","protected":false},"author":28,"featured_media":590941,"comment_status":"closed","ping_status":"closed","sticky":true,"template":"","format":"standard","meta":{"footnotes":""},"categories":[18,23,27],"tags":[],"class_list":["post-590940","post","type-post","status-publish","format-standard","has-post-thumbnail","hentry","category-economia","category-internacional","category-portada"],"_links":{"self":[{"href":"https:\/\/diariodominicano.com\/index.php?rest_route=\/wp\/v2\/posts\/590940","targetHints":{"allow":["GET"]}}],"collection":[{"href":"https:\/\/diariodominicano.com\/index.php?rest_route=\/wp\/v2\/posts"}],"about":[{"href":"https:\/\/diariodominicano.com\/index.php?rest_route=\/wp\/v2\/types\/post"}],"author":[{"embeddable":true,"href":"https:\/\/diariodominicano.com\/index.php?rest_route=\/wp\/v2\/users\/28"}],"replies":[{"embeddable":true,"href":"https:\/\/diariodominicano.com\/index.php?rest_route=%2Fwp%2Fv2%2Fcomments&post=590940"}],"version-history":[{"count":1,"href":"https:\/\/diariodominicano.com\/index.php?rest_route=\/wp\/v2\/posts\/590940\/revisions"}],"predecessor-version":[{"id":590942,"href":"https:\/\/diariodominicano.com\/index.php?rest_route=\/wp\/v2\/posts\/590940\/revisions\/590942"}],"wp:featuredmedia":[{"embeddable":true,"href":"https:\/\/diariodominicano.com\/index.php?rest_route=\/wp\/v2\/media\/590941"}],"wp:attachment":[{"href":"https:\/\/diariodominicano.com\/index.php?rest_route=%2Fwp%2Fv2%2Fmedia&parent=590940"}],"wp:term":[{"taxonomy":"category","embeddable":true,"href":"https:\/\/diariodominicano.com\/index.php?rest_route=%2Fwp%2Fv2%2Fcategories&post=590940"},{"taxonomy":"post_tag","embeddable":true,"href":"https:\/\/diariodominicano.com\/index.php?rest_route=%2Fwp%2Fv2%2Ftags&post=590940"}],"curies":[{"name":"wp","href":"https:\/\/api.w.org\/{rel}","templated":true}]}}