{"id":590844,"date":"2025-01-24T01:00:48","date_gmt":"2025-01-24T05:00:48","guid":{"rendered":"https:\/\/diariodominicano.com\/?p=590844"},"modified":"2025-01-24T08:39:14","modified_gmt":"2025-01-24T12:39:14","slug":"alberto-rodriguez-anuncia-remodelacion-del-estadio-la-normal-y-construccion-de-un-techado-en-el-liceo-juan-pablo-duarte","status":"publish","type":"post","link":"https:\/\/diariodominicano.com\/?p=590844","title":{"rendered":"El director del INEFI anuncia remodelaci\u00f3n del Estadio La Normal y construcci\u00f3n de un techado en el Liceo Juan Pablo Duarte"},"content":{"rendered":"\n<p><em>El anuncio se hizo en rueda de prensa donde se inform\u00f3 que la remodelaci\u00f3n de La Normal ser\u00e1 en conjunto con la Presidencia, MINERD y MIDEREC.<br><\/em><br>\u00a0SANTO DOMINGO.- El director ejecutivo del Instituto Nacional de Educaci\u00f3n F\u00edsica ( INEFI), Alberto Rodr\u00edguez, anunci\u00f3 la remodelaci\u00f3n del Estadio La Normal, as\u00ed como la construcci\u00f3n de un polideportivo techado en el Liceo Juan Pablo Duarte, un proyecto anhelado por los cientos de estudiantes del emblem\u00e1tico centro educativo localizado en el sector Villa Consuelo, del Distrito Nacional.<\/p>\n\n\n\n<figure class=\"wp-block-gallery has-nested-images columns-default is-cropped wp-block-gallery-1 is-layout-flex wp-block-gallery-is-layout-flex\">\n<figure class=\"wp-block-image size-large\"><img loading=\"lazy\" decoding=\"async\" width=\"1024\" height=\"683\" data-id=\"590907\" src=\"https:\/\/diariodominicano.com\/wp-content\/uploads\/2025\/01\/Alberto-Rodriguez-se-dirige-a-los-presentes-en-la-rueda-de-prensa-efectuada-en-el-Liceo-Juan-Pablo-Duarte-en-la-que-anuncio-la-remodelacion-del-Estadio-La-Normal--1024x683.jpg\" alt=\"\" class=\"wp-image-590907\" srcset=\"https:\/\/diariodominicano.com\/wp-content\/uploads\/2025\/01\/Alberto-Rodriguez-se-dirige-a-los-presentes-en-la-rueda-de-prensa-efectuada-en-el-Liceo-Juan-Pablo-Duarte-en-la-que-anuncio-la-remodelacion-del-Estadio-La-Normal--1024x683.jpg 1024w, https:\/\/diariodominicano.com\/wp-content\/uploads\/2025\/01\/Alberto-Rodriguez-se-dirige-a-los-presentes-en-la-rueda-de-prensa-efectuada-en-el-Liceo-Juan-Pablo-Duarte-en-la-que-anuncio-la-remodelacion-del-Estadio-La-Normal--300x200.jpg 300w, https:\/\/diariodominicano.com\/wp-content\/uploads\/2025\/01\/Alberto-Rodriguez-se-dirige-a-los-presentes-en-la-rueda-de-prensa-efectuada-en-el-Liceo-Juan-Pablo-Duarte-en-la-que-anuncio-la-remodelacion-del-Estadio-La-Normal--768x512.jpg 768w, https:\/\/diariodominicano.com\/wp-content\/uploads\/2025\/01\/Alberto-Rodriguez-se-dirige-a-los-presentes-en-la-rueda-de-prensa-efectuada-en-el-Liceo-Juan-Pablo-Duarte-en-la-que-anuncio-la-remodelacion-del-Estadio-La-Normal--1536x1024.jpg 1536w, https:\/\/diariodominicano.com\/wp-content\/uploads\/2025\/01\/Alberto-Rodriguez-se-dirige-a-los-presentes-en-la-rueda-de-prensa-efectuada-en-el-Liceo-Juan-Pablo-Duarte-en-la-que-anuncio-la-remodelacion-del-Estadio-La-Normal--2048x1365.jpg 2048w, https:\/\/diariodominicano.com\/wp-content\/uploads\/2025\/01\/Alberto-Rodriguez-se-dirige-a-los-presentes-en-la-rueda-de-prensa-efectuada-en-el-Liceo-Juan-Pablo-Duarte-en-la-que-anuncio-la-remodelacion-del-Estadio-La-Normal--816x544.jpg 816w\" sizes=\"auto, (max-width: 1024px) 100vw, 1024px\" \/><figcaption class=\"wp-element-caption\">Alberto Rodr\u00edguez se dirige a los presentes en la rueda de prensa efectuada en el Liceo Juan Pablo Duarte en la que anunci\u00f3 la remodelaci\u00f3n del Estadio La Normal y la construcci\u00f3n de un moderno polideportivo en dicho plantel escolar <\/figcaption><\/figure>\n<\/figure>\n\n\n\n<p>Rodr\u00edguez hizo el anuncio en rueda de prensa, en la que explic\u00f3 que el presidente Luis Abinader, aprovechando la decisi\u00f3n de construir el polideportivo techado del Liceo Juan Pablo Duarte, uno de los m\u00e1s antiguos de la ciudad con 80 a\u00f1os de inaugurado, decidi\u00f3 tambi\u00e9n rescatar el parque de b\u00e9isbol que en un momento fue casa del b\u00e9isbol profesional dominicano.<\/p>\n\n\n\n<p>\u00a0\u201cEl estadio de La Normal es una de las instalaciones deportivas m\u00e1s importantes de Santo Domingo y ahora, por instrucciones del presidente Abinader, recuperar\u00e1 el esplendor que tuvo hace d\u00e9cadas, para impulsar el deporte escolar y a los atletas dominicanos\u201d, dijo Rodr\u00edguez.<\/p>\n\n\n\n<figure class=\"wp-block-gallery has-nested-images columns-default is-cropped wp-block-gallery-2 is-layout-flex wp-block-gallery-is-layout-flex\">\n<figure class=\"wp-block-image size-large\"><img loading=\"lazy\" decoding=\"async\" width=\"1024\" height=\"768\" data-id=\"590906\" src=\"https:\/\/diariodominicano.com\/wp-content\/uploads\/2025\/01\/Vista-panoramica-del-Estadio-La-Normal-que-sera-remodelado-por-el-Instituto-Nacional-de-Educacion-Fisica-INEFI-1024x768.jpg\" alt=\"\" class=\"wp-image-590906\" srcset=\"https:\/\/diariodominicano.com\/wp-content\/uploads\/2025\/01\/Vista-panoramica-del-Estadio-La-Normal-que-sera-remodelado-por-el-Instituto-Nacional-de-Educacion-Fisica-INEFI-1024x768.jpg 1024w, https:\/\/diariodominicano.com\/wp-content\/uploads\/2025\/01\/Vista-panoramica-del-Estadio-La-Normal-que-sera-remodelado-por-el-Instituto-Nacional-de-Educacion-Fisica-INEFI-300x225.jpg 300w, https:\/\/diariodominicano.com\/wp-content\/uploads\/2025\/01\/Vista-panoramica-del-Estadio-La-Normal-que-sera-remodelado-por-el-Instituto-Nacional-de-Educacion-Fisica-INEFI-768x576.jpg 768w, https:\/\/diariodominicano.com\/wp-content\/uploads\/2025\/01\/Vista-panoramica-del-Estadio-La-Normal-que-sera-remodelado-por-el-Instituto-Nacional-de-Educacion-Fisica-INEFI-816x612.jpg 816w, https:\/\/diariodominicano.com\/wp-content\/uploads\/2025\/01\/Vista-panoramica-del-Estadio-La-Normal-que-sera-remodelado-por-el-Instituto-Nacional-de-Educacion-Fisica-INEFI.jpg 1040w\" sizes=\"auto, (max-width: 1024px) 100vw, 1024px\" \/><figcaption class=\"wp-element-caption\">Vista panor\u00e1mica del Estadio La Normal que ser\u00e1 remodelado por el Instituto Nacional de Educaci\u00f3n F\u00edsica (INEFI) <\/figcaption><\/figure>\n<\/figure>\n\n\n\n<p>Rodr\u00edguez inform\u00f3 que el proyecto de La Normal es a beneficio de los estudiantes de la circunscripci\u00f3n n\u00famero tres y se ejecutar\u00e1 en una combinaci\u00f3n de esfuerzos entre la Presidencia de la Rep\u00fablica, el Ministerio de Educaci\u00f3n y el Ministerio de Deportes.<\/p>\n\n\n\n<p>\u201cLa circunscripci\u00f3n n\u00famero tres tendr\u00e1 un complejo deportivo que servir\u00e1 para la pr\u00e1ctica del b\u00e9isbol, el s\u00f3ftbol, boxeo y otros deportes. Adem\u00e1s se construir\u00e1 un museo de b\u00e9isbol en la hist\u00f3rica instalaci\u00f3n\u201d, dijo.<\/p>\n\n\n\n<p>&nbsp;El techado del liceo Juan Pablo Duarte se suma a los que el INEFI ha inaugurado en comunidades vulnerables como el Ensanche Capotillo, en el Distrito Nacional, y El\u00edas Pi\u00f1a, en la zona fronteriza; as\u00ed como el del Centro Educativo Jos\u00e9 Francisco Pe\u00f1a G\u00f3mez, del sector Pueblo Nuevo, en Santiago.<\/p>\n\n\n\n<p>&nbsp;\u201cPara nosotros ha sido una prioridad desde que llegamos al INEFI brindar las mejores condiciones posibles a este reconocido y emblem\u00e1tico centro educativo. Ahora los estudiantes de esta parte de la circunscripci\u00f3n n\u00famero tres tendr\u00e1n la oportunidad de practicar deportes y educaci\u00f3n f\u00edsica en una instalaci\u00f3n moderna, segura y de primera calidad\u201d, dijo Rodr\u00edguez.<\/p>\n\n\n\n<p>&nbsp;El Liceo Juan Pablo Duarte fue fundado en el a\u00f1o 1945 y por sus aulas han pasado dominicanos destacados en la pol\u00edtica, el deporte, la vida profesional y art\u00edstica del pa\u00eds. Victorino Germos\u00e9n, director del liceo, destac\u00f3 el nombre de Manolo Tav\u00e1rez como uno de los estudiantes egresados del centro educativo.<\/p>\n\n\n\n<p>&nbsp;\u201cEste centro tiene 80 a\u00f1os de existencia, para seguir ofreciendo una educaci\u00f3n integral necesitamos la construcci\u00f3n del polideportivo, que tambi\u00e9n servir\u00e1 para la promoci\u00f3n del arte y la cultura\u201d, expres\u00f3 Germos\u00e9n.<\/p>\n\n\n\n<p><strong>PRENSA INEFI<\/strong>\u00a0&lt;prensainefi@gmail.com> <\/p>\n","protected":false},"excerpt":{"rendered":"<p>El anuncio se hizo en rueda de prensa donde se inform\u00f3 que la remodelaci\u00f3n de La Normal ser\u00e1 en conjunto con la Presidencia, MINERD y MIDEREC.\u00a0SANTO DOMINGO.- El director ejecutivo del Instituto Nacional de Educaci\u00f3n F\u00edsica ( INEFI), Alberto Rodr\u00edguez, anunci\u00f3 la remodelaci\u00f3n del Estadio La Normal, as\u00ed como la construcci\u00f3n de un polideportivo techado [&hellip;]<\/p>\n","protected":false},"author":7,"featured_media":590908,"comment_status":"closed","ping_status":"closed","sticky":true,"template":"","format":"standard","meta":{"footnotes":""},"categories":[17],"tags":[491,249,280],"class_list":["post-590844","post","type-post","status-publish","format-standard","has-post-thumbnail","hentry","category-deportes","tag-inefi","tag-miderec","tag-minerd"],"_links":{"self":[{"href":"https:\/\/diariodominicano.com\/index.php?rest_route=\/wp\/v2\/posts\/590844","targetHints":{"allow":["GET"]}}],"collection":[{"href":"https:\/\/diariodominicano.com\/index.php?rest_route=\/wp\/v2\/posts"}],"about":[{"href":"https:\/\/diariodominicano.com\/index.php?rest_route=\/wp\/v2\/types\/post"}],"author":[{"embeddable":true,"href":"https:\/\/diariodominicano.com\/index.php?rest_route=\/wp\/v2\/users\/7"}],"replies":[{"embeddable":true,"href":"https:\/\/diariodominicano.com\/index.php?rest_route=%2Fwp%2Fv2%2Fcomments&post=590844"}],"version-history":[{"count":3,"href":"https:\/\/diariodominicano.com\/index.php?rest_route=\/wp\/v2\/posts\/590844\/revisions"}],"predecessor-version":[{"id":590936,"href":"https:\/\/diariodominicano.com\/index.php?rest_route=\/wp\/v2\/posts\/590844\/revisions\/590936"}],"wp:featuredmedia":[{"embeddable":true,"href":"https:\/\/diariodominicano.com\/index.php?rest_route=\/wp\/v2\/media\/590908"}],"wp:attachment":[{"href":"https:\/\/diariodominicano.com\/index.php?rest_route=%2Fwp%2Fv2%2Fmedia&parent=590844"}],"wp:term":[{"taxonomy":"category","embeddable":true,"href":"https:\/\/diariodominicano.com\/index.php?rest_route=%2Fwp%2Fv2%2Fcategories&post=590844"},{"taxonomy":"post_tag","embeddable":true,"href":"https:\/\/diariodominicano.com\/index.php?rest_route=%2Fwp%2Fv2%2Ftags&post=590844"}],"curies":[{"name":"wp","href":"https:\/\/api.w.org\/{rel}","templated":true}]}}