{"id":590785,"date":"2025-01-23T13:15:20","date_gmt":"2025-01-23T17:15:20","guid":{"rendered":"https:\/\/diariodominicano.com\/?p=590785"},"modified":"2025-01-23T13:18:21","modified_gmt":"2025-01-23T17:18:21","slug":"presidente-abinader-pare-pare-me-voy-a-jondear-la-poblacion-tiene-la-percepcion-de-que-el-pais-va-de-reversa","status":"publish","type":"post","link":"https:\/\/diariodominicano.com\/?p=590785","title":{"rendered":"Presidente Abinader: Pare\u2026 Pare\u2026 Me voy a jondear La poblaci\u00f3n tiene la percepci\u00f3n de que el pa\u00eds va de reversa"},"content":{"rendered":"\n<p>Porque \u201cLa guagua va de reversa\u201d, como canta Juan Luis Guerra, pero a\u00fan hay tiempo para frenar, replantear la direcci\u00f3n y avanzar hacia un destino m\u00e1s prometedor.<\/p>\n\n\n\n<p>Por Rafael M\u00e9ndez<\/p>\n\n\n\n<p>\u00bfPor d\u00f3nde hay que empujar hoy este pa\u00eds para llevarlo adelante? La famosa pregunta de Mafalda cobra un nuevo significado en la Rep\u00fablica Dominicana, donde la sensaci\u00f3n de frustraci\u00f3n y desencanto se ha ido generalizando. Una parte significativa de la poblaci\u00f3n percibe que el pa\u00eds retrocede en lugar de avanzar, tal como lo describe la emblem\u00e1tica canci\u00f3n de Juan Luis Guerra, \u201cLa guagua va de reversa\u201d. Esta percepci\u00f3n refleja que los esfuerzos del gobierno no est\u00e1n guiando a la Rep\u00fablica Dominicana hacia un futuro mejor.<\/p>\n\n\n\n<p>La sociedad descubre, cada vez con mayor claridad, que el gobierno ha desplegado una estrategia basada en anuncios constantes, promesas de reformas y maniobras pol\u00edticas que, en la pr\u00e1ctica, no han generado resultados tangibles. M\u00e1s de cuatro a\u00f1os despu\u00e9s del inicio del mandato del presidente Abinader, el balance real muestra un panorama desalentador: reformas vac\u00edas, improvisaci\u00f3n y una desconexi\u00f3n evidente entre las promesas del mandatario y la realidad que enfrenta el pueblo dominicano.<\/p>\n\n\n\n<p>Una estrategia que no convence<\/p>\n\n\n\n<p>La retirada de la reforma fiscal, que el gobierno de Abinader pretend\u00eda implementar, marc\u00f3 un punto de inflexi\u00f3n. Esta propuesta, que carec\u00eda del consenso necesario, provoc\u00f3 una fuerte reacci\u00f3n social, manifestada en protestas masivas y un rechazo generalizado. La ciudadan\u00eda demostr\u00f3 que no est\u00e1 dispuesta a aceptar medidas impuestas de manera unilateral, y su movilizaci\u00f3n logr\u00f3 frenar lo que se percib\u00eda como una reforma perjudicial.<\/p>\n\n\n\n<p>Sin embargo, el gobierno parece no haber aprendido las lecciones de este episodio. La tendencia a abarcar demasiados temas al mismo tiempo ha sido una constante en la gesti\u00f3n de Abinader. Desde su llegada al poder, ha impulsado una multiplicidad de reformas en distintas \u00e1reas sin lograr consolidar avances significativos en ning\u00fan sector. Esta estrategia de \u201ctocarlo todo\u201d, sin un enfoque claro y definido, ha generado una creciente percepci\u00f3n de ineficacia y desorden.<\/p>\n\n\n\n<p>Tal como lo advirti\u00f3 el analista Jos\u00e9 Luis Taveras, el error de intentar abarcar demasiado ha llevado al gobierno a diluirse en promesas incumplidas y a perder credibilidad ante la ciudadan\u00eda. Las reformas no se tratan de cantidad, sino de calidad. Concentrarse en unas pocas iniciativas clave y ejecutarlas de manera eficiente deber\u00eda ser la prioridad del presidente Abinader.<\/p>\n\n\n\n<p>&nbsp;Las recientes movilizaciones sociales reflejan el agotamiento colectivo. La poblaci\u00f3n dominicana, cansada de la corrupci\u00f3n, la desigualdad y la precariedad de los servicios p\u00fablicos, ha dejado claro que no tolerar\u00e1 soluciones improvisadas ni medidas superficiales. Las protestas que obligaron al gobierno a retirar la reforma fiscal no fueron un hecho aislado, sino una expresi\u00f3n de una sociedad que exige cambios profundos y reales.<\/p>\n\n\n\n<p>Empujar el pa\u00eds hacia adelante requiere liderazgo, pero tambi\u00e9n escucha y acci\u00f3n concreta. La frustraci\u00f3n de la ciudadan\u00eda no solo radica en la falta de resultados, sino tambi\u00e9n en la percepci\u00f3n de que el gobierno act\u00faa de manera manipuladora. Cada anuncio de reforma parece m\u00e1s orientado a generar una sensaci\u00f3n de movimiento que a producir verdaderos avances.<\/p>\n\n\n\n<p>Empujar el pa\u00eds hacia adelante: una tarea urgente<\/p>\n\n\n\n<p>La Rep\u00fablica Dominicana no necesita m\u00e1s promesas vac\u00edas ni reformas a medias. Requiere que el gobierno se enfoque en lo esencial: educaci\u00f3n, salud, transparencia y lucha contra la corrupci\u00f3n. Estos pilares deben ser el eje central de cualquier estrategia que pretenda sacar al pa\u00eds de su estancamiento y ofrecer a sus ciudadanos un futuro mejor.<\/p>\n\n\n\n<p>Fortalecer las instituciones democr\u00e1ticas es fundamental. La confianza de la ciudadan\u00eda solo se recuperar\u00e1 cuando vea que sus demandas son atendidas y que los recursos p\u00fablicos se manejan de manera eficiente y responsable. El gobierno tiene en sus manos la oportunidad de corregir el rumbo, pero esto requiere voluntad pol\u00edtica y un compromiso real con las necesidades del pueblo.<\/p>\n\n\n\n<p>\u00bfPor d\u00f3nde hay que empujar HOY este pa\u00eds para llevarlo adelante? La famosa pregunta de Mafalda cobra un nuevo significado en la Rep\u00fablica Dominicana. La sociedad exige respuestas claras y acci\u00f3n efectiva. No basta con discursos bien elaborados o con anuncios pomposos. Se requiere un cambio de rumbo, un liderazgo que sepa escuchar y que tenga la capacidad de concentrar sus esfuerzos en lo que realmente importa.<\/p>\n\n\n\n<p>La guagua va de reversa, como canta Juan Luis Guerra, pero a\u00fan hay tiempo para frenar, replantear la direcci\u00f3n y avanzar hacia un destino m\u00e1s prometedor. La pelota est\u00e1 en la cancha del gobierno. El pueblo ya ha hablado y seguir\u00e1 haci\u00e9ndolo hasta que sus demandas sean escuchadas. Es momento de que el presidente Abinader y su equipo tomen decisiones valientes y efectivas. Solo as\u00ed podr\u00e1n evitar que la guagua termine en el barranco y lograr que, finalmente, el pa\u00eds avance hacia el futuro que su gente merece.<\/p>\n\n\n\n<p><strong>Ohelmis S\u00e1nchez<\/strong>\u00a0&lt;ecosdelsur01@gmail.com> <\/p>\n","protected":false},"excerpt":{"rendered":"<p>Porque \u201cLa guagua va de reversa\u201d, como canta Juan Luis Guerra, pero a\u00fan hay tiempo para frenar, replantear la direcci\u00f3n y avanzar hacia un destino m\u00e1s prometedor. Por Rafael M\u00e9ndez \u00bfPor d\u00f3nde hay que empujar hoy este pa\u00eds para llevarlo adelante? La famosa pregunta de Mafalda cobra un nuevo significado en la Rep\u00fablica Dominicana, donde [&hellip;]<\/p>\n","protected":false},"author":7,"featured_media":585841,"comment_status":"closed","ping_status":"closed","sticky":false,"template":"","format":"standard","meta":{"footnotes":""},"categories":[16],"tags":[178],"class_list":["post-590785","post","type-post","status-publish","format-standard","has-post-thumbnail","hentry","category-opiniones","tag-rafael-mendez"],"_links":{"self":[{"href":"https:\/\/diariodominicano.com\/index.php?rest_route=\/wp\/v2\/posts\/590785","targetHints":{"allow":["GET"]}}],"collection":[{"href":"https:\/\/diariodominicano.com\/index.php?rest_route=\/wp\/v2\/posts"}],"about":[{"href":"https:\/\/diariodominicano.com\/index.php?rest_route=\/wp\/v2\/types\/post"}],"author":[{"embeddable":true,"href":"https:\/\/diariodominicano.com\/index.php?rest_route=\/wp\/v2\/users\/7"}],"replies":[{"embeddable":true,"href":"https:\/\/diariodominicano.com\/index.php?rest_route=%2Fwp%2Fv2%2Fcomments&post=590785"}],"version-history":[{"count":2,"href":"https:\/\/diariodominicano.com\/index.php?rest_route=\/wp\/v2\/posts\/590785\/revisions"}],"predecessor-version":[{"id":590797,"href":"https:\/\/diariodominicano.com\/index.php?rest_route=\/wp\/v2\/posts\/590785\/revisions\/590797"}],"wp:featuredmedia":[{"embeddable":true,"href":"https:\/\/diariodominicano.com\/index.php?rest_route=\/wp\/v2\/media\/585841"}],"wp:attachment":[{"href":"https:\/\/diariodominicano.com\/index.php?rest_route=%2Fwp%2Fv2%2Fmedia&parent=590785"}],"wp:term":[{"taxonomy":"category","embeddable":true,"href":"https:\/\/diariodominicano.com\/index.php?rest_route=%2Fwp%2Fv2%2Fcategories&post=590785"},{"taxonomy":"post_tag","embeddable":true,"href":"https:\/\/diariodominicano.com\/index.php?rest_route=%2Fwp%2Fv2%2Ftags&post=590785"}],"curies":[{"name":"wp","href":"https:\/\/api.w.org\/{rel}","templated":true}]}}