{"id":590775,"date":"2025-01-23T09:54:35","date_gmt":"2025-01-23T13:54:35","guid":{"rendered":"https:\/\/diariodominicano.com\/?p=590775"},"modified":"2025-01-23T10:09:03","modified_gmt":"2025-01-23T14:09:03","slug":"petro-entra-a-haiti-en-avion-militar-colombiano-por-jacmel-invitado-por-leslie-voltaire-mientras-existe-ambiente-de-violencia-ambos-paises","status":"publish","type":"post","link":"https:\/\/diariodominicano.com\/?p=590775","title":{"rendered":"Petro entra a Hait\u00ed en avi\u00f3n militar colombiano por Jacmel, invitado por Leslie Voltaire. Mientras existe ambiente de violencia en ambos pa\u00edses"},"content":{"rendered":"\n<p>diariodominicano.com<\/p>\n\n\n\n<p>Hait\u00ed,\u200223 de enero, 2025, <strong>Voz de Am\u00e9rica, VOA.-<\/strong>\u2002El presidente de Colombia, Gustavo Petro, lleg\u00f3 el mi\u00e9rcoles por la tarde a la ciudad de Jacmel, en el sureste de Hait\u00ed, en una particular visita de un jefe de Estado extranjero al pa\u00eds caribe\u00f1o que atraviesa un\u00a0<strong><em><a href=\"https:\/\/www.vozdeamerica.com\/a\/crisis-en-haiti-violencia-desplaza-a-poblacion-de-puerto-principe\/7518158.html\" target=\"_blank\" rel=\"noreferrer noopener\">prolongado conflicto con bandas armadas.<\/a><\/em><\/strong><\/p>\n\n\n\n<p><em><strong><a href=\"https:\/\/www.vozdeamerica.com\/a\/guerra-entre-guerrillas-catatumbo-crisis-humanitaria-colombia\/7946528.html\" target=\"_blank\" rel=\"noreferrer noopener\">Colombia tambi\u00e9n se ha enfrentado a un aumento de la violencia<\/a><\/strong><\/em>&nbsp;por parte de facciones rebeldes que han paralizado las conversaciones de paz.<\/p>\n\n\n\n<p>Petro lleg\u00f3 a la peque\u00f1a ciudad costera, a unos 90 km de la capital Puerto Pr\u00edncipe, en un avi\u00f3n militar colombiano varias horas despu\u00e9s de lo previsto para el inicio de la visita, en la que cientos de residentes se volcaron para ver su llegada.<\/p>\n\n\n\n<p>El mandatario colombiano hizo escala en la Rep\u00fablica Dominicana, bordeando la asediada capital haitiana, donde esta misma semana se registraron varios tiroteos contra veh\u00edculos diplom\u00e1ticos.<\/p>\n\n\n\n<p>Se reuni\u00f3 con altos cargos del gobierno haitiano, entre ellos Leslie Voltaire, que ocupa la presidencia de turno del Consejo Presidencial de Transici\u00f3n, en un encuentro destinado a reforzar los lazos bilaterales.<\/p>\n\n\n\n<p>Voltaire ha manifestado su deseo de fomentar unas relaciones m\u00e1s estrechas con los pa\u00edses sudamericanos en un intento de reforzar el apoyo en materia de seguridad, ya que la misi\u00f3n de seguridad respaldada por la ONU no consigue frenar los avances de las bandas del pa\u00eds.<\/p>\n\n\n\n<p>Desde la aprobaci\u00f3n de la misi\u00f3n a finales de 2023, las bandas han ganado territorios estrat\u00e9gicos, lo que ha provocado repetidos cierres del principal puerto y aeropuerto de la capital, y ha agravado la escasez de alimentos, que ha llevado a que la mitad de los 11 millones de habitantes del pa\u00eds pasen hambre.<\/p>\n\n\n\n<p><em><strong><a href=\"https:\/\/www.vozdeamerica.com\/a\/onu-violencia-pandillas-haiti-triplica-desplazamientos-internos\/7936209.html\" target=\"_blank\" rel=\"noreferrer noopener\">El n\u00famero de desplazados internos se ha m\u00e1s que quintuplicado<\/a><\/strong><\/em>&nbsp;hasta superar el mill\u00f3n, frente a los cerca de 200.000 que hab\u00eda antes de que el Consejo de Seguridad de las Naciones Unidas aprobara el despliegue parcial de la misi\u00f3n.<\/p>\n\n\n\n<p>Tambi\u00e9n el mi\u00e9rcoles, el Consejo de Seguridad de la ONU se reuni\u00f3 para una sesi\u00f3n informativa sobre el conflicto, en la que varias naciones pidieron medidas m\u00e1s en\u00e9rgicas para restringir el actual flujo ilegal de armas de fuego, en gran parte procedente de Estados Unidos, hacia las organizaciones delictivas haitianas, ahora ampliamente aliadas.<\/p>\n\n\n\n<p>El ministro haitiano de Asuntos Exteriores, Jean-Victor Harvel Jean-Baptiste, reiter\u00f3 su llamamiento para que la misi\u00f3n, que seg\u00fan \u00e9l est\u00e1 \u00abgravemente infradotada\u00bb y carece de capacidades a\u00e9reas y mar\u00edtimas clave, se convierta en una misi\u00f3n formal de mantenimiento de la paz de la ONU para que dependa menos de las contribuciones voluntarias.<\/p>\n\n\n\n<p>\u00abEsperamos con gran inter\u00e9s las dem\u00e1s contribuciones que se han prometido desde hace mucho tiempo\u00bb, dijo. \u00abHait\u00ed no puede superar esta crisis solo. Por eso pedimos m\u00e1s recursos para estabilizar nuestra seguridad.\u00bb<\/p>\n\n\n\n<p>M\u00e1s de 200.000 migrantes haitianos fueron deportados al pa\u00eds el a\u00f1o pasado.<\/p>\n","protected":false},"excerpt":{"rendered":"<p>diariodominicano.com Hait\u00ed,\u200223 de enero, 2025, Voz de Am\u00e9rica, VOA.-\u2002El presidente de Colombia, Gustavo Petro, lleg\u00f3 el mi\u00e9rcoles por la tarde a la ciudad de Jacmel, en el sureste de Hait\u00ed, en una particular visita de un jefe de Estado extranjero al pa\u00eds caribe\u00f1o que atraviesa un\u00a0prolongado conflicto con bandas armadas. Colombia tambi\u00e9n se ha enfrentado [&hellip;]<\/p>\n","protected":false},"author":5,"featured_media":590776,"comment_status":"closed","ping_status":"closed","sticky":true,"template":"","format":"standard","meta":{"footnotes":""},"categories":[112,23,27],"tags":[],"class_list":["post-590775","post","type-post","status-publish","format-standard","has-post-thumbnail","hentry","category-haiti","category-internacional","category-portada"],"_links":{"self":[{"href":"https:\/\/diariodominicano.com\/index.php?rest_route=\/wp\/v2\/posts\/590775","targetHints":{"allow":["GET"]}}],"collection":[{"href":"https:\/\/diariodominicano.com\/index.php?rest_route=\/wp\/v2\/posts"}],"about":[{"href":"https:\/\/diariodominicano.com\/index.php?rest_route=\/wp\/v2\/types\/post"}],"author":[{"embeddable":true,"href":"https:\/\/diariodominicano.com\/index.php?rest_route=\/wp\/v2\/users\/5"}],"replies":[{"embeddable":true,"href":"https:\/\/diariodominicano.com\/index.php?rest_route=%2Fwp%2Fv2%2Fcomments&post=590775"}],"version-history":[{"count":2,"href":"https:\/\/diariodominicano.com\/index.php?rest_route=\/wp\/v2\/posts\/590775\/revisions"}],"predecessor-version":[{"id":590779,"href":"https:\/\/diariodominicano.com\/index.php?rest_route=\/wp\/v2\/posts\/590775\/revisions\/590779"}],"wp:featuredmedia":[{"embeddable":true,"href":"https:\/\/diariodominicano.com\/index.php?rest_route=\/wp\/v2\/media\/590776"}],"wp:attachment":[{"href":"https:\/\/diariodominicano.com\/index.php?rest_route=%2Fwp%2Fv2%2Fmedia&parent=590775"}],"wp:term":[{"taxonomy":"category","embeddable":true,"href":"https:\/\/diariodominicano.com\/index.php?rest_route=%2Fwp%2Fv2%2Fcategories&post=590775"},{"taxonomy":"post_tag","embeddable":true,"href":"https:\/\/diariodominicano.com\/index.php?rest_route=%2Fwp%2Fv2%2Ftags&post=590775"}],"curies":[{"name":"wp","href":"https:\/\/api.w.org\/{rel}","templated":true}]}}