{"id":590531,"date":"2025-01-22T16:59:02","date_gmt":"2025-01-22T20:59:02","guid":{"rendered":"https:\/\/diariodominicano.com\/?p=590531"},"modified":"2025-01-22T16:59:07","modified_gmt":"2025-01-22T20:59:07","slug":"afi-popular-y-afp-popular-reconocen-a-melia-hotels-international-por-innovadora-operacion-financiera","status":"publish","type":"post","link":"https:\/\/diariodominicano.com\/?p=590531","title":{"rendered":"AFI Popular y AFP Popular reconocen a Meli\u00e1 Hotels International por innovadora operaci\u00f3n financiera"},"content":{"rendered":"\n<p><strong>Distinci\u00f3n fue otorgada al presidente de Meli\u00e1 en el marco de FITUR 2025<\/strong> <br><\/p>\n\n\n\n<p>Madrid, Espa\u00f1a \u2013 AFI Popular y AFP Popular, filiales de Grupo Popular, otorgaron un reconocimiento especial a Meli\u00e1 Hotels International por la reciente operaci\u00f3n de adquisici\u00f3n del 25% de las sociedades propietarias de los hoteles Paradisus Palma Real Golf &amp; Spa y el nuevo hotel ZEL by Meli\u00e1 en Rep\u00fablica Dominicana, a trav\u00e9s del Fondo Cerrado de Desarrollo de Sociedades Popular, con el apoyo del fondo de pensiones de AFP Popular.<\/p>\n\n\n\n<p>Bajo la asesor\u00eda del equipo de Banca de Inversi\u00f3n del Banco Popular Dominicano, se estructur\u00f3 esta operaci\u00f3n sin precedentes para la cadena Meli\u00e1. Marca un hito estrat\u00e9gico en la promoci\u00f3n del turismo premium y de lujo en Rep\u00fablica Dominicana por su innovaci\u00f3n financiera y su capacidad para seguir apoyando la expansi\u00f3n del turismo dominicano.<\/p>\n\n\n\n<figure class=\"wp-block-image size-large\"><img loading=\"lazy\" decoding=\"async\" width=\"1024\" height=\"683\" src=\"https:\/\/diariodominicano.com\/wp-content\/uploads\/2025\/01\/Andre-Gerondeau-Rene-Grullon-Angel-Luis-Rodriguez-Eduardo-Grullon-Gabriel-Escarrer-Jaume-Christopher-1024x683.jpg\" alt=\"\" class=\"wp-image-590575\" srcset=\"https:\/\/diariodominicano.com\/wp-content\/uploads\/2025\/01\/Andre-Gerondeau-Rene-Grullon-Angel-Luis-Rodriguez-Eduardo-Grullon-Gabriel-Escarrer-Jaume-Christopher-1024x683.jpg 1024w, https:\/\/diariodominicano.com\/wp-content\/uploads\/2025\/01\/Andre-Gerondeau-Rene-Grullon-Angel-Luis-Rodriguez-Eduardo-Grullon-Gabriel-Escarrer-Jaume-Christopher-300x200.jpg 300w, https:\/\/diariodominicano.com\/wp-content\/uploads\/2025\/01\/Andre-Gerondeau-Rene-Grullon-Angel-Luis-Rodriguez-Eduardo-Grullon-Gabriel-Escarrer-Jaume-Christopher-768x512.jpg 768w, https:\/\/diariodominicano.com\/wp-content\/uploads\/2025\/01\/Andre-Gerondeau-Rene-Grullon-Angel-Luis-Rodriguez-Eduardo-Grullon-Gabriel-Escarrer-Jaume-Christopher-1536x1024.jpg 1536w, https:\/\/diariodominicano.com\/wp-content\/uploads\/2025\/01\/Andre-Gerondeau-Rene-Grullon-Angel-Luis-Rodriguez-Eduardo-Grullon-Gabriel-Escarrer-Jaume-Christopher-2048x1365.jpg 2048w, https:\/\/diariodominicano.com\/wp-content\/uploads\/2025\/01\/Andre-Gerondeau-Rene-Grullon-Angel-Luis-Rodriguez-Eduardo-Grullon-Gabriel-Escarrer-Jaume-Christopher-816x544.jpg 816w\" sizes=\"auto, (max-width: 1024px) 100vw, 1024px\" \/><figcaption class=\"wp-element-caption\">Desde la izquierda, los se\u00f1ores Andr\u00e9 Gerondeau, Ren\u00e9 Grull\u00f3n, \u00c1ngel Luis Rodr\u00edguez, Eduardo Grull\u00f3n, Gabriel Escarrer Jaume, Christopher Paniagua, Antonia Ant\u00f3n de Hern\u00e1ndez, Jos\u00e9 Manuel Cuervo, Juan Manuel Mart\u00edn de Oliva, Karina Vallejo y Juan de la Hera <\/figcaption><\/figure>\n\n\n\n<p>El reconocimiento fue entregado al se\u00f1or Gabriel Escarrer Jaume, presidente de Meli\u00e1 Hotels International, por los se\u00f1ores Eduardo J. Grull\u00f3n, presidente de AFP Popular, y Jos\u00e9 Manuel Cuervo, vicepresidente del \u00c1rea de Filiales del Mercado de Valores del Grupo Popular, quienes estuvieron acompa\u00f1ados por el se\u00f1or Christopher Paniagua, presidente ejecutivo del Banco Popular y el se\u00f1or Ren\u00e9 Grull\u00f3n, vicepresidente ejecutivo senior de Negocios Nacionales e Internacionales del Popular.<\/p>\n\n\n\n<p>Durante la actividad, destacaron la importancia de la alianza entre las filiales del Grupo Popular y Meli\u00e1 Hotels International para fortalecer la econom\u00eda nacional, promover pr\u00e1cticas sostenibles y diversificar la oferta tur\u00edstica del pa\u00eds a trav\u00e9s de esta innovaci\u00f3n financiera.<\/p>\n\n\n\n<p>Por su parte, el presidente y consejero delegado de Meli\u00e1 Hotels International, se\u00f1or Gabriel Escarrer Jaume, expres\u00f3 su gratitud y se\u00f1al\u00f3 que esta colaboraci\u00f3n con el Grupo Popular subraya la confianza de la organizaci\u00f3n financiera en el potencial del turismo dominicano y el compromiso mutuo con el desarrollo sostenible del sector.&nbsp;<\/p>\n\n\n\n<p><br>El acto de entrega se llev\u00f3 a cabo en el marco de la participaci\u00f3n de estas filiales en la Feria Internacional de Turismo (FITUR) 2025, donde el Banco Popular est\u00e1 teniendo una participaci\u00f3n destacada, con m\u00e1s de 45 reuniones de negocio.<\/p>\n\n\n\n<p><strong>Vicepresidencia Ejecutiva <\/strong>&nbsp;<br><strong>Comunicaciones Corporativas, Reputaci\u00f3n y Banca Responsable <\/strong>&nbsp;<\/p>\n\n\n\n<p><strong>Grupo Popular, S. A.<\/strong>&nbsp;<\/p>\n\n\n\n<p>Rocio Mej\u00eda Rodr\u00edguez &lt;<a href=\"mailto:rmmejia@bpd.com.do\">rmmejia@bpd.com.do<\/a>&gt;&nbsp;<\/p>\n","protected":false},"excerpt":{"rendered":"<p>Distinci\u00f3n fue otorgada al presidente de Meli\u00e1 en el marco de FITUR 2025 Madrid, Espa\u00f1a \u2013 AFI Popular y AFP Popular, filiales de Grupo Popular, otorgaron un reconocimiento especial a Meli\u00e1 Hotels International por la reciente operaci\u00f3n de adquisici\u00f3n del 25% de las sociedades propietarias de los hoteles Paradisus Palma Real Golf &amp; Spa y [&hellip;]<\/p>\n","protected":false},"author":7,"featured_media":590574,"comment_status":"closed","ping_status":"closed","sticky":false,"template":"","format":"standard","meta":{"footnotes":""},"categories":[18],"tags":[1464,1465,1466],"class_list":["post-590531","post","type-post","status-publish","format-standard","has-post-thumbnail","hentry","category-economia","tag-afi-popular","tag-afp-popular","tag-melia-hotels-international"],"_links":{"self":[{"href":"https:\/\/diariodominicano.com\/index.php?rest_route=\/wp\/v2\/posts\/590531","targetHints":{"allow":["GET"]}}],"collection":[{"href":"https:\/\/diariodominicano.com\/index.php?rest_route=\/wp\/v2\/posts"}],"about":[{"href":"https:\/\/diariodominicano.com\/index.php?rest_route=\/wp\/v2\/types\/post"}],"author":[{"embeddable":true,"href":"https:\/\/diariodominicano.com\/index.php?rest_route=\/wp\/v2\/users\/7"}],"replies":[{"embeddable":true,"href":"https:\/\/diariodominicano.com\/index.php?rest_route=%2Fwp%2Fv2%2Fcomments&post=590531"}],"version-history":[{"count":1,"href":"https:\/\/diariodominicano.com\/index.php?rest_route=\/wp\/v2\/posts\/590531\/revisions"}],"predecessor-version":[{"id":590585,"href":"https:\/\/diariodominicano.com\/index.php?rest_route=\/wp\/v2\/posts\/590531\/revisions\/590585"}],"wp:featuredmedia":[{"embeddable":true,"href":"https:\/\/diariodominicano.com\/index.php?rest_route=\/wp\/v2\/media\/590574"}],"wp:attachment":[{"href":"https:\/\/diariodominicano.com\/index.php?rest_route=%2Fwp%2Fv2%2Fmedia&parent=590531"}],"wp:term":[{"taxonomy":"category","embeddable":true,"href":"https:\/\/diariodominicano.com\/index.php?rest_route=%2Fwp%2Fv2%2Fcategories&post=590531"},{"taxonomy":"post_tag","embeddable":true,"href":"https:\/\/diariodominicano.com\/index.php?rest_route=%2Fwp%2Fv2%2Ftags&post=590531"}],"curies":[{"name":"wp","href":"https:\/\/api.w.org\/{rel}","templated":true}]}}