{"id":590445,"date":"2025-01-21T18:37:28","date_gmt":"2025-01-21T22:37:28","guid":{"rendered":"https:\/\/diariodominicano.com\/?p=590445"},"modified":"2025-01-21T18:37:36","modified_gmt":"2025-01-21T22:37:36","slug":"medidas-de-trump-buscan-atacar-soberania-del-pueblo-denuncia-cuba","status":"publish","type":"post","link":"https:\/\/diariodominicano.com\/?p=590445","title":{"rendered":"Medidas de Trump buscan atacar soberan\u00eda del pueblo, denuncia Cuba"},"content":{"rendered":"\n<p>La Habana, 21 ene (Prensa Latina) Cuba denunci\u00f3 hoy que el presidente Donald Trump arremeti\u00f3 contra la isla sin ning\u00fan pretexto y sus medidas demuestran la agresividad del imperialismo estadounidense contra la soberan\u00eda del pueblo.<\/p>\n\n\n\n<ul class=\"wp-block-list\">\n<li><a href=\"https:\/\/www.prensa-latina.cu\/2025\/01\/21\/\"><time>enero 21, 2025 | 15:11<\/time><\/a><\/li>\n<\/ul>\n\n\n\n<ul class=\"wp-block-list\">\n<li><a href=\"https:\/\/www.prensa-latina.cu\/2025\/01\/21\/medidas-de-trump-buscan-atacar-soberania-del-pueblo-denuncia-cuba\/#\"><\/a><\/li>\n\n\n\n<li><a href=\"https:\/\/www.prensa-latina.cu\/2025\/01\/21\/medidas-de-trump-buscan-atacar-soberania-del-pueblo-denuncia-cuba\/#\"><\/a><\/li>\n\n\n\n<li><a href=\"https:\/\/www.prensa-latina.cu\/2025\/01\/21\/medidas-de-trump-buscan-atacar-soberania-del-pueblo-denuncia-cuba\/#\"><\/a><\/li>\n\n\n\n<li><a href=\"https:\/\/www.prensa-latina.cu\/2025\/01\/21\/medidas-de-trump-buscan-atacar-soberania-del-pueblo-denuncia-cuba\/#\"><\/a><\/li>\n<\/ul>\n\n\n\n<p>\u00abLa decisi\u00f3n de restablecer las f\u00e9rreas medidas de guerra econ\u00f3mica contra Cuba, que su predecesor elimin\u00f3 solo d\u00edas antes, es demostraci\u00f3n de la agresividad del imperialismo estadounidense contra la soberan\u00eda, la paz y el bienestar de la poblaci\u00f3n cubana\u00bb, subray\u00f3 una declaraci\u00f3n del Gobierno de la isla.<\/p>\n\n\n\n<p>El texto apunt\u00f3 que la designaci\u00f3n del pa\u00eds caribe\u00f1o en la unilateral lista de Estados patrocinadores del terrorismo evidencia un desprecio absoluto a la verdad.<\/p>\n\n\n\n<p>Afirm\u00f3 que esta decisi\u00f3n no sorprende, y record\u00f3 la advertencia, realizada por el Ministerio de Relaciones Exteriores, el pasado 14 de enero, sobre la posibilidad de que la mayor de las Antillas regresara al arbitrario listado.<\/p>\n\n\n\n<p>En ese entonces, la Canciller\u00eda alert\u00f3 \u00abque el gobierno de ese pa\u00eds podr\u00eda revertir en el futuro las medidas hoy adoptadas, como ha ocurrido en otras ocasiones y como muestra de la falta de legitimidad, \u00e9tica, consistencia y raz\u00f3n de su conducta contra Cuba\u00bb.<\/p>\n\n\n\n<p>Asimismo, se\u00f1al\u00f3 que \u00ablos pol\u00edticos estadounidenses no suelen detenerse en encontrar justificaci\u00f3n\u00bb (\u2026) \u00abas\u00ed se gobierna en ese pa\u00eds\u00bb.<\/p>\n\n\n\n<p>En la declaraci\u00f3n divulgada este martes, el Gobierno Revolucionario denunci\u00f3 que Trump interpret\u00f3 su llegada al poder como la coronaci\u00f3n de emperador y su ambici\u00f3n abarca la conquista de Canad\u00e1, la usurpaci\u00f3n de Groenlandia, el cambio de nombre del Golfo de M\u00e9xico y el despojo a los paname\u00f1os de su canal.<\/p>\n\n\n\n<p>Precis\u00f3 que el nuevo presidente estadounidense est\u00e1 asociado con los grupos y pol\u00edticos que han hecho de la agresi\u00f3n a Cuba un modo de vida, han lucrado durante d\u00e9cadas del negocio anticubano y comparten hoy la embriaguez del nuevo mandatario.<\/p>\n\n\n\n<p>En esa l\u00ednea, asever\u00f3 que todos tienen una alta responsabilidad en la dif\u00edcil situaci\u00f3n econ\u00f3mica del pa\u00eds y en el aumento del flujo migratorio de Cuba hacia Estados Unidos.<\/p>\n\n\n\n<p>\u00abEste nuevo acto de agresi\u00f3n del gobierno de Estados Unidos contra el pueblo cubano muestra, una vez m\u00e1s, el objetivo verdadero, cruel, despiadado de estas y tantas otras medidas de cerco y asfixia, que con fines de dominaci\u00f3n se aplican contra Cuba\u00bb, indic\u00f3 la declaraci\u00f3n.<\/p>\n\n\n\n<p>Asimismo, afirm\u00f3 que la acci\u00f3n constituye una reacci\u00f3n de impotencia frente a la incapacidad de doblegar la voluntad de la isla y ante el respeto, simpat\u00eda y apoyo que concita la Revoluci\u00f3n entre los pueblos del mundo.<\/p>\n\n\n\n<p>Ratific\u00f3 que Cuba no se va a desviar del rumbo socialista, \u00abdel empe\u00f1o en recuperar la econom\u00eda, de fomentar la mayor solidaridad, creatividad, talento, esp\u00edritu de trabajo, y de defender como un basti\u00f3n inexpugnable la libertad, la independencia, la soberan\u00eda y el privilegio de construir un futuro sin injerencia extranjera\u00bb.<\/p>\n\n\n\n<p>Expres\u00f3 el agradecimiento del pueblo cubano hacia las m\u00faltiples expresiones de respaldo y solidaridad recibidas de todas partes del mundo; en particular de gobiernos, cubanos residentes en el exterior, parlamentos, organizaciones pol\u00edticas, religiosas, sociales y de figuras pol\u00edticas de Estados Unidos y de otros pa\u00edses.<\/p>\n\n\n\n<p>rc\/mks<\/p>\n\n\n\n<ul class=\"wp-block-list\">\n<li>#<a href=\"https:\/\/www.prensa-latina.cu\/etiqueta\/cuba\/\">cuba<\/a>\u00a0#<a href=\"https:\/\/www.prensa-latina.cu\/etiqueta\/gobierno-revolucionario\/\">Gobierno Revolucionario<\/a><\/li>\n<\/ul>\n","protected":false},"excerpt":{"rendered":"<p>La Habana, 21 ene (Prensa Latina) Cuba denunci\u00f3 hoy que el presidente Donald Trump arremeti\u00f3 contra la isla sin ning\u00fan pretexto y sus medidas demuestran la agresividad del imperialismo estadounidense contra la soberan\u00eda del pueblo. \u00abLa decisi\u00f3n de restablecer las f\u00e9rreas medidas de guerra econ\u00f3mica contra Cuba, que su predecesor elimin\u00f3 solo d\u00edas antes, es [&hellip;]<\/p>\n","protected":false},"author":28,"featured_media":590446,"comment_status":"closed","ping_status":"closed","sticky":true,"template":"","format":"standard","meta":{"footnotes":""},"categories":[23,27],"tags":[],"class_list":["post-590445","post","type-post","status-publish","format-standard","has-post-thumbnail","hentry","category-internacional","category-portada"],"_links":{"self":[{"href":"https:\/\/diariodominicano.com\/index.php?rest_route=\/wp\/v2\/posts\/590445","targetHints":{"allow":["GET"]}}],"collection":[{"href":"https:\/\/diariodominicano.com\/index.php?rest_route=\/wp\/v2\/posts"}],"about":[{"href":"https:\/\/diariodominicano.com\/index.php?rest_route=\/wp\/v2\/types\/post"}],"author":[{"embeddable":true,"href":"https:\/\/diariodominicano.com\/index.php?rest_route=\/wp\/v2\/users\/28"}],"replies":[{"embeddable":true,"href":"https:\/\/diariodominicano.com\/index.php?rest_route=%2Fwp%2Fv2%2Fcomments&post=590445"}],"version-history":[{"count":1,"href":"https:\/\/diariodominicano.com\/index.php?rest_route=\/wp\/v2\/posts\/590445\/revisions"}],"predecessor-version":[{"id":590447,"href":"https:\/\/diariodominicano.com\/index.php?rest_route=\/wp\/v2\/posts\/590445\/revisions\/590447"}],"wp:featuredmedia":[{"embeddable":true,"href":"https:\/\/diariodominicano.com\/index.php?rest_route=\/wp\/v2\/media\/590446"}],"wp:attachment":[{"href":"https:\/\/diariodominicano.com\/index.php?rest_route=%2Fwp%2Fv2%2Fmedia&parent=590445"}],"wp:term":[{"taxonomy":"category","embeddable":true,"href":"https:\/\/diariodominicano.com\/index.php?rest_route=%2Fwp%2Fv2%2Fcategories&post=590445"},{"taxonomy":"post_tag","embeddable":true,"href":"https:\/\/diariodominicano.com\/index.php?rest_route=%2Fwp%2Fv2%2Ftags&post=590445"}],"curies":[{"name":"wp","href":"https:\/\/api.w.org\/{rel}","templated":true}]}}