{"id":590415,"date":"2025-01-21T17:21:31","date_gmt":"2025-01-21T21:21:31","guid":{"rendered":"https:\/\/diariodominicano.com\/?p=590415"},"modified":"2025-01-21T17:21:42","modified_gmt":"2025-01-21T21:21:42","slug":"presidenta-de-mexico-dice-hay-que-mantener-cabeza-fria-y-evitar-confrontacion-con-trump","status":"publish","type":"post","link":"https:\/\/diariodominicano.com\/?p=590415","title":{"rendered":"Presidenta de M\u00e9xico dice hay que mantener \u00abcabeza fr\u00eda\u00bb y evitar confrontaci\u00f3n con Trump"},"content":{"rendered":"\n<p>La Presidenta de M\u00e9xico, Claudia Sheinbaum, mira en el Palacio Nacional, en la Ciudad de M\u00e9xico, M\u00e9xico, 21 de enero de 2025. REUTERS<\/p>\n\n\n\n<p>enero 21, 2025<\/p>\n\n\n\n<ul class=\"wp-block-list\">\n<li><a href=\"https:\/\/www.vozdeamerica.com\/author\/reuters\/riv_i\">Reuters<\/a><\/li>\n<\/ul>\n\n\n\n<ul class=\"wp-block-list\">\n<li><a href=\"https:\/\/facebook.com\/sharer.php?u=https%3a%2f%2fwww.vozdeamerica.com%2fa%2fpresidenta-mexico-dice-hay-que-mantener-cabeza-fria-y-evitar-confrontacion-con-trump%2f7944786.html\" target=\"_blank\" rel=\"noreferrer noopener\"><\/a><\/li>\n\n\n\n<li><a href=\"https:\/\/twitter.com\/share?url=https%3a%2f%2fwww.vozdeamerica.com%2fa%2fpresidenta-mexico-dice-hay-que-mantener-cabeza-fria-y-evitar-confrontacion-con-trump%2f7944786.html&amp;text=Presidenta+de+M%c3%a9xico+dice+hay+que+mantener+%22cabeza+fr%c3%ada%22+y+evitar+confrontaci%c3%b3n+con+Trump\" target=\"_blank\" rel=\"noreferrer noopener\"><\/a><\/li>\n\n\n\n<li><\/li>\n\n\n\n<li><a href=\"mailto:?body=https%3a%2f%2fwww.vozdeamerica.com%2fa%2fpresidenta-mexico-dice-hay-que-mantener-cabeza-fria-y-evitar-confrontacion-con-trump%2f7944786.html&amp;subject=Presidenta%20de%20M%C3%A9xico%20dice%20hay%20que%20mantener%20%22cabeza%20fr%C3%ADa%22%20y%20evitar%20confrontaci%C3%B3n%20con%20Trump\"><\/a><\/li>\n<\/ul>\n\n\n\n<p><a href=\"https:\/\/www.vozdeamerica.com\/a\/presidenta-mexico-dice-hay-que-mantener-cabeza-fria-y-evitar-confrontacion-con-trump\/7944786.html#comments\">&nbsp;Vea comentarios<\/a><\/p>\n\n\n\n<p>La mandataria mexicana Claudia Sheinbaum afirm\u00f3 que su gobierno adoptar\u00e1 una posici\u00f3n pragm\u00e1tica, evitar\u00e1 enfrentamientos con el presidente de EEUU, Donald Trump, y se referir\u00e1 a los decretos que impacten a su naci\u00f3n, m\u00e1s all\u00e1 de los pronunciamientos.<\/p>\n\n\n\n<p>CIUDAD DE M\u00c9XICO \u2014&nbsp;<\/p>\n\n\n\n<p>La presidenta de M\u00e9xico, Claudia Sheinbaum, dijo el martes que hay que mantener \u00abla cabeza fr\u00eda\u00bb, evitar la confrontaci\u00f3n con Donald Trump y atenerse solamente a los decretos lanzados por su hom\u00f3logo de Estados Unidos que realmente impacten a la relaci\u00f3n bilateral, no solo a su discurso.<\/p>\n\n\n\n<p>El mismo d\u00eda en que jurament\u00f3 el cargo,&nbsp;<em><strong><a href=\"https:\/\/www.vozdeamerica.com\/a\/trump-firma-primeras-ordenes-tras-investiduras\/7944200.html\" target=\"_blank\" rel=\"noreferrer noopener\">Trump declar\u00f3 zona de emergencia la frontera sur estadounidense<\/a><\/strong><\/em>, suspendi\u00f3 una aplicaci\u00f3n de citas para solicitantes de asilo y reinstaur\u00f3 el programa \u00abQu\u00e9date en M\u00e9xico\u00bb que retorna al pa\u00eds latinoamericano a los migrantes irregulares, tengan o no nacionalidad mexicana.<\/p>\n\n\n\n<p>\u00abEs importante siempre tener la cabeza fr\u00eda y referirnos a los decretos firmados, m\u00e1s all\u00e1 del discurso\u00bb, dijo Sheinbaum en su rueda de prensa diaria. \u00abNosotros tenemos que evitar confrontaciones, es una responsabilidad\u00bb.<\/p>\n\n\n\n<figure class=\"wp-block-embed is-type-rich is-provider-gestor-del-servicio wp-block-embed-gestor-del-servicio\"><div class=\"wp-block-embed__wrapper\">\nhttps:\/\/youtube.com\/watch?v=Yp3t4yhX_Tc%3F%26%26%26fs%3D1%26enablejsapi%3D1%26rel%3D0\n<\/div><\/figure>\n\n\n\n<p>La presidenta remarc\u00f3 que el decreto por el que Trump declar\u00f3 el lunes zona de emergencia la frontera sur de Estados Unidos \u00abes muy similar, pr\u00e1cticamente el mismo\u00bb a otro que firm\u00f3 durante su primer per\u00edodo, en 2019, y que el programa \u00abQu\u00e9date en M\u00e9xico\u00bb lo instaur\u00f3 tambi\u00e9n en 2018.<\/p>\n\n\n\n<p>Aclar\u00f3 que M\u00e9xico tiene sus propias estrategias para la migraci\u00f3n. \u00abActuamos de manera humanitaria pero tenemos nuestra pol\u00edtica migratoria y buscamos la repatriaci\u00f3n de esas personas que no son mexicanas a sus pa\u00edses de origen\u00bb, indic\u00f3.<\/p>\n\n\n\n<p>Respecto a la designaci\u00f3n de los c\u00e1rteles de droga mexicanos como organizaciones terroristas anunciada por Trump, afirm\u00f3 que Estados Unidos puede actuar como quiera en su territorio, pero M\u00e9xico es libre y soberano, aunque se mostr\u00f3 dispuesta a seguir cooperando en seguridad y lucha contra el crimen organizado.<\/p>\n\n\n\n<p>Consultada sobre una posible retaliaci\u00f3n en caso de que Trump imponga aranceles del 25 % a M\u00e9xico, algo que el republicano lunes dijo que estaba pensando hacer el 1 de febrero, se\u00f1al\u00f3 que hay que ir \u00abpaso a paso\u00bb.<\/p>\n\n\n\n<p>La presidenta revel\u00f3 que est\u00e1 previsto que entre el martes y el mi\u00e9rcoles el canciller mexicano, Juan Ram\u00f3n de la Fuente, y el secretario de Estado designado por Trump, Marco Rubio, sostengan una comunicaci\u00f3n para iniciar los contactos entre las dos administraciones.<\/p>\n\n\n\n<p><a href=\"https:\/\/www.vozdeamerica.com\/a\/mexico-lanza-campania-contra-el-consumo-de-fentanilo-en-medio-de-presiones-de-eeuu-\/7927761.html\"><\/a><\/p>\n\n\n\n<p><a href=\"https:\/\/www.vozdeamerica.com\/a\/mexico-lanza-campania-contra-el-consumo-de-fentanilo-en-medio-de-presiones-de-eeuu-\/7927761.html\">Tambi\u00e9n lea<\/a><\/p>\n\n\n\n<h4 class=\"wp-block-heading\"><a href=\"https:\/\/www.vozdeamerica.com\/a\/mexico-lanza-campania-contra-el-consumo-de-fentanilo-en-medio-de-presiones-de-eeuu-\/7927761.html\">M\u00e9xico lanza campa\u00f1a contra el consumo de fentanilo en medio de presiones de EEUU<\/a><\/h4>\n\n\n\n<p>Adem\u00e1s, subray\u00f3 que en uno de los decretos firmados en la v\u00edspera por su hom\u00f3logo se instruye al representante comercial estadounidense a iniciar conversaciones con M\u00e9xico y Canad\u00e1 para la revisi\u00f3n en 2026 del tratado de comercio de Norteam\u00e9rica, TMEC, vigente entre los tres pa\u00edses desde 2020.<\/p>\n\n\n\n<p>El decreto de Trump sobre el cambio de nombre del Golfo de M\u00e9xico para llamarlo Golfo de Estados Unidos se refiere solo a la plataforma continental de ese pa\u00eds, dijo Sheinbaum. \u00abPara nosotros y para el mundo entero se sigue llamando Golfo de M\u00e9xico\u00bb.<\/p>\n\n\n\n<p>Durante la intervenci\u00f3n de la mandataria, el peso mexicano perd\u00eda la ma\u00f1ana del martes un 1.1 % a 20.6976 unidades por d\u00f3lar, reduciendo brevemente sus p\u00e9rdidas pero siendo todav\u00eda la moneda que mostraba peor desempe\u00f1o a nivel global respecto a la divisa estadounidense, golpeada por las medidas de Trump.<\/p>\n\n\n\n<p>\u00abLo que esta tratando de hacer Sheinbaum es tratar de calmar los \u00e1nimos (&#8230;) dar ese mensaje al mercado y a la poblaci\u00f3n en general para tratar de decir no es que ya est\u00e9 todo escrito en piedra y parece ser m\u00e1s un tema de negociaci\u00f3n\u00bb, dijo Julio Ruiz, economista en jefe para M\u00e9xico de Citi, en una nota de an\u00e1lisis.<\/p>\n","protected":false},"excerpt":{"rendered":"<p>La Presidenta de M\u00e9xico, Claudia Sheinbaum, mira en el Palacio Nacional, en la Ciudad de M\u00e9xico, M\u00e9xico, 21 de enero de 2025. REUTERS enero 21, 2025 &nbsp;Vea comentarios La mandataria mexicana Claudia Sheinbaum afirm\u00f3 que su gobierno adoptar\u00e1 una posici\u00f3n pragm\u00e1tica, evitar\u00e1 enfrentamientos con el presidente de EEUU, Donald Trump, y se referir\u00e1 a los [&hellip;]<\/p>\n","protected":false},"author":28,"featured_media":590417,"comment_status":"closed","ping_status":"closed","sticky":true,"template":"","format":"standard","meta":{"footnotes":""},"categories":[36,23,27],"tags":[],"class_list":["post-590415","post","type-post","status-publish","format-standard","has-post-thumbnail","hentry","category-hombresmujeresycosas","category-internacional","category-portada"],"_links":{"self":[{"href":"https:\/\/diariodominicano.com\/index.php?rest_route=\/wp\/v2\/posts\/590415","targetHints":{"allow":["GET"]}}],"collection":[{"href":"https:\/\/diariodominicano.com\/index.php?rest_route=\/wp\/v2\/posts"}],"about":[{"href":"https:\/\/diariodominicano.com\/index.php?rest_route=\/wp\/v2\/types\/post"}],"author":[{"embeddable":true,"href":"https:\/\/diariodominicano.com\/index.php?rest_route=\/wp\/v2\/users\/28"}],"replies":[{"embeddable":true,"href":"https:\/\/diariodominicano.com\/index.php?rest_route=%2Fwp%2Fv2%2Fcomments&post=590415"}],"version-history":[{"count":1,"href":"https:\/\/diariodominicano.com\/index.php?rest_route=\/wp\/v2\/posts\/590415\/revisions"}],"predecessor-version":[{"id":590418,"href":"https:\/\/diariodominicano.com\/index.php?rest_route=\/wp\/v2\/posts\/590415\/revisions\/590418"}],"wp:featuredmedia":[{"embeddable":true,"href":"https:\/\/diariodominicano.com\/index.php?rest_route=\/wp\/v2\/media\/590417"}],"wp:attachment":[{"href":"https:\/\/diariodominicano.com\/index.php?rest_route=%2Fwp%2Fv2%2Fmedia&parent=590415"}],"wp:term":[{"taxonomy":"category","embeddable":true,"href":"https:\/\/diariodominicano.com\/index.php?rest_route=%2Fwp%2Fv2%2Fcategories&post=590415"},{"taxonomy":"post_tag","embeddable":true,"href":"https:\/\/diariodominicano.com\/index.php?rest_route=%2Fwp%2Fv2%2Ftags&post=590415"}],"curies":[{"name":"wp","href":"https:\/\/api.w.org\/{rel}","templated":true}]}}