{"id":590407,"date":"2025-01-21T17:12:38","date_gmt":"2025-01-21T21:12:38","guid":{"rendered":"https:\/\/diariodominicano.com\/?p=590407"},"modified":"2025-01-21T17:14:19","modified_gmt":"2025-01-21T21:14:19","slug":"en-la-onu-panama-recuerda-a-trump-que-no-debe-amenazar-con-el-uso-de-la-fuerza","status":"publish","type":"post","link":"https:\/\/diariodominicano.com\/?p=590407","title":{"rendered":"En la ONU, Panam\u00e1 recuerda a Trump que no debe amenazar con el uso de la fuerza"},"content":{"rendered":"\n<p>ARCHIVO &#8211; El buque portacontenedores MAERSK TAURUS de Singapur transita por las esclusas de Cocoli en el Canal de Panam\u00e1, en las afueras de la ciudad de Panam\u00e1, Panam\u00e1, el 12 de agosto de 2024.<\/p>\n\n\n\n<ul class=\"wp-block-list\">\n<li><a href=\"https:\/\/www.vozdeamerica.com\/author\/reuters\/riv_i\">Reuters<\/a><\/li>\n<\/ul>\n\n\n\n<ul class=\"wp-block-list\">\n<li><a href=\"https:\/\/facebook.com\/sharer.php?u=https%3a%2f%2fwww.vozdeamerica.com%2fa%2fonu-panama-recuerda-trump-no-debe-amenazar-uso-fuerza-%2f7945196.html\" target=\"_blank\" rel=\"noreferrer noopener\"><\/a><\/li>\n\n\n\n<li><a href=\"https:\/\/twitter.com\/share?url=https%3a%2f%2fwww.vozdeamerica.com%2fa%2fonu-panama-recuerda-trump-no-debe-amenazar-uso-fuerza-%2f7945196.html&amp;text=En+la+ONU%2c+Panam%c3%a1+recuerda+a+Trump+que+no+debe+amenazar+con+el+uso+de+la+fuerza\" target=\"_blank\" rel=\"noreferrer noopener\"><\/a><\/li>\n\n\n\n<li><\/li>\n\n\n\n<li><a href=\"mailto:?body=https%3a%2f%2fwww.vozdeamerica.com%2fa%2fonu-panama-recuerda-trump-no-debe-amenazar-uso-fuerza-%2f7945196.html&amp;subject=En%20la%20ONU,%20Panam%C3%A1%20recuerda%20a%20Trump%20que%20no%20debe%20amenazar%20con%20el%20uso%20de%20la%20fuerza\"><\/a><\/li>\n<\/ul>\n\n\n\n<p><a href=\"https:\/\/www.vozdeamerica.com\/a\/onu-panama-recuerda-trump-no-debe-amenazar-uso-fuerza-\/7945196.html#comments\">&nbsp;Vea comentarios<\/a><\/p>\n\n\n\n<p>A trav\u00e9s de un misiva, Panam\u00e1 alert\u00f3 a Naciones Unidas sobre las declaraciones del presidente Donald Trump acerca de la recuperaci\u00f3n del canal mar\u00edtimo del pa\u00eds centroamericano.<\/p>\n\n\n\n<p>NACIONES UNIDAS \u2014&nbsp;<\/p>\n\n\n\n<p>Panam\u00e1 alert\u00f3 a Naciones Unidas -en una carta vista por Reuters el martes- sobre las declaraciones del presidente Donald Trump durante su&nbsp;<strong><em><a href=\"https:\/\/www.vozdeamerica.com\/a\/cierto-falso-o-enganioso-discurso-de-toma-de-posesion-de-donald-trump\/7944236.html\" target=\"_blank\" rel=\"noreferrer noopener\">discurso de investidura<\/a><\/em><\/strong>, cuando prometi\u00f3 que Estados Unidos recuperar\u00eda el Canal de Panam\u00e1.<\/p>\n\n\n\n<p>El embajador paname\u00f1o ante la ONU, Eloy Alfaro de Alba, record\u00f3 que, seg\u00fan la Carta fundacional de la ONU, los pa\u00edses deben abstenerse en sus relaciones internacionales de recurrir a la amenaza o al uso de la fuerza contra la integridad territorial o la independencia pol\u00edtica de cualquier Estado.<\/p>\n\n\n\n<p><video poster=\"https:\/\/gdb.voanews.com\/fd7a2a3a-655f-4d1a-81bd-8db958257bb2_tv_w650_r1.jpg\" src=\"blob:https:\/\/www.vozdeamerica.com\/70703333-35cc-4b6c-9074-6b5af8dcf72d\" height=\"381\" width=\"676\"><\/video><\/p>\n\n\n\n<h5 class=\"wp-block-heading\"><a href=\"https:\/\/www.vozdeamerica.com\/a\/onu-panama-recuerda-trump-no-debe-amenazar-uso-fuerza-\/7943575.html\" target=\"_blank\" rel=\"noreferrer noopener\">Trump sobre el Canal de Panam\u00e1<\/a>x<\/h5>\n\n\n\n<ul class=\"wp-block-list\">\n<li><a href=\"https:\/\/facebook.com\/sharer.php?u=https%3a%2f%2fwww.vozdeamerica.com%2fa%2f7943575.html\" target=\"_blank\" rel=\"noreferrer noopener\">Comparta en Facebook<\/a><\/li>\n\n\n\n<li><a href=\"https:\/\/twitter.com\/share?url=https%3a%2f%2fwww.vozdeamerica.com%2fa%2f7943575.html&amp;text=Trump+sobre+el+Canal+de+Panam%c3%a1\" target=\"_blank\" rel=\"noreferrer noopener\">Comparta en Twitter<\/a><\/li>\n<\/ul>\n\n\n\n<hr class=\"wp-block-separator has-alpha-channel-opacity\"\/>\n\n\n\n<p><a href=\"https:\/\/www.vozdeamerica.com\/embed\/player\/Article\/7943575.html?type=video&amp;FullScreenMode=True\" target=\"_blank\" rel=\"noreferrer noopener\"><\/a><\/p>\n\n\n\n<p>&nbsp;Descargar&nbsp;<\/p>\n\n\n\n<p>La carta iba dirigida al secretario general de la ONU, Antonio Guterres, y se distribuy\u00f3 a los 15 miembros del Consejo de Seguridad. Panam\u00e1 es miembro del cuerpo para el per\u00edodo 2025-26.<\/p>\n\n\n\n<p>Redoblando su amenaza previa a la toma de posesi\u00f3n de reimponer el control estadounidense sobre el canal, Trump acus\u00f3 el lunes a Panam\u00e1 de incumplir las promesas que hizo para el traspaso definitivo de la estrat\u00e9gica v\u00eda acu\u00e1tica en 1999 y de ceder su explotaci\u00f3n a China, afirmaciones que&nbsp;<strong><em><a href=\"https:\/\/www.vozdeamerica.com\/a\/presidente-mulino-rechaza-las-declaraciones-de-trump-sobre-el-canal-de-panama\/7943686.html\" target=\"_blank\" rel=\"noreferrer noopener\">el gobierno paname\u00f1o ha negado tajantemente.<\/a><\/em><\/strong><\/p>\n\n\n\n<p>Estados Unidos construy\u00f3 en gran parte el canal y administr\u00f3 durante d\u00e9cadas el territorio que rodea el paso.<\/p>\n\n\n\n<p>Pero Estados Unidos y Panam\u00e1 firmaron un par de acuerdos en 1977 que allanaron el camino para que el canal volviera a estar totalmente bajo control paname\u00f1o. Washington lo entreg\u00f3 en 1999 tras una fase de administraci\u00f3n conjunta.<\/p>\n","protected":false},"excerpt":{"rendered":"<p>ARCHIVO &#8211; El buque portacontenedores MAERSK TAURUS de Singapur transita por las esclusas de Cocoli en el Canal de Panam\u00e1, en las afueras de la ciudad de Panam\u00e1, Panam\u00e1, el 12 de agosto de 2024. &nbsp;Vea comentarios A trav\u00e9s de un misiva, Panam\u00e1 alert\u00f3 a Naciones Unidas sobre las declaraciones del presidente Donald Trump acerca [&hellip;]<\/p>\n","protected":false},"author":28,"featured_media":590408,"comment_status":"closed","ping_status":"closed","sticky":true,"template":"","format":"standard","meta":{"footnotes":""},"categories":[23,27],"tags":[],"class_list":["post-590407","post","type-post","status-publish","format-standard","has-post-thumbnail","hentry","category-internacional","category-portada"],"_links":{"self":[{"href":"https:\/\/diariodominicano.com\/index.php?rest_route=\/wp\/v2\/posts\/590407","targetHints":{"allow":["GET"]}}],"collection":[{"href":"https:\/\/diariodominicano.com\/index.php?rest_route=\/wp\/v2\/posts"}],"about":[{"href":"https:\/\/diariodominicano.com\/index.php?rest_route=\/wp\/v2\/types\/post"}],"author":[{"embeddable":true,"href":"https:\/\/diariodominicano.com\/index.php?rest_route=\/wp\/v2\/users\/28"}],"replies":[{"embeddable":true,"href":"https:\/\/diariodominicano.com\/index.php?rest_route=%2Fwp%2Fv2%2Fcomments&post=590407"}],"version-history":[{"count":2,"href":"https:\/\/diariodominicano.com\/index.php?rest_route=\/wp\/v2\/posts\/590407\/revisions"}],"predecessor-version":[{"id":590411,"href":"https:\/\/diariodominicano.com\/index.php?rest_route=\/wp\/v2\/posts\/590407\/revisions\/590411"}],"wp:featuredmedia":[{"embeddable":true,"href":"https:\/\/diariodominicano.com\/index.php?rest_route=\/wp\/v2\/media\/590408"}],"wp:attachment":[{"href":"https:\/\/diariodominicano.com\/index.php?rest_route=%2Fwp%2Fv2%2Fmedia&parent=590407"}],"wp:term":[{"taxonomy":"category","embeddable":true,"href":"https:\/\/diariodominicano.com\/index.php?rest_route=%2Fwp%2Fv2%2Fcategories&post=590407"},{"taxonomy":"post_tag","embeddable":true,"href":"https:\/\/diariodominicano.com\/index.php?rest_route=%2Fwp%2Fv2%2Ftags&post=590407"}],"curies":[{"name":"wp","href":"https:\/\/api.w.org\/{rel}","templated":true}]}}