{"id":590378,"date":"2025-01-21T12:05:27","date_gmt":"2025-01-21T16:05:27","guid":{"rendered":"https:\/\/diariodominicano.com\/?p=590378"},"modified":"2025-01-21T12:08:16","modified_gmt":"2025-01-21T16:08:16","slug":"republica-dominicana-iglesia-invita-a-renovar-la-justicia-social","status":"publish","type":"post","link":"https:\/\/diariodominicano.com\/?p=590378","title":{"rendered":"Rep\u00fablica Dominicana: Iglesia invita a renovar la justicia social"},"content":{"rendered":"\n<p>diariodominicano.com<\/p>\n\n\n\n<p>Por <strong>Sebasti\u00e1n Sans\u00f3n Ferrari &#8211; Ciudad del Vaticano<\/strong><\/p>\n\n\n\n<p>Vaticano,\u200221 de enero, 2025.-\u2002El compromiso formativo de los laicos, la b\u00fasqueda de superaci\u00f3n y el emprendimiento de los j\u00f3venes, el auge de la participaci\u00f3n en organizaciones sociales, el rol activo de las mujeres en la vida eclesial y los movimientos eclesiales. Estos son algunos signos de esperanza que constata la Conferencia del Episcopado Dominicano (CED). \u00abNos muestran que, aun en medio de los desaf\u00edos, el Esp\u00edritu Santo sigue obrando en nuestras comunidades, anim\u00e1ndonos a caminar con esperanza hacia un futuro mejor\u00bb, escriben los obispos en la carta pastoral \u00abCaminemos juntos: la esperanza no defrauda\u00bb.<\/p>\n\n\n\n<p>El documento, que como es tradici\u00f3n se publica cerca de la fiesta de Nuestra Se\u00f1ora de la Altagracia (21 de enero), Patrona del pa\u00eds, est\u00e1 compuesto por 37 puntos distribuidos en dos temas principales: el s\u00ednodo de la sinodalidad y el Jubileo de la Esperanza.<\/p>\n\n\n\n<p>Respecto al primero, los prelados subrayan que \u00abnos ofrece una oportunidad \u00fanica para profundizar en nuestra vocaci\u00f3n de ser una Iglesia que camina junta, que escucha a todos sus miembros y que conf\u00eda plenamente en el futuro que Dios est\u00e1 preparando\u00bb.<\/p>\n\n\n\n<p>En cuanto al segundo, invitan al Pueblo de Dios a abrazar con entusiasmo este tiempo de gracia y retoma algunas palabras del Papa Francisco en la bula de convocatoria&nbsp;<em><a href=\"https:\/\/www.vatican.va\/content\/francesco\/es\/bulls\/documents\/20240509_spes-non-confundit_bolla-giubileo2025.html\">Spes non confundit<\/a>.&nbsp;<\/em>En el extracto propuesto, el Pont\u00edfice precisa que en el coraz\u00f3n de toda persona anida la esperanza como deseo y expectativa del bien, aun ignorando lo que traer\u00e1 consigo el ma\u00f1ana.<\/p>\n\n\n\n<p>No obstante, la imprevisibilidad del futuro hace surgir sentimientos a menudo contrapuestos, como el temor, el desaliento y la duda. \u00abEncontramos con frecuencia personas desanimadas, afirma el Santo Padre, que miran el futuro con escepticismo y pesimismo, como si nada pudiera ofrecerles felicidad\u00bb. Por tal motivo, el Obispo de Roma pide que el Jubileo sea para todos una ocasi\u00f3n de reavivar la esperanza.<\/p>\n\n\n\n<h2 class=\"wp-block-heading\">Un llamado a caminar con esperanza<\/h2>\n\n\n\n<p>Los Pastores expresan su \u00abprofunda preocupaci\u00f3n\u00bb por la situaci\u00f3n que vive el pueblo, as\u00ed como su tristeza frente a las condiciones de pobreza y sufrimiento que afectan a tantos compatriotas:<\/p>\n\n\n\n<p>Para la CED, es innegable que la naci\u00f3n ha atravesado momentos complejos, \u00abmarcados por la marginaci\u00f3n social\u00bb, la inseguridad, el desempleo que golpea especialmente a los j\u00f3venes y el impacto del alto costo de la vida en los hogares m\u00e1s vulnerables. Pese a este escenario, los obispos est\u00e1n reconfortados por el compromiso de tantas personas que, con gestos generosos y una preocupaci\u00f3n constante por la justicia, siembran semillas de solidaridad en sus comunidades.<\/p>\n\n\n\n<p><em>\u00abSus acciones desinteresadas hacia los m\u00e1s necesitados, prosiguen, no solo alivian el sufrimiento de muchos, sino que tambi\u00e9n inspiran a otros a unirse en la noble causa de construir un futuro m\u00e1s justo y humano\u00bb.<\/em><\/p>\n\n\n\n<p>Junto a ellos, el Episcopado comparte el anhelo de una patria que respete la dignidad de cada individuo y garantice sus derechos esenciales, una sociedad fundamentada en la justicia, la equidad y el bien com\u00fan. Tambi\u00e9n est\u00e1n inquietos sobremanera por los m\u00e1s expuestos al riesgo de caer en la pobreza debido a las crisis econ\u00f3micas y a los efectos del cambio clim\u00e1tico. Por ende, remarcan el llamado de renovar el compromiso con el desarrollo integral y la protecci\u00f3n de los m\u00e1s fr\u00e1giles.<\/p>\n\n\n\n<h2 class=\"wp-block-heading\">Un a\u00f1o fortalecido por la vocaci\u00f3n de paz y fraternidad<\/h2>\n\n\n\n<p>La carta pastoral contiene los deseos sinceros de un a\u00f1o sereno para todos, en el que la sinodalidad inspire a buscar juntos soluciones concretas a las dificultades, fomentando el di\u00e1logo y la solidaridad. Como Iglesia en la Rep\u00fablica Dominicana, renuevan su compromiso de estar al lado de los marginados y de aquellos que sufren, promoviendo iniciativas que fomenten la justicia social, la educaci\u00f3n y el desarrollo de cada persona.\u00a0<\/p>\n\n\n\n<p>Al reafirmar la dedicaci\u00f3n a ser una presencia viva y activa en la sociedad, promoviendo los valores del Evangelio y defendiendo la dignidad de cada ser humano, los obispos piden la intercesi\u00f3n de Nuestra Se\u00f1ora de la Altagracia \u00abpara que gu\u00ede nuestros pasos y fortalezca nuestra esperanza en el Se\u00f1or\u00bb.<\/p>\n\n\n\n<p><\/p>\n","protected":false},"excerpt":{"rendered":"<p>diariodominicano.com Por Sebasti\u00e1n Sans\u00f3n Ferrari &#8211; Ciudad del Vaticano Vaticano,\u200221 de enero, 2025.-\u2002El compromiso formativo de los laicos, la b\u00fasqueda de superaci\u00f3n y el emprendimiento de los j\u00f3venes, el auge de la participaci\u00f3n en organizaciones sociales, el rol activo de las mujeres en la vida eclesial y los movimientos eclesiales. Estos son algunos signos de [&hellip;]<\/p>\n","protected":false},"author":5,"featured_media":590381,"comment_status":"closed","ping_status":"closed","sticky":true,"template":"","format":"standard","meta":{"footnotes":""},"categories":[23,27],"tags":[],"class_list":["post-590378","post","type-post","status-publish","format-standard","has-post-thumbnail","hentry","category-internacional","category-portada"],"_links":{"self":[{"href":"https:\/\/diariodominicano.com\/index.php?rest_route=\/wp\/v2\/posts\/590378","targetHints":{"allow":["GET"]}}],"collection":[{"href":"https:\/\/diariodominicano.com\/index.php?rest_route=\/wp\/v2\/posts"}],"about":[{"href":"https:\/\/diariodominicano.com\/index.php?rest_route=\/wp\/v2\/types\/post"}],"author":[{"embeddable":true,"href":"https:\/\/diariodominicano.com\/index.php?rest_route=\/wp\/v2\/users\/5"}],"replies":[{"embeddable":true,"href":"https:\/\/diariodominicano.com\/index.php?rest_route=%2Fwp%2Fv2%2Fcomments&post=590378"}],"version-history":[{"count":1,"href":"https:\/\/diariodominicano.com\/index.php?rest_route=\/wp\/v2\/posts\/590378\/revisions"}],"predecessor-version":[{"id":590379,"href":"https:\/\/diariodominicano.com\/index.php?rest_route=\/wp\/v2\/posts\/590378\/revisions\/590379"}],"wp:featuredmedia":[{"embeddable":true,"href":"https:\/\/diariodominicano.com\/index.php?rest_route=\/wp\/v2\/media\/590381"}],"wp:attachment":[{"href":"https:\/\/diariodominicano.com\/index.php?rest_route=%2Fwp%2Fv2%2Fmedia&parent=590378"}],"wp:term":[{"taxonomy":"category","embeddable":true,"href":"https:\/\/diariodominicano.com\/index.php?rest_route=%2Fwp%2Fv2%2Fcategories&post=590378"},{"taxonomy":"post_tag","embeddable":true,"href":"https:\/\/diariodominicano.com\/index.php?rest_route=%2Fwp%2Fv2%2Ftags&post=590378"}],"curies":[{"name":"wp","href":"https:\/\/api.w.org\/{rel}","templated":true}]}}