{"id":590328,"date":"2025-01-20T20:46:31","date_gmt":"2025-01-21T00:46:31","guid":{"rendered":"https:\/\/diariodominicano.com\/?p=590328"},"modified":"2025-01-20T20:47:28","modified_gmt":"2025-01-21T00:47:28","slug":"gobierno-presidente-abinader-contempla-emitir-primer-pasaporte-electronico-en-agosto-de-2025","status":"publish","type":"post","link":"https:\/\/diariodominicano.com\/?p=590328","title":{"rendered":"Gobierno presidente Abinader contempla emitir primer pasaporte electr\u00f3nico en agosto de 2025"},"content":{"rendered":"\n<p>diariodominicano.com<\/p>\n\n\n\n<p>Santo Domingo, R. D.,\u200220 de enero, 2025.-\u00a0<strong>El presidente Luis Abinader<\/strong>\u00a0encabez\u00f3 este un nuevo encuentro de\u00a0<strong>LA Semanal con la Prensa<\/strong>, cuyo tema central fue\u00a0<strong>\u201cM\u00e1s y mejor servicio en Pasaportes\u201d.<\/strong><\/p>\n\n\n\n<p>En este sentido, se inform\u00f3 que el&nbsp;<strong>8 %<\/strong>&nbsp;de la poblaci\u00f3n dominicana&nbsp;<strong>recibi\u00f3 pasaportes en el 2024&nbsp;<\/strong>y que&nbsp;<strong>832,124 libretas<\/strong>&nbsp;de pasaporte fueron emitidas y entregadas&nbsp;<strong>en tiempo r\u00e9cord.<\/strong><\/p>\n\n\n\n<p><strong>Crecimiento en la emisi\u00f3n<\/strong><\/p>\n\n\n\n<p>El jefe de Estado, al explicar sobre el particular, manifest\u00f3 que en 2024 se produjo un\u00a0<strong>80.7 % m\u00e1s de emisiones que en 2019<\/strong>\u00a0y que se tendr\u00e1 la capacidad de atender aproximadamente\u00a0<strong>un mill\u00f3n de personas durante el 2025<\/strong>.<\/p>\n\n\n\n<p><strong>Novedades<\/strong><\/p>\n\n\n\n<p>Entre las novedades que se\u00f1al\u00f3 el director general de Pasaportes,&nbsp;<strong>Lorenzo David Ram\u00edrez Uribe<\/strong>, est\u00e1 la de solicitud de pasaportes&nbsp;<strong>en l\u00ednea<\/strong>&nbsp;en 15 de las 16 localidades.<\/p>\n\n\n\n<p>Anunci\u00f3 adem\u00e1s, que habr\u00e1&nbsp;<strong>citas inmediatas en 24 horas<\/strong>&nbsp;a trav\u00e9s del portal en l\u00ednea de la DGP.<\/p>\n\n\n\n<p><strong>Bot\u00f3n de pago<\/strong><\/p>\n\n\n\n<p>Desde el 1 de julio los usuarios pueden realizar&nbsp;<strong>todos los pagos<\/strong>, como son impuestos, fotograf\u00edas, carta de autorizaci\u00f3n del menor&nbsp;<strong>en un solo lugar<\/strong>.<\/p>\n\n\n\n<p><strong>Nuevo servicio de captura a distancia<\/strong><\/p>\n\n\n\n<p>Respecto a la captura a distancia, se podr\u00e1n&nbsp;<strong>capturar los datos biom\u00e9tricos y fotograf\u00edas sin visitar las oficinas de la DGP.<\/strong><\/p>\n\n\n\n<p>De igual modo, se facilita el tr\u00e1mite a personas con&nbsp;<strong>condiciones m\u00e9dicas agravadas, movilidad reducida y mayores de 75 a\u00f1os.<\/strong><\/p>\n\n\n\n<p>Se inform\u00f3 que este beneficio lo recibir\u00e1n&nbsp;<strong>m\u00e1s de 400,000<\/strong>&nbsp;<strong>personas<\/strong>&nbsp;con discapacidad y adultos mayores.<\/p>\n\n\n\n<p><strong>Pasaporte electr\u00f3nico. Seguridad y eficiencia<\/strong><\/p>\n\n\n\n<p>Al informarse sobre este tema, se explic\u00f3 que hay un&nbsp;<strong>est\u00e1ndar global<\/strong>&nbsp;que incorpora un&nbsp;<strong>microchip de identificaci\u00f3n<\/strong>&nbsp;implementado en&nbsp;<strong>m\u00e1s de 135 pa\u00edses<\/strong>.<\/p>\n\n\n\n<p>Adem\u00e1s, se han implementado m\u00faltiples&nbsp;<strong>medidas avanzadas<\/strong>&nbsp;<strong>de seguridad&nbsp;<\/strong>que evitan la falsificaci\u00f3n y suplantaci\u00f3n de la identidad de los ciudadanos.<\/p>\n\n\n\n<p><strong>Por la soberan\u00eda y la seguridad nacional<\/strong><\/p>\n\n\n\n<p>La implementaci\u00f3n del pasaporte electr\u00f3nico cuenta con el&nbsp;<strong>respaldo<\/strong>&nbsp;de la Organizaci\u00f3n de Aviaci\u00f3n Civil Internacional de las Naciones Unidas&nbsp;<strong>(OACI)<\/strong>, de la cual el pa\u00eds es&nbsp;<strong>miembro signatario.<\/strong><\/p>\n\n\n\n<p>Tambi\u00e9n, se garantizar\u00e1n mejores procedimientos para que el nuevo documento de viaje dominicano cumpla con las normativas para asegurar su&nbsp;<strong>aceptaci\u00f3n en todo el mundo.<\/strong><\/p>\n\n\n\n<p><strong>Proceso di\u00e1fano<\/strong><\/p>\n\n\n\n<p>Se contempla que&nbsp;<strong>en agosto de 2025 se emitir\u00e1 el primer pasaporte electr\u00f3nico<\/strong>&nbsp;y para esto se llev\u00f3 a cabo un&nbsp;<strong>proceso di\u00e1fano<\/strong>&nbsp;en que la licitaci\u00f3n cont\u00f3 con una comisi\u00f3n de&nbsp;<strong>siete veedores independientes<\/strong>&nbsp;con m\u00e9ritos profesionales.<\/p>\n\n\n\n<p>El ganador fue el&nbsp;<strong>Consorcio Franco Americano EMT&nbsp;<\/strong>con experiencia en Canad\u00e1, Colombia, Dinamarca, Irak, Nigeria, Reino Unido, Suecia y Tailandia.<\/p>\n\n\n\n<p><strong>Pr\u00f3ximos pasos<\/strong><\/p>\n\n\n\n<p>Entre los pr\u00f3ximos pasos a aplicar, se indic\u00f3 que la DGP llevar\u00e1 a cabo la&nbsp;<strong>entrega por&nbsp;<\/strong><em><strong>courier<\/strong><\/em>, la cual ser\u00e1 permitir\u00e1 la implementaci\u00f3n de&nbsp;<strong>env\u00edo a domicilio a mediano plazo.<\/strong><\/p>\n\n\n\n<p>Adem\u00e1s, habr\u00e1 un plan de\u00a0<strong>repatriaci\u00f3n<\/strong>, que servir\u00e1 de apoyo log\u00edstico para dominicanos en el extranjero. Asimismo, los servicios fijos se expandir\u00e1n a\u00a0<strong>San Crist\u00f3bal, Santo Domingo Norte y Santiago<\/strong>.<\/p>\n\n\n\n<p>Fuente: Direcci\u00f3n de Estrategia y Comunicaci\u00f3n<\/p>\n\n\n\n<p>Ministerio Administrativo de la Presidencia de la Rep\u00fablica Dominicana<\/p>\n","protected":false},"excerpt":{"rendered":"<p>diariodominicano.com Santo Domingo, R. D.,\u200220 de enero, 2025.-\u00a0El presidente Luis Abinader\u00a0encabez\u00f3 este un nuevo encuentro de\u00a0LA Semanal con la Prensa, cuyo tema central fue\u00a0\u201cM\u00e1s y mejor servicio en Pasaportes\u201d. En este sentido, se inform\u00f3 que el&nbsp;8 %&nbsp;de la poblaci\u00f3n dominicana&nbsp;recibi\u00f3 pasaportes en el 2024&nbsp;y que&nbsp;832,124 libretas&nbsp;de pasaporte fueron emitidas y entregadas&nbsp;en tiempo r\u00e9cord. Crecimiento en [&hellip;]<\/p>\n","protected":false},"author":5,"featured_media":590329,"comment_status":"closed","ping_status":"closed","sticky":true,"template":"","format":"standard","meta":{"footnotes":""},"categories":[23,27],"tags":[],"class_list":["post-590328","post","type-post","status-publish","format-standard","has-post-thumbnail","hentry","category-internacional","category-portada"],"_links":{"self":[{"href":"https:\/\/diariodominicano.com\/index.php?rest_route=\/wp\/v2\/posts\/590328","targetHints":{"allow":["GET"]}}],"collection":[{"href":"https:\/\/diariodominicano.com\/index.php?rest_route=\/wp\/v2\/posts"}],"about":[{"href":"https:\/\/diariodominicano.com\/index.php?rest_route=\/wp\/v2\/types\/post"}],"author":[{"embeddable":true,"href":"https:\/\/diariodominicano.com\/index.php?rest_route=\/wp\/v2\/users\/5"}],"replies":[{"embeddable":true,"href":"https:\/\/diariodominicano.com\/index.php?rest_route=%2Fwp%2Fv2%2Fcomments&post=590328"}],"version-history":[{"count":2,"href":"https:\/\/diariodominicano.com\/index.php?rest_route=\/wp\/v2\/posts\/590328\/revisions"}],"predecessor-version":[{"id":590331,"href":"https:\/\/diariodominicano.com\/index.php?rest_route=\/wp\/v2\/posts\/590328\/revisions\/590331"}],"wp:featuredmedia":[{"embeddable":true,"href":"https:\/\/diariodominicano.com\/index.php?rest_route=\/wp\/v2\/media\/590329"}],"wp:attachment":[{"href":"https:\/\/diariodominicano.com\/index.php?rest_route=%2Fwp%2Fv2%2Fmedia&parent=590328"}],"wp:term":[{"taxonomy":"category","embeddable":true,"href":"https:\/\/diariodominicano.com\/index.php?rest_route=%2Fwp%2Fv2%2Fcategories&post=590328"},{"taxonomy":"post_tag","embeddable":true,"href":"https:\/\/diariodominicano.com\/index.php?rest_route=%2Fwp%2Fv2%2Ftags&post=590328"}],"curies":[{"name":"wp","href":"https:\/\/api.w.org\/{rel}","templated":true}]}}