{"id":590180,"date":"2025-01-20T13:12:15","date_gmt":"2025-01-20T17:12:15","guid":{"rendered":"https:\/\/diariodominicano.com\/?p=590180"},"modified":"2025-01-20T13:12:24","modified_gmt":"2025-01-20T17:12:24","slug":"presidente-de-brasil-espera-administracion-fructifera-de-trump-en-estados-unidos","status":"publish","type":"post","link":"https:\/\/diariodominicano.com\/?p=590180","title":{"rendered":"Presidente de Brasil espera administraci\u00f3n \u00abfruct\u00edfera\u00bb de Trump en Estados Unidos"},"content":{"rendered":"\n<p>diariodominicano.com<\/p>\n\n\n\n<p>BRASILIA, 20 ene (Xinhua) &#8212; El presidente de Brasil, Luiz In\u00e1cio Lula da Silva, afirm\u00f3 hoy lunes que espera una administraci\u00f3n \u00abfruct\u00edfera\u00bb del nuevo presidente de Estados Unidos, Donald Trump, quien asumir\u00e1 el cargo este 20 de enero, y una relaci\u00f3n \u00abpac\u00edfica\u00bb entre ambos pa\u00edses. \u00abHay gente que dice que la elecci\u00f3n de Trump puede causar problemas a la democracia mundial. Trump fue elegido para gobernar Estados Unidos y yo como presidente de Brasil espero que tenga una administraci\u00f3n fruct\u00edfera para que el pueblo norteamericano mejore\u00bb, dijo Lula da Silva durante una reuni\u00f3n ministerial, en la ciudad de Brasilia. \u00abQueremos paz, queremos armon\u00eda, queremos tener una relaci\u00f3n donde la diplomacia sea lo m\u00e1s importante y no el desacuerdo o los problemas. Ese es el pa\u00eds que vamos a construir, ese es el pa\u00eds que nos comprometemos a construir\u00bb, a\u00f1adi\u00f3. El presidente brasile\u00f1o no asistir\u00e1 al acto de toma de posesi\u00f3n de Trump en la ciudad de Washington y la naci\u00f3n sudamericana estar\u00e1 representada en la ceremonia por la embajadora de Brasil en Estados Unidos, Maria Luiza Viotti.<\/p>\n","protected":false},"excerpt":{"rendered":"<p>diariodominicano.com BRASILIA, 20 ene (Xinhua) &#8212; El presidente de Brasil, Luiz In\u00e1cio Lula da Silva, afirm\u00f3 hoy lunes que espera una administraci\u00f3n \u00abfruct\u00edfera\u00bb del nuevo presidente de Estados Unidos, Donald Trump, quien asumir\u00e1 el cargo este 20 de enero, y una relaci\u00f3n \u00abpac\u00edfica\u00bb entre ambos pa\u00edses. \u00abHay gente que dice que la elecci\u00f3n de Trump [&hellip;]<\/p>\n","protected":false},"author":5,"featured_media":590182,"comment_status":"closed","ping_status":"closed","sticky":true,"template":"","format":"standard","meta":{"footnotes":""},"categories":[23,27],"tags":[],"class_list":["post-590180","post","type-post","status-publish","format-standard","has-post-thumbnail","hentry","category-internacional","category-portada"],"_links":{"self":[{"href":"https:\/\/diariodominicano.com\/index.php?rest_route=\/wp\/v2\/posts\/590180","targetHints":{"allow":["GET"]}}],"collection":[{"href":"https:\/\/diariodominicano.com\/index.php?rest_route=\/wp\/v2\/posts"}],"about":[{"href":"https:\/\/diariodominicano.com\/index.php?rest_route=\/wp\/v2\/types\/post"}],"author":[{"embeddable":true,"href":"https:\/\/diariodominicano.com\/index.php?rest_route=\/wp\/v2\/users\/5"}],"replies":[{"embeddable":true,"href":"https:\/\/diariodominicano.com\/index.php?rest_route=%2Fwp%2Fv2%2Fcomments&post=590180"}],"version-history":[{"count":1,"href":"https:\/\/diariodominicano.com\/index.php?rest_route=\/wp\/v2\/posts\/590180\/revisions"}],"predecessor-version":[{"id":590184,"href":"https:\/\/diariodominicano.com\/index.php?rest_route=\/wp\/v2\/posts\/590180\/revisions\/590184"}],"wp:featuredmedia":[{"embeddable":true,"href":"https:\/\/diariodominicano.com\/index.php?rest_route=\/wp\/v2\/media\/590182"}],"wp:attachment":[{"href":"https:\/\/diariodominicano.com\/index.php?rest_route=%2Fwp%2Fv2%2Fmedia&parent=590180"}],"wp:term":[{"taxonomy":"category","embeddable":true,"href":"https:\/\/diariodominicano.com\/index.php?rest_route=%2Fwp%2Fv2%2Fcategories&post=590180"},{"taxonomy":"post_tag","embeddable":true,"href":"https:\/\/diariodominicano.com\/index.php?rest_route=%2Fwp%2Fv2%2Ftags&post=590180"}],"curies":[{"name":"wp","href":"https:\/\/api.w.org\/{rel}","templated":true}]}}