{"id":590151,"date":"2025-01-20T11:14:55","date_gmt":"2025-01-20T15:14:55","guid":{"rendered":"https:\/\/diariodominicano.com\/?p=590151"},"modified":"2025-01-20T11:15:04","modified_gmt":"2025-01-20T15:15:04","slug":"presidente-surcoreano-asistira-a-audiencia-de-juicio-politico-el-21-de-enero","status":"publish","type":"post","link":"https:\/\/diariodominicano.com\/?p=590151","title":{"rendered":"Presidente surcoreano asistir\u00e1 a audiencia de juicio pol\u00edtico el 21 de enero"},"content":{"rendered":"\n<p>diariodominicano.com<\/p>\n\n\n\n<p>SE\u00daL, 20 ene (Xinhua) &#8212; El presidente de la Rep\u00fablica de Corea, Yoon Suk-yeol, asistir\u00e1 a la audiencia de su juicio pol\u00edtico ante el Tribunal Constitucional, previsto para el martes, inform\u00f3 hoy lunes varios medios citando al abogado defensor de Yoon. Yun Gap-geun, uno de los abogados de Yoon, fue citado diciendo que el presidente comparar\u00e1 ante el tribunal el 21 de enero. El tribunal tiene previsto realizar el martes la tercera audiencia del juicio pol\u00edtico contra Yoon, luego de la primera y la segunda, celebradas el 14 y el 16 de enero. Las pr\u00f3ximas audiencias se llevar\u00e1n a cabo el jueves de este mes y los d\u00edas 4, 6, 11 y 13 de febrero. Una orden para prorrogar la detenci\u00f3n del arrestado Yoon hasta 20 d\u00edas fue concedida por un tribunal de Se\u00fal la ma\u00f1ana del domingo. Yoon compareci\u00f3 el s\u00e1bado en la audiencia de orden judicial para explicar la legitimidad de su declaraci\u00f3n de la ley marcial y restaurar su reputaci\u00f3n. La moci\u00f3n de destituci\u00f3n contra Yoon fue aprobada en la Asamblea Nacional el 14 de diciembre del a\u00f1o pasado y se entreg\u00f3 al Tribunal Constitucional para que deliberara hasta 180 d\u00edas, durante los cuales el poder presidencial de Yoon queda suspendido. Yoon, a quien las agencias de investigaci\u00f3n se\u00f1alaron como presunto cabecilla de una insurrecci\u00f3n, declar\u00f3 la ley marcial la noche del 3 de diciembre, pero la Asamblea Nacional la revoc\u00f3 horas despu\u00e9s.<\/p>\n","protected":false},"excerpt":{"rendered":"<p>diariodominicano.com SE\u00daL, 20 ene (Xinhua) &#8212; El presidente de la Rep\u00fablica de Corea, Yoon Suk-yeol, asistir\u00e1 a la audiencia de su juicio pol\u00edtico ante el Tribunal Constitucional, previsto para el martes, inform\u00f3 hoy lunes varios medios citando al abogado defensor de Yoon. Yun Gap-geun, uno de los abogados de Yoon, fue citado diciendo que el [&hellip;]<\/p>\n","protected":false},"author":5,"featured_media":590153,"comment_status":"closed","ping_status":"closed","sticky":true,"template":"","format":"standard","meta":{"footnotes":""},"categories":[23,27],"tags":[],"class_list":["post-590151","post","type-post","status-publish","format-standard","has-post-thumbnail","hentry","category-internacional","category-portada"],"_links":{"self":[{"href":"https:\/\/diariodominicano.com\/index.php?rest_route=\/wp\/v2\/posts\/590151","targetHints":{"allow":["GET"]}}],"collection":[{"href":"https:\/\/diariodominicano.com\/index.php?rest_route=\/wp\/v2\/posts"}],"about":[{"href":"https:\/\/diariodominicano.com\/index.php?rest_route=\/wp\/v2\/types\/post"}],"author":[{"embeddable":true,"href":"https:\/\/diariodominicano.com\/index.php?rest_route=\/wp\/v2\/users\/5"}],"replies":[{"embeddable":true,"href":"https:\/\/diariodominicano.com\/index.php?rest_route=%2Fwp%2Fv2%2Fcomments&post=590151"}],"version-history":[{"count":1,"href":"https:\/\/diariodominicano.com\/index.php?rest_route=\/wp\/v2\/posts\/590151\/revisions"}],"predecessor-version":[{"id":590154,"href":"https:\/\/diariodominicano.com\/index.php?rest_route=\/wp\/v2\/posts\/590151\/revisions\/590154"}],"wp:featuredmedia":[{"embeddable":true,"href":"https:\/\/diariodominicano.com\/index.php?rest_route=\/wp\/v2\/media\/590153"}],"wp:attachment":[{"href":"https:\/\/diariodominicano.com\/index.php?rest_route=%2Fwp%2Fv2%2Fmedia&parent=590151"}],"wp:term":[{"taxonomy":"category","embeddable":true,"href":"https:\/\/diariodominicano.com\/index.php?rest_route=%2Fwp%2Fv2%2Fcategories&post=590151"},{"taxonomy":"post_tag","embeddable":true,"href":"https:\/\/diariodominicano.com\/index.php?rest_route=%2Fwp%2Fv2%2Ftags&post=590151"}],"curies":[{"name":"wp","href":"https:\/\/api.w.org\/{rel}","templated":true}]}}