{"id":590041,"date":"2025-01-20T00:35:13","date_gmt":"2025-01-20T04:35:13","guid":{"rendered":"https:\/\/diariodominicano.com\/?p=590041"},"modified":"2025-01-20T00:35:23","modified_gmt":"2025-01-20T04:35:23","slug":"papa-francisco-dice-que-las-redadas-migratorias-de-trump-serian-una-desgracia","status":"publish","type":"post","link":"https:\/\/diariodominicano.com\/?p=590041","title":{"rendered":"Papa Francisco dice que las redadas migratorias de Trump ser\u00edan una \u00abdesgracia\u00bb"},"content":{"rendered":"\n<p>El Papa Francisco dirige la oraci\u00f3n del \u00c1ngelus desde su ventana en el Vaticano, tras el alto el fuego entre Israel y Ham\u00e1s, el 19 de enero de 2025.<\/p>\n\n\n\n<p>enero 19, 2025<\/p>\n\n\n\n<ul class=\"wp-block-list\">\n<li><a href=\"https:\/\/www.vozdeamerica.com\/author\/reuters\/riv_i\">Reuters<\/a><\/li>\n<\/ul>\n\n\n\n<ul class=\"wp-block-list\">\n<li><a href=\"https:\/\/facebook.com\/sharer.php?u=https%3a%2f%2fwww.vozdeamerica.com%2fa%2fpapa-francisco-dice-que-las-redadas-migratorias-de-trump-serian-una-desgracia-%2f7942595.html\" target=\"_blank\" rel=\"noreferrer noopener\"><\/a><\/li>\n\n\n\n<li><a href=\"https:\/\/twitter.com\/share?url=https%3a%2f%2fwww.vozdeamerica.com%2fa%2fpapa-francisco-dice-que-las-redadas-migratorias-de-trump-serian-una-desgracia-%2f7942595.html&amp;text=Papa+Francisco+dice+que+las+redadas+migratorias+de+Trump+ser%c3%adan+una+%22desgracia%22\" target=\"_blank\" rel=\"noreferrer noopener\"><\/a><\/li>\n\n\n\n<li><\/li>\n\n\n\n<li><a href=\"mailto:?body=https%3a%2f%2fwww.vozdeamerica.com%2fa%2fpapa-francisco-dice-que-las-redadas-migratorias-de-trump-serian-una-desgracia-%2f7942595.html&amp;subject=Papa%20Francisco%20dice%20que%20las%20redadas%20migratorias%20de%20Trump%20ser%C3%ADan%20una%20%22desgracia%22\"><\/a><\/li>\n<\/ul>\n\n\n\n<p><a href=\"https:\/\/www.vozdeamerica.com\/a\/papa-francisco-dice-que-las-redadas-migratorias-de-trump-serian-una-desgracia-\/7942595.html#comments\">&nbsp;Vea comentarios<\/a><\/p>\n\n\n\n<p>El pont\u00edfice cat\u00f3lico critic\u00f3 la pol\u00edtica de mano dura propuesta por el presidente electo de EEUU, Donald Trump, para controlar la inmigraci\u00f3n al pa\u00eds.<\/p>\n\n\n\n<p>El papa Francisco critic\u00f3 el domingo el plan del presidente electo Donald Trump de intensificar dr\u00e1sticamente las medidas de control de la inmigraci\u00f3n en Estados Unidos en los d\u00edas posteriores a su investidura.<\/p>\n\n\n\n<p>En una entrevista en la televisi\u00f3n italiana, el pont\u00edfice dijo que ser\u00eda una \u00abdesgracia\u00bb si Trump siguiera adelante con el plan, en un lenguaje inusualmente contundente para el l\u00edder de la Iglesia cat\u00f3lica.<\/p>\n\n\n\n<p>\u00abHar\u00eda que los migrantes, que no tienen nada, paguen la factura\u00bb, dijo el papa. \u00abNo funciona. As\u00ed no se resuelven los problemas\u00bb.<\/p>\n\n\n\n<p>Francisco, l\u00edder de la Iglesia de 1.400 millones de miembros, suele ser prudente a la hora de intervenir en cuestiones pol\u00edticas.<\/p>\n\n\n\n<p><a href=\"https:\/\/www.vozdeamerica.com\/a\/fuerzas-de-inmigracion-de-trump-se-centraran-en-varias-ciudades-dice-nuevo-zar-de-las-fronteras-\/7941841.html\"><\/a><\/p>\n\n\n\n<p><a href=\"https:\/\/www.vozdeamerica.com\/a\/fuerzas-de-inmigracion-de-trump-se-centraran-en-varias-ciudades-dice-nuevo-zar-de-las-fronteras-\/7941841.html\">Tambi\u00e9n lea<\/a><\/p>\n\n\n\n<h4 class=\"wp-block-heading\"><a href=\"https:\/\/www.vozdeamerica.com\/a\/fuerzas-de-inmigracion-de-trump-se-centraran-en-varias-ciudades-dice-nuevo-zar-de-las-fronteras-\/7941841.html\">Fuerzas de inmigraci\u00f3n de Trump se centrar\u00e1n en varias ciudades, dice nuevo \u00abzar de las fronteras\u00bb<\/a><\/h4>\n\n\n\n<p>Francisco ha hecho de la acogida de migrantes un tema clave de sus casi 12 a\u00f1os de papado, y ha criticado previamente la ret\u00f3rica antiinmigraci\u00f3n de Trump. Durante la campa\u00f1a para las elecciones de 2016, dijo que el republicano \u00abno era cristiano\u00bb en su visi\u00f3n.<\/p>\n\n\n\n<p>Funcionarios del futuro Gobierno de Trump dijeron el s\u00e1bado que el presidente electo estaba reconsiderando las redadas de inmigraci\u00f3n en Chicago la pr\u00f3xima semana tras los informes sobre los planes.<\/p>\n\n\n\n<p>M\u00e1s temprano el domingo, el arzobispo cat\u00f3lico de Chicago, el cardenal Blase Cupich, tambi\u00e9n critic\u00f3 las redadas. \u00abSer\u00eda una afrenta a la dignidad de todas las personas y comunidades\u00bb, dijo el cardenal en un comunicado.<\/p>\n","protected":false},"excerpt":{"rendered":"<p>El Papa Francisco dirige la oraci\u00f3n del \u00c1ngelus desde su ventana en el Vaticano, tras el alto el fuego entre Israel y Ham\u00e1s, el 19 de enero de 2025. enero 19, 2025 &nbsp;Vea comentarios El pont\u00edfice cat\u00f3lico critic\u00f3 la pol\u00edtica de mano dura propuesta por el presidente electo de EEUU, Donald Trump, para controlar la [&hellip;]<\/p>\n","protected":false},"author":28,"featured_media":590042,"comment_status":"closed","ping_status":"closed","sticky":true,"template":"","format":"standard","meta":{"footnotes":""},"categories":[23,27],"tags":[],"class_list":["post-590041","post","type-post","status-publish","format-standard","has-post-thumbnail","hentry","category-internacional","category-portada"],"_links":{"self":[{"href":"https:\/\/diariodominicano.com\/index.php?rest_route=\/wp\/v2\/posts\/590041","targetHints":{"allow":["GET"]}}],"collection":[{"href":"https:\/\/diariodominicano.com\/index.php?rest_route=\/wp\/v2\/posts"}],"about":[{"href":"https:\/\/diariodominicano.com\/index.php?rest_route=\/wp\/v2\/types\/post"}],"author":[{"embeddable":true,"href":"https:\/\/diariodominicano.com\/index.php?rest_route=\/wp\/v2\/users\/28"}],"replies":[{"embeddable":true,"href":"https:\/\/diariodominicano.com\/index.php?rest_route=%2Fwp%2Fv2%2Fcomments&post=590041"}],"version-history":[{"count":1,"href":"https:\/\/diariodominicano.com\/index.php?rest_route=\/wp\/v2\/posts\/590041\/revisions"}],"predecessor-version":[{"id":590043,"href":"https:\/\/diariodominicano.com\/index.php?rest_route=\/wp\/v2\/posts\/590041\/revisions\/590043"}],"wp:featuredmedia":[{"embeddable":true,"href":"https:\/\/diariodominicano.com\/index.php?rest_route=\/wp\/v2\/media\/590042"}],"wp:attachment":[{"href":"https:\/\/diariodominicano.com\/index.php?rest_route=%2Fwp%2Fv2%2Fmedia&parent=590041"}],"wp:term":[{"taxonomy":"category","embeddable":true,"href":"https:\/\/diariodominicano.com\/index.php?rest_route=%2Fwp%2Fv2%2Fcategories&post=590041"},{"taxonomy":"post_tag","embeddable":true,"href":"https:\/\/diariodominicano.com\/index.php?rest_route=%2Fwp%2Fv2%2Ftags&post=590041"}],"curies":[{"name":"wp","href":"https:\/\/api.w.org\/{rel}","templated":true}]}}