{"id":590038,"date":"2025-01-20T00:31:33","date_gmt":"2025-01-20T04:31:33","guid":{"rendered":"https:\/\/diariodominicano.com\/?p=590038"},"modified":"2025-01-20T00:31:43","modified_gmt":"2025-01-20T04:31:43","slug":"biden-insta-a-los-estadounidenses-a-mantener-la-fe-en-su-ultimo-dia-completo-como-presidente","status":"publish","type":"post","link":"https:\/\/diariodominicano.com\/?p=590038","title":{"rendered":"Biden insta a los estadounidenses a \u00abmantener la fe\u00bb en su \u00faltimo d\u00eda completo como presidente"},"content":{"rendered":"\n<p>El presidente Joe Biden habla durante un servicio religioso en la Iglesia Bautista Misionera Real en North Charleston, Carolina del Sur, el domingo 19 de enero de 2025.<\/p>\n\n\n\n<p>enero 19, 2025<\/p>\n\n\n\n<ul class=\"wp-block-list\">\n<li><a href=\"https:\/\/www.vozdeamerica.com\/author\/associated-press\/v_kyr\">Associated Press<\/a><\/li>\n<\/ul>\n\n\n\n<ul class=\"wp-block-list\">\n<li><a href=\"https:\/\/facebook.com\/sharer.php?u=https%3a%2f%2fwww.vozdeamerica.com%2fa%2fbiden-insta-a-los-estadounidenses-a-mantener-la-fe-en-su-ultimo-dia-completo-como-presidente%2f7942555.html\" target=\"_blank\" rel=\"noreferrer noopener\"><\/a><\/li>\n\n\n\n<li><a href=\"https:\/\/twitter.com\/share?url=https%3a%2f%2fwww.vozdeamerica.com%2fa%2fbiden-insta-a-los-estadounidenses-a-mantener-la-fe-en-su-ultimo-dia-completo-como-presidente%2f7942555.html&amp;text=Biden+insta+a+los+estadounidenses+a+%22mantener+la+fe%22+en+su+%c3%baltimo+d%c3%ada+completo+como+presidente\" target=\"_blank\" rel=\"noreferrer noopener\"><\/a><\/li>\n\n\n\n<li><\/li>\n\n\n\n<li><a href=\"mailto:?body=https%3a%2f%2fwww.vozdeamerica.com%2fa%2fbiden-insta-a-los-estadounidenses-a-mantener-la-fe-en-su-ultimo-dia-completo-como-presidente%2f7942555.html&amp;subject=Biden%20insta%20a%20los%20estadounidenses%20a%20%22mantener%20la%20fe%22%20en%20su%20%C3%BAltimo%20d%C3%ADa%20completo%20como%20presidente\"><\/a><\/li>\n<\/ul>\n\n\n\n<p><a href=\"https:\/\/www.vozdeamerica.com\/a\/biden-insta-a-los-estadounidenses-a-mantener-la-fe-en-su-ultimo-dia-completo-como-presidente\/7942555.html#comments\">&nbsp;Vea comentarios<\/a><\/p>\n\n\n\n<p>El presidente saliente de EEUU, Joe Biden, ofreci\u00f3 un \u00faltimo adi\u00f3s a los estadounidenses desde Carolina del Sur, un estado con el que guarda una especial relaci\u00f3n desde su campa\u00f1a en 2020.<\/p>\n\n\n\n<p>NORTH CHARLESTON, Carolina del Sur, EEUU \u2014&nbsp;<\/p>\n\n\n\n<p>Joe Biden pas\u00f3 su \u00faltimo d\u00eda completo como presidente el domingo en Carolina del Sur, instando a los estadounidenses a \u201cmantener la fe en un d\u00eda mejor por venir\u201d y reflexionando sobre el impacto del movimiento de derechos civiles en su decisi\u00f3n de entrar en la pol\u00edtica.<\/p>\n\n\n\n<p>En la v\u00edspera de&nbsp;<em><strong><a href=\"https:\/\/www.vozdeamerica.com\/a\/trump-llega-a-washington-para-iniciar-celebraciones-de-su-regreso-a-la-casa-blanca-\/7941820.html\">la toma de posesi\u00f3n del republicano Donald Trump<\/a><\/strong><\/em>, Biden ofreci\u00f3 un \u00faltimo adi\u00f3s desde un estado que tiene un significado especial despu\u00e9s de que su contundente victoria en las primarias dem\u00f3cratas de 2020 lo posicionara para alcanzar el objetivo de su vida de ser elegido presidente de Estados Unidos.<\/p>\n\n\n\n<p>Biden habl\u00f3 a la congregaci\u00f3n de la iglesia en la Royal Missionary Baptist Church sobre por qu\u00e9 entr\u00f3 en el servicio p\u00fablico \u2014 Martin Luther King Jr. y Robert F. Kennedy Jr. eran sus h\u00e9roes pol\u00edticos, dijo \u2014 y agradeci\u00f3 a Carolina del Sur por su apoyo: \u201cLes debo mucho\u201d. El lunes es el feriado federal en honor a King, el asesinado l\u00edder de los derechos civiles.<\/p>\n\n\n\n<p><a href=\"https:\/\/www.vozdeamerica.com\/a\/presidente-carta-bienvenida-casa-blanca-eeuu\/7908660.html\"><\/a><\/p>\n\n\n\n<p><a href=\"https:\/\/www.vozdeamerica.com\/a\/presidente-carta-bienvenida-casa-blanca-eeuu\/7908660.html\">Tambi\u00e9n lea<\/a><\/p>\n\n\n\n<h4 class=\"wp-block-heading\"><a href=\"https:\/\/www.vozdeamerica.com\/a\/presidente-carta-bienvenida-casa-blanca-eeuu\/7908660.html\">\u00bfQu\u00e9 le dice un presidente al otro en su \u201ccarta de bienvenida\u201d a la Casa Blanca?<\/a><\/h4>\n\n\n\n<p>\u201cSabemos que la lucha por redimir el alma de esta naci\u00f3n es dif\u00edcil y continua\u201d, proclam\u00f3 Biden. \u201cDebemos aferrarnos a la esperanza. Debemos permanecer comprometidos. Siempre debemos mantener la fe en el d\u00eda mejor que vendr\u00e1\u201d.<\/p>\n\n\n\n<p>A\u00f1adi\u00f3: \u201cNo me voy a ninguna parte\u201d \u2014 y la congregaci\u00f3n aplaudi\u00f3.<\/p>\n\n\n\n<p>Antes del servicio, mientras&nbsp;<em><strong><a href=\"https:\/\/www.vozdeamerica.com\/a\/alto-el-fuego-entre-israel-y-hamas-entra-en-vigor-con-la-liberacion-de-los-primeros-rehenes\/7942532.html\">el grupo palestino Ham\u00e1s en la Franja Gaza comenzaba a liberar a rehenes israel\u00edes<\/a><\/strong><\/em>&nbsp;bajo un alto el fuego que Estados Unidos ayud\u00f3 a negociar, Biden expres\u00f3 que \u201clas armas en Gaza han enmudecido\u201d. El acuerdo para detener los combates entre Israel y Ham\u00e1s fue uno que hab\u00eda delineado en mayo.<\/p>\n\n\n\n<p>\u201cAhora le corresponde a la pr\u00f3xima administraci\u00f3n ayudar a implementar este acuerdo. Me complaci\u00f3 que nuestro equipo hablara con una sola voz en los \u00faltimos d\u00edas\u201d, afirm\u00f3 Biden.<\/p>\n\n\n\n<p>Se\u00f1al\u00f3 que las tres rehenes liberadas el domingo \u201cparecen estar en buen estado de salud\u201d y ofreci\u00f3 algunos consejos a Trump sobre c\u00f3mo mantener el acuerdo.<\/p>\n\n\n\n<p>\u201cEl \u00e9xito va a requerir persistencia y continuar apoyando a nuestros amigos en la regi\u00f3n y la creencia en la diplomacia respaldada por la disuasi\u00f3n\u201d, asever\u00f3 Biden.<\/p>\n\n\n\n<p><a href=\"https:\/\/www.vozdeamerica.com\/a\/presidente-biden-se-despide-de-la-nacion-desde-la-casa-blanca\/7938617.html\"><\/a><\/p>\n\n\n\n<p><a href=\"https:\/\/www.vozdeamerica.com\/a\/presidente-biden-se-despide-de-la-nacion-desde-la-casa-blanca\/7938617.html\">Tambi\u00e9n lea<\/a><\/p>\n\n\n\n<h4 class=\"wp-block-heading\"><a href=\"https:\/\/www.vozdeamerica.com\/a\/presidente-biden-se-despide-de-la-nacion-desde-la-casa-blanca\/7938617.html\">En \u00faltimo mensaje como presidente, Biden advierte sobre \u201cdesinformaci\u00f3n\u201d y \u201cconcentraci\u00f3n de poder\u201d en EEUU<\/a><\/h4>\n\n\n\n<p>Despu\u00e9s de hablar sobre el alto el fuego, Biden y la primera dama Jill Biden tomaron asiento en el primer banco de la iglesia. Al menos varios cientos de congregantes cantaron canciones de gospel, levant\u00e1ndose de sus asientos y balance\u00e1ndose y aplaudiendo. Un coro dirigi\u00f3 las selecciones musicales desde detr\u00e1s del p\u00falpito antes de que el programa se centrara m\u00e1s tarde en King.<\/p>\n\n\n\n<p>Biden fue presentado por el representante dem\u00f3crata Jim Clyburn, un aliado clave que se refiri\u00f3 al presidente como su \u201camigo de mucho tiempo\u201d. Clyburn cit\u00f3 a varios presidentes que fueron subestimados durante su tiempo en el cargo pero que ahora son vistos con m\u00e1s cari\u00f1o con el paso del tiempo. A\u00f1adi\u00f3 a Biden a esa lista.<\/p>\n\n\n\n<p>\u201cAs\u00ed que quiero decirte, buen amigo, que recientemente se te ha mostrado muy poco aprecio, pero no desmayes. La historia ser\u00e1 muy bondadosa contigo\u201d, expres\u00f3 Clyburn.<\/p>\n\n\n\n<p>Los Biden tambi\u00e9n visitar\u00e1n el Museo Internacional Afroamericano en Carolina del Sur. Fue construido en un sitio frente al mar donde decenas de miles de africanos esclavizados fueron tra\u00eddos a Estados Unidos desde finales de la d\u00e9cada de 1760 hasta 1808, seg\u00fan el sitio web del museo.<\/p>\n\n\n\n<p>En 2020, la campa\u00f1a de Biden flaque\u00f3 despu\u00e9s de perder los primeros concursos en Nueva Hampshire, Iowa y Nevada. Pero en la cuarta parada, Carolina del Sur \u2014 donde los votantes negros constituyen la mayor\u00eda del electorado dem\u00f3crata \u2014 fue llevado a la victoria despu\u00e9s del respaldo de Clyburn.<\/p>\n\n\n\n<p><a href=\"https:\/\/www.vozdeamerica.com\/a\/presidente-carta-bienvenida-casa-blanca-eeuu\/7908660.html\"><\/a><\/p>\n\n\n\n<p><a href=\"https:\/\/www.vozdeamerica.com\/a\/presidente-carta-bienvenida-casa-blanca-eeuu\/7908660.html\">Tambi\u00e9n lea<\/a><\/p>\n\n\n\n<h4 class=\"wp-block-heading\"><a href=\"https:\/\/www.vozdeamerica.com\/a\/presidente-carta-bienvenida-casa-blanca-eeuu\/7908660.html\">\u00bfQu\u00e9 le dice un presidente al otro en su \u201ccarta de bienvenida\u201d a la Casa Blanca?<\/a><\/h4>\n\n\n\n<p>\u201cConozco a Joe. Nosotros conocemos a Joe. Pero lo m\u00e1s importante, Joe nos conoce\u201d, dijo Clyburn en ese momento.<\/p>\n\n\n\n<p>Despu\u00e9s de ganar la elecci\u00f3n y asumir el cargo, Biden hizo que Carolina del Sur fuera el estado que abriera el proceso de nominaci\u00f3n del Partido Dem\u00f3crata para 2024, en lugar de Nueva Hampshire. Gan\u00f3 f\u00e1cilmente la primaria del estado ese a\u00f1o.<\/p>\n\n\n\n<p>\u201cEn 2020, fueron los votantes de Carolina del Sur quienes demostraron que los expertos estaban equivocados, insuflaron nueva vida a nuestra campa\u00f1a y nos pusieron en el camino para ganar la presidencia\u201d, dijo Biden en un comunicado despu\u00e9s de ganar la primaria por segunda vez. \u201cAhora en 2024, la gente de Carolina del Sur ha hablado de nuevo y no tengo dudas de que nos han puesto en el camino para ganar la Presidencia de nuevo \u2014 y hacer que Donald Trump pierda \u2014 de nuevo\u201d.<\/p>\n\n\n\n<p>No result\u00f3 de esa manera. Despu\u00e9s de flaquear en un debate contra Trump, Biden se retir\u00f3 de la carrera bajo la presi\u00f3n de muchos dem\u00f3cratas, aunque notablemente Clyburn no estaba entre ellos.<\/p>\n\n\n\n<p>Biden respald\u00f3 a la vicepresidenta Kamala Harris, quien lo reemplaz\u00f3 como la nominada dem\u00f3crata.&nbsp;<em><strong><a href=\"https:\/\/www.vozdeamerica.com\/a\/donald-trump-es-elegido-47-presidente-de-estados-unidos\/7853480.html\">Ella perdi\u00f3 ante Trump<\/a><\/strong><\/em>.<\/p>\n\n\n\n<p>Clyburn relat\u00f3 que Biden le dijo que quer\u00eda visitar el museo de historia afroamericana, que Clyburn ayud\u00f3 a iniciar. Estaban planeando pasar alg\u00fan tiempo juntos all\u00ed.<\/p>\n\n\n\n<p>\u201cEsta es su manera de decir \u2018gracias\u2019\u201d, expres\u00f3 Clyburn.<\/p>\n","protected":false},"excerpt":{"rendered":"<p>El presidente Joe Biden habla durante un servicio religioso en la Iglesia Bautista Misionera Real en North Charleston, Carolina del Sur, el domingo 19 de enero de 2025. enero 19, 2025 &nbsp;Vea comentarios El presidente saliente de EEUU, Joe Biden, ofreci\u00f3 un \u00faltimo adi\u00f3s a los estadounidenses desde Carolina del Sur, un estado con el [&hellip;]<\/p>\n","protected":false},"author":28,"featured_media":590039,"comment_status":"closed","ping_status":"closed","sticky":true,"template":"","format":"standard","meta":{"footnotes":""},"categories":[36,23,27],"tags":[],"class_list":["post-590038","post","type-post","status-publish","format-standard","has-post-thumbnail","hentry","category-hombresmujeresycosas","category-internacional","category-portada"],"_links":{"self":[{"href":"https:\/\/diariodominicano.com\/index.php?rest_route=\/wp\/v2\/posts\/590038","targetHints":{"allow":["GET"]}}],"collection":[{"href":"https:\/\/diariodominicano.com\/index.php?rest_route=\/wp\/v2\/posts"}],"about":[{"href":"https:\/\/diariodominicano.com\/index.php?rest_route=\/wp\/v2\/types\/post"}],"author":[{"embeddable":true,"href":"https:\/\/diariodominicano.com\/index.php?rest_route=\/wp\/v2\/users\/28"}],"replies":[{"embeddable":true,"href":"https:\/\/diariodominicano.com\/index.php?rest_route=%2Fwp%2Fv2%2Fcomments&post=590038"}],"version-history":[{"count":1,"href":"https:\/\/diariodominicano.com\/index.php?rest_route=\/wp\/v2\/posts\/590038\/revisions"}],"predecessor-version":[{"id":590040,"href":"https:\/\/diariodominicano.com\/index.php?rest_route=\/wp\/v2\/posts\/590038\/revisions\/590040"}],"wp:featuredmedia":[{"embeddable":true,"href":"https:\/\/diariodominicano.com\/index.php?rest_route=\/wp\/v2\/media\/590039"}],"wp:attachment":[{"href":"https:\/\/diariodominicano.com\/index.php?rest_route=%2Fwp%2Fv2%2Fmedia&parent=590038"}],"wp:term":[{"taxonomy":"category","embeddable":true,"href":"https:\/\/diariodominicano.com\/index.php?rest_route=%2Fwp%2Fv2%2Fcategories&post=590038"},{"taxonomy":"post_tag","embeddable":true,"href":"https:\/\/diariodominicano.com\/index.php?rest_route=%2Fwp%2Fv2%2Ftags&post=590038"}],"curies":[{"name":"wp","href":"https:\/\/api.w.org\/{rel}","templated":true}]}}