{"id":589982,"date":"2025-01-19T19:28:08","date_gmt":"2025-01-19T23:28:08","guid":{"rendered":"https:\/\/diariodominicano.com\/?p=589982"},"modified":"2025-01-19T19:28:17","modified_gmt":"2025-01-19T23:28:17","slug":"tiktok-deja-de-funcionar-en-estados-unidos","status":"publish","type":"post","link":"https:\/\/diariodominicano.com\/?p=589982","title":{"rendered":"TikTok deja de funcionar en Estados Unidos"},"content":{"rendered":"\n<p>diariodominicano.com<\/p>\n\n\n\n<p>LOS \u00c1NGELES, 19 ene (Xinhua) &#8212; La popular aplicaci\u00f3n de videos TikTok dej\u00f3 de funcionar la noche del s\u00e1bado en Estados Unidos. Los usuarios de TikTok en el pa\u00eds norteamericano recibieron un mensaje que dec\u00eda: \u00abLo sentimos, TikTok no est\u00e1 disponible en este momento\u00bb. \u00abSe ha promulgado una ley que proh\u00edbe TikTok en Estados Unidos. Desafortunadamente, eso significa que no puedes usar TikTok por ahora\u00bb, reza el texto, y a\u00f1ade: \u00abTenemos la suerte de que el presidente (electo, Donald) Trump haya indicado que trabajar\u00e1 con nosotros en una soluci\u00f3n para restablecer TikTok una vez que asuma el cargo \u00a1Por favor, permanezcan atentos! Trump dijo m\u00e1s temprano el s\u00e1bado que \u00abmuy probablemente\u00bb otorgar\u00e1 una extensi\u00f3n de 90 d\u00edas a TikTok el d\u00eda de su toma de posesi\u00f3n, planificada para el lunes 20 de enero. En una entrevista con NBC News, Trump dijo que no hab\u00eda tomado la decisi\u00f3n final sobre TikTok, pero que estaba considerando una extensi\u00f3n de 90 d\u00edas posterior a la fecha l\u00edmite del domingo. \u00abCreo que esa ser\u00eda, sin duda, una opci\u00f3n que analizaremos. La extensi\u00f3n de 90 d\u00edas es algo que probablemente se har\u00e1, porque es apropiada. Tenemos que analizarlo con cuidado. Es una situaci\u00f3n muy importante\u00bb, apunt\u00f3 Trump en la entrevista telef\u00f3nica. TikTok, con sede en Los \u00c1ngeles, advirti\u00f3 el viernes que se ver\u00eda obligado a cerrar sus servicios para los 170 millones de usuarios en Estados Unidos el domingo, a menos que el saliente mandatario del pa\u00eds, Joe Biden, proporcionara una garant\u00eda \u00abdefinitiva\u00bb. M\u00e1s temprano el viernes, la Corte Suprema de Estados Unidos confirm\u00f3 una ley que obliga al propietario chino de TikTok, ByteDance, a vender la aplicaci\u00f3n a una empresa estadounidense o enfrentar una prohibici\u00f3n a nivel nacional a partir del domingo. A ra\u00edz de la decisi\u00f3n, millones de usuarios acudieron en masa al sitio de TikTok para expresar su apoyo a la plataforma. En abril de 2024, Biden firm\u00f3 un proyecto de ley que obliga a ByteDance a vender la aplicaci\u00f3n en un plazo de 270 d\u00edas, alegando preocupaciones de seguridad nacional infundadas. Si la empresa no cumple, la ley obliga a los operadores de tiendas de aplicaciones como Apple y Google a eliminar TikTok de sus plataformas a partir del 19 de enero de 2025. Los expertos en el sector advirtieron que, a menos que la Administraci\u00f3n Biden aclare que los proveedores de servicios de TikTok no ser\u00e1n penalizados por violar la prohibici\u00f3n, estas empresas se ver\u00e1n obligadas a cumplir con la ley.<\/p>\n","protected":false},"excerpt":{"rendered":"<p>diariodominicano.com LOS \u00c1NGELES, 19 ene (Xinhua) &#8212; La popular aplicaci\u00f3n de videos TikTok dej\u00f3 de funcionar la noche del s\u00e1bado en Estados Unidos. Los usuarios de TikTok en el pa\u00eds norteamericano recibieron un mensaje que dec\u00eda: \u00abLo sentimos, TikTok no est\u00e1 disponible en este momento\u00bb. \u00abSe ha promulgado una ley que proh\u00edbe TikTok en Estados [&hellip;]<\/p>\n","protected":false},"author":5,"featured_media":589983,"comment_status":"closed","ping_status":"closed","sticky":true,"template":"","format":"standard","meta":{"footnotes":""},"categories":[23,27],"tags":[],"class_list":["post-589982","post","type-post","status-publish","format-standard","has-post-thumbnail","hentry","category-internacional","category-portada"],"_links":{"self":[{"href":"https:\/\/diariodominicano.com\/index.php?rest_route=\/wp\/v2\/posts\/589982","targetHints":{"allow":["GET"]}}],"collection":[{"href":"https:\/\/diariodominicano.com\/index.php?rest_route=\/wp\/v2\/posts"}],"about":[{"href":"https:\/\/diariodominicano.com\/index.php?rest_route=\/wp\/v2\/types\/post"}],"author":[{"embeddable":true,"href":"https:\/\/diariodominicano.com\/index.php?rest_route=\/wp\/v2\/users\/5"}],"replies":[{"embeddable":true,"href":"https:\/\/diariodominicano.com\/index.php?rest_route=%2Fwp%2Fv2%2Fcomments&post=589982"}],"version-history":[{"count":1,"href":"https:\/\/diariodominicano.com\/index.php?rest_route=\/wp\/v2\/posts\/589982\/revisions"}],"predecessor-version":[{"id":589984,"href":"https:\/\/diariodominicano.com\/index.php?rest_route=\/wp\/v2\/posts\/589982\/revisions\/589984"}],"wp:featuredmedia":[{"embeddable":true,"href":"https:\/\/diariodominicano.com\/index.php?rest_route=\/wp\/v2\/media\/589983"}],"wp:attachment":[{"href":"https:\/\/diariodominicano.com\/index.php?rest_route=%2Fwp%2Fv2%2Fmedia&parent=589982"}],"wp:term":[{"taxonomy":"category","embeddable":true,"href":"https:\/\/diariodominicano.com\/index.php?rest_route=%2Fwp%2Fv2%2Fcategories&post=589982"},{"taxonomy":"post_tag","embeddable":true,"href":"https:\/\/diariodominicano.com\/index.php?rest_route=%2Fwp%2Fv2%2Ftags&post=589982"}],"curies":[{"name":"wp","href":"https:\/\/api.w.org\/{rel}","templated":true}]}}