{"id":589921,"date":"2025-01-19T15:45:17","date_gmt":"2025-01-19T19:45:17","guid":{"rendered":"https:\/\/diariodominicano.com\/?p=589921"},"modified":"2025-01-19T15:58:08","modified_gmt":"2025-01-19T19:58:08","slug":"mexico-la-presidenta-dra-claudia-sheinbaum-pardo-presenta-el-el-plan-mexico-estrategia-integral-para-transformar-el-desarrollo-economico-del-pais","status":"publish","type":"post","link":"https:\/\/diariodominicano.com\/?p=589921","title":{"rendered":"M\u00e9xico: La Presidenta Dra. Claudia Sheinbaum Pardo presenta el \u201cEl Plan M\u00e9xico\u201d estrategia integral para transformar el desarrollo econ\u00f3mico del pa\u00eds"},"content":{"rendered":"\n<p>Por Araceli Aguilar Salgado <\/p>\n\n\n\n<p><strong><em>&nbsp;\u201cEl &#8216;Plan M\u00e9xico&#8217; es una visi\u00f3n sobre el desarrollo del pa\u00eds que debe ser equitativo, sustentable, de industrializaci\u00f3n, con crecimiento econ\u00f3mico, y sobre todo, para el bienestar del pueblo.\u201d<\/em><\/strong><\/p>\n\n\n\n<p>Como parte del&nbsp;lanzamiento del Plan M\u00e9xico, se han registrado dos mil proyectos con&nbsp;una inversi\u00f3n de&nbsp;277 mil millones de d\u00f3lares de empresas&nbsp;que quieren llegar a M\u00e9xico, dio a conocer&nbsp;la presidenta Claudia Sheinbaum.<\/p>\n\n\n\n<p>Ante representantes del&nbsp;sector empresarial, la mandataria present\u00f3, en el&nbsp;Museo Nacional de Antropolog\u00eda e Historia, el programa, el cual, dijo, plantea enfrentar la \u201cincertidumbre&nbsp;que venga en el futuro pr\u00f3ximo\u201d.<\/p>\n\n\n\n<figure class=\"wp-block-gallery has-nested-images columns-default is-cropped wp-block-gallery-1 is-layout-flex wp-block-gallery-is-layout-flex\">\n<figure class=\"wp-block-image size-large\"><img loading=\"lazy\" decoding=\"async\" width=\"1024\" height=\"573\" data-id=\"589927\" src=\"https:\/\/diariodominicano.com\/wp-content\/uploads\/2025\/01\/La-Presidenta-Dra.-Claudia-Sheinbaum-Pardo-presenta-el-El-Plan-Mexico-1024x573.png\" alt=\"\" class=\"wp-image-589927\" srcset=\"https:\/\/diariodominicano.com\/wp-content\/uploads\/2025\/01\/La-Presidenta-Dra.-Claudia-Sheinbaum-Pardo-presenta-el-El-Plan-Mexico-1024x573.png 1024w, https:\/\/diariodominicano.com\/wp-content\/uploads\/2025\/01\/La-Presidenta-Dra.-Claudia-Sheinbaum-Pardo-presenta-el-El-Plan-Mexico-300x168.png 300w, https:\/\/diariodominicano.com\/wp-content\/uploads\/2025\/01\/La-Presidenta-Dra.-Claudia-Sheinbaum-Pardo-presenta-el-El-Plan-Mexico-768x430.png 768w, https:\/\/diariodominicano.com\/wp-content\/uploads\/2025\/01\/La-Presidenta-Dra.-Claudia-Sheinbaum-Pardo-presenta-el-El-Plan-Mexico-1536x859.png 1536w, https:\/\/diariodominicano.com\/wp-content\/uploads\/2025\/01\/La-Presidenta-Dra.-Claudia-Sheinbaum-Pardo-presenta-el-El-Plan-Mexico-816x456.png 816w, https:\/\/diariodominicano.com\/wp-content\/uploads\/2025\/01\/La-Presidenta-Dra.-Claudia-Sheinbaum-Pardo-presenta-el-El-Plan-Mexico.png 1636w\" sizes=\"auto, (max-width: 1024px) 100vw, 1024px\" \/><\/figure>\n<\/figure>\n\n\n\n<p>En un contexto caracterizado por el anuncio del presidente electo de Estados Unidos, Donald Trump, de&nbsp;aumentar aranceles a los productos mexicanos, la titular del Ejecutivo federal destac\u00f3 que el plan tiene como meta, entre otras, ubicar a M\u00e9xico en&nbsp;el&nbsp;Top 10 de econom\u00edas, fortaleciendo&nbsp;el mercado interno&nbsp;y&nbsp;la participaci\u00f3n internacional.<\/p>\n\n\n\n<p>Asimismo, agreg\u00f3,&nbsp;elevar la proporci\u00f3n de&nbsp;inversi\u00f3n&nbsp;respecto del PIB&nbsp;arriba de 25 por ciento a partir de 2026, y arriba de 28 por ciento en 2030, y generar&nbsp;1.5 millones de empleos adicionales en manufactura&nbsp;especializada y en&nbsp;sectores estrat\u00e9gicos; lograr que el 50 por ciento de&nbsp;la proveedur\u00eda&nbsp;y&nbsp;el consumo nacional&nbsp;sean hechos en M\u00e9xico en&nbsp;sectores estrat\u00e9gicos; y crecer 15 por ciento de&nbsp;contenido nacional en cadenas globales de valor en los sectores:&nbsp;automotriz, aeroespacial, electr\u00f3nico, semiconductores, farmac\u00e9utico y qu\u00edmico.<\/p>\n\n\n\n<p>\u201cEl objetivo entonces es seguir haciendo de M\u00e9xico el mejor pa\u00eds del mundo, nuestro pa\u00eds es una potencia cultural y nuestro objetivo es\u00a0disminuir pobreza,\u00a0desigualdades, pero que cada uno de los mexicanos sepa que hay plan, hay desarrollo, que frente a cualquier\u00a0incertidumbre\u00a0que venga en el futuro pr\u00f3ximo, M\u00e9xico tiene un plan y est\u00e1 unido hacia delante\u201d, destac\u00f3.<\/p>\n\n\n\n<figure class=\"wp-block-gallery has-nested-images columns-default is-cropped wp-block-gallery-2 is-layout-flex wp-block-gallery-is-layout-flex\">\n<figure class=\"wp-block-image size-large\"><img loading=\"lazy\" decoding=\"async\" width=\"1024\" height=\"683\" data-id=\"589928\" src=\"https:\/\/diariodominicano.com\/wp-content\/uploads\/2025\/01\/El-Plan-Mexico-1024x683.jpg\" alt=\"\" class=\"wp-image-589928\" srcset=\"https:\/\/diariodominicano.com\/wp-content\/uploads\/2025\/01\/El-Plan-Mexico-1024x683.jpg 1024w, https:\/\/diariodominicano.com\/wp-content\/uploads\/2025\/01\/El-Plan-Mexico-300x200.jpg 300w, https:\/\/diariodominicano.com\/wp-content\/uploads\/2025\/01\/El-Plan-Mexico-768x512.jpg 768w, https:\/\/diariodominicano.com\/wp-content\/uploads\/2025\/01\/El-Plan-Mexico-1536x1024.jpg 1536w, https:\/\/diariodominicano.com\/wp-content\/uploads\/2025\/01\/El-Plan-Mexico-2048x1366.jpg 2048w, https:\/\/diariodominicano.com\/wp-content\/uploads\/2025\/01\/El-Plan-Mexico-816x544.jpg 816w\" sizes=\"auto, (max-width: 1024px) 100vw, 1024px\" \/><\/figure>\n<\/figure>\n\n\n\n<p>Altagracia G\u00f3mez Sierra, coordinadora del Consejo Asesor de Desarrollo Econ\u00f3mico, lanz\u00f3 una invitaci\u00f3n al&nbsp;sector privado&nbsp;para que se generen&nbsp;empleos bien remunerados y calificados; a&nbsp;valorar el comercio justo&nbsp;y&nbsp;la reciprocidad&nbsp;que existe con pa\u00edses con quienes se tienen&nbsp;tratados de libre comercio; a fortalecer&nbsp;resiliencia de las cadenas de valor&nbsp;con apuestas muy claras; a&nbsp;mejorar entre todos&nbsp;el est\u00e1ndar de vida de los j\u00f3venes; y&nbsp;garantizar la competencia&nbsp;a trav\u00e9s de&nbsp;la capacitaci\u00f3n y la planificaci\u00f3n, no la&nbsp;baja remuneraci\u00f3n de los colaboradores.<\/p>\n\n\n\n<p>Para 2030, cuando acabe el sexenio de Sheinbaum, el plan prev\u00e9 incrementar en un 15 % el contenido nacional en cadenas globales de valor en industrias como la automotriz, aeroespacial, electr\u00f3nica, de chips semiconductores, farmac\u00e9utica y qu\u00edmica. Tambi\u00e9n contempla que el 50 % de la proveedur\u00eda y el consumo nacional sean de origen mexicano en sectores estrat\u00e9gicos y que la mitad de las compras p\u00fablicas sean de producci\u00f3n nacional. Esto permitir\u00eda, seg\u00fan sus c\u00e1lculos, generar 1,5 millones de empleos adicionales en manufactura especializada y otras \u00e1reas clave.<\/p>\n\n\n\n<p>El plan es la \u201ccarta de navegaci\u00f3n\u201d para la nueva era que M\u00e9xico va a enfrentar, dijo&nbsp;Marcelo Ebrad, secretario de Econom\u00eda resalt\u00f3 que el &#8216;Plan M\u00e9xico&#8217; \u00abson meses de trabajo encabezados todos por la doctora Claudia Sheinbaum para tener la carta de navegaci\u00f3n de M\u00e9xico para la nueva era que va a enfrentar\u00bb. \u00abHay incertidumbres en el futuro inmediato, pero si estamos cohesionados y tenemos una direcci\u00f3n nacional como la que tenemos, amigas y amigos, vamos a salir adelante\u00bb, manifest\u00f3.<\/p>\n\n\n\n<p>Se\u00f1al\u00f3 que el enfoque que tiene este plan es responder a preguntas b\u00e1sicas sobre \u201cqu\u00e9 queremos hacer para llegar a buen puerto, qui\u00e9n, c\u00f3mo, y con metas espec\u00edficas en tiempo\u201d, y destac\u00f3 caracter\u00edsticas como&nbsp;el trabajo colectivo de los \u00faltimos seis meses entre&nbsp;sector privado nacional,&nbsp;empresarios estatales, con&nbsp;los secretarios de Desarrollo Econ\u00f3mico&nbsp;de las 32 entidades y de las&nbsp;secretar\u00edas del gobierno federal.<\/p>\n\n\n\n<p>Hay incertidumbres en el futuro inmediato, pero si estamos cohesionados y tenemos una direcci\u00f3n nacional como la que tenemos; amigas y amigos, vamos a salir adelante\u201d.<\/p>\n\n\n\n<p>La&nbsp;sustituci\u00f3n de importaciones&nbsp;es uno de los&nbsp;objetivos del Plan M\u00e9xico&nbsp;y mediante&nbsp;pol\u00edtica comercial, industrial y el T-MEC, M\u00e9xico podr\u00eda detonar en mayor proporci\u00f3n su crecimiento respecto a sus socios en Norteam\u00e9rica, si se reducen 10 por ciento&nbsp;las exportaciones de China, dijo Rogelio Ram\u00edrez de la O, secretario de Hacienda y Cr\u00e9dito P\u00fablico.<\/p>\n\n\n\n<p>Al presentar el planteamiento global tomado como referencia para&nbsp;el Plan M\u00e9xico, expuso que M\u00e9xico podr\u00eda a\u00f1adir 1.2 por ciento al&nbsp;crecimiento del Producto Interno Bruto (PIB), comparado con ganancias de menos de 1 por ciento por parte de sus socios en el T-MEC.<\/p>\n\n\n\n<p>\u201cSi Norteam\u00e9rica reemplaza el 10 por ciento de la&nbsp;importaci\u00f3n&nbsp;que se hace de&nbsp;China&nbsp;y de alguna forma se hace en&nbsp;Norteam\u00e9rica y con&nbsp;la metodolog\u00eda de matriz-insumo-producto; M\u00e9xico crecer\u00eda 1.2 por ciento m\u00e1s en el PIB de lo que crece normalmente;&nbsp;Estados Unidos&nbsp;crecer\u00eda 0.8 por ciento m\u00e1s y&nbsp;Canad\u00e1&nbsp;un 0.2 por ciento m\u00e1s\u201d, dijo sobre el planteamiento hecho desde&nbsp;la Secretar\u00eda de Hacienda.<\/p>\n\n\n\n<p>\u201cLo que sigue son&nbsp;decisiones de pol\u00edtica&nbsp;p\u00fablica en materia comercial, pol\u00edtica industrial y lo que corresponde hacer en el marco del&nbsp;Tratado de Libre Comercio con Norteam\u00e9rica\u201d, a\u00f1adi\u00f3.<\/p>\n\n\n\n<p>El plan tambi\u00e9n busca una mayor integraci\u00f3n regional con Estados Unidos y Canad\u00e1 para hacer frente a la competencia de Asia y la sustituci\u00f3n de importaciones, principalmente de China.<\/p>\n\n\n\n<p>&nbsp;<strong>Misi\u00f3n&nbsp;<\/strong><\/p>\n\n\n\n<p>\u00fc&nbsp;&nbsp;Plan de largo plazo para el desarrollo regional del pa\u00eds.&nbsp;<\/p>\n\n\n\n<p>\u00fc&nbsp;&nbsp;Promover la relocalizaci\u00f3n.&nbsp;<\/p>\n\n\n\n<p>\u00fc&nbsp;&nbsp;Elevar contenido nacional y regional.&nbsp;<\/p>\n\n\n\n<p>\u00fc&nbsp;&nbsp;Sustituci\u00f3n de importaciones.<\/p>\n\n\n\n<p>\u00fc&nbsp;&nbsp;Relanzar el programa \u201cHecho en M\u00e9xico\u201d.<\/p>\n\n\n\n<p>\u00fc&nbsp;&nbsp;Crear empleos bien remunerados en sectores de manufactura y servicios.&nbsp;<\/p>\n\n\n\n<p>\u00fc&nbsp;&nbsp;Incrementar la proveedur\u00eda local de m\u00e1s valor.<\/p>\n\n\n\n<p>\u00fc&nbsp;&nbsp;Promover polos de desarrollo y de bienestar a partir de vocaciones regionales.<\/p>\n\n\n\n<p>\u00fc&nbsp;&nbsp;Ampliar el acceso a la educaci\u00f3n media superior y superior y su v\u00ednculo con el plan de desarrollo.<\/p>\n\n\n\n<p>\u00fc&nbsp;&nbsp;Fortalecer el desarrollo cient\u00edfico, tecnol\u00f3gico y la innovaci\u00f3n.<\/p>\n\n\n\n<p>\u00fc&nbsp;&nbsp;Impulso a la integraci\u00f3n del continente.&nbsp;<\/p>\n\n\n\n<p><strong>Metas<\/strong><\/p>\n\n\n\n<p>Estar en el top 10 de econom\u00edas.<\/p>\n\n\n\n<p>\u00fc&nbsp;&nbsp;Elevar la proporci\u00f3n de inversi\u00f3n respecto al PIB.<\/p>\n\n\n\n<p>\u00fc&nbsp;&nbsp;1.5 millones de empleos adicionales en manufactura especializada y en sectores estrat\u00e9gicos.&nbsp;<\/p>\n\n\n\n<p>\u00fc&nbsp;&nbsp;50% de la proveedur\u00eda y el consumo nacional ser\u00e1n hechos en M\u00e9xico en sectores estrat\u00e9gicos.&nbsp;<\/p>\n\n\n\n<p>\u00fc&nbsp;&nbsp;Crecer 15% de contenido nacional en cadenas globales de valor en los sectores: automotriz, aeroespacial, electr\u00f3nico, semiconductores, farmac\u00e9utico, qu\u00edmico, entre otros. ser\u00e1n de producci\u00f3n nacional.&nbsp;<\/p>\n\n\n\n<p>\u00fc&nbsp;&nbsp;Las compras p\u00fablicas ser\u00e1n una herramienta de desarrollo.&nbsp;<\/p>\n\n\n\n<p>\u00fc&nbsp;&nbsp;Vacunas hechas en M\u00e9xico.<\/p>\n\n\n\n<p>\u00fc&nbsp;&nbsp;De 2.6 a 1 a\u00f1o se reducir\u00e1 el tiempo total para concretar una inversi\u00f3n.<\/p>\n\n\n\n<p>\u00fc&nbsp;&nbsp;150 mil profesionistas y t\u00e9cnicos anuales con formaci\u00f3n continua alineada a sectores estrat\u00e9gicos y 100% de educaci\u00f3n dual en media superior t\u00e9cnica.&nbsp;<\/p>\n\n\n\n<p>\u00fc&nbsp;&nbsp;Sostenibilidad ambiental.<\/p>\n\n\n\n<p>\u00fc&nbsp;&nbsp;30% de Pymes con acceso a financiamiento.&nbsp;<\/p>\n\n\n\n<p>\u00fc&nbsp;&nbsp;Ser uno de los 5 pa\u00edses m\u00e1s visitados a nivel mundial.&nbsp;<\/p>\n\n\n\n<p>\u00fc&nbsp;&nbsp;Disminuir la pobreza y la desigualdad.<\/p>\n\n\n\n<p><strong>Estrategias<\/strong><\/p>\n\n\n\n<p>\u00fc&nbsp;&nbsp;Fomento Industrial<\/p>\n\n\n\n<p>\u00fc&nbsp;&nbsp;Plan carretero<\/p>\n\n\n\n<p>\u00fc&nbsp;&nbsp;Inversi\u00f3n mixta<\/p>\n\n\n\n<p>\u00fc&nbsp;&nbsp;Trenes de pasajeros<\/p>\n\n\n\n<p>\u00fc&nbsp;&nbsp;Aeropuertos<\/p>\n\n\n\n<p>\u00fc&nbsp;&nbsp;Puertos<\/p>\n\n\n\n<p>\u00fc&nbsp;&nbsp;\u00c1reas<\/p>\n\n\n\n<p>\u00fc&nbsp;&nbsp;Energ\u00eda<\/p>\n\n\n\n<p>\u00fc&nbsp;&nbsp;Agua<\/p>\n\n\n\n<p>\u00fc&nbsp;&nbsp;Vivienda<\/p>\n\n\n\n<p>\u00fc&nbsp;&nbsp;Educaci\u00f3n<\/p>\n\n\n\n<p>\u00fc&nbsp;&nbsp;Seguridad<\/p>\n\n\n\n<p><strong>12 Polos del Bienestar<\/strong><\/p>\n\n\n\n<p>\u00fc&nbsp;&nbsp;Franja fronteriza \u2013 300 hect\u00e1reas. Nuevo Laredo.<\/p>\n\n\n\n<p>\u00fc&nbsp;&nbsp;Golfo de California \u2013 555 hect\u00e1reas. Hermosillo.<\/p>\n\n\n\n<p>\u00fc&nbsp;&nbsp;Norte, AHMSA 740 hect\u00e1reas. Parque Binacional Piedras Negras \u2013 300 hect\u00e1reas.<\/p>\n\n\n\n<p>\u00fc&nbsp;&nbsp;Durango \u2013 470 hect\u00e1reas.<\/p>\n\n\n\n<p>\u00fc&nbsp;&nbsp;Noroeste \u2013 Plan Sonora.<\/p>\n\n\n\n<p>\u00fc&nbsp;&nbsp;Baj\u00edo \u2013 52 hect\u00e1reas. Celaya.<\/p>\n\n\n\n<p>\u00fc&nbsp;&nbsp;Pac\u00edfico \u2013 608 hect\u00e1reas. Puerto L\u00e1zaro C\u00e1rdenas.<\/p>\n\n\n\n<p>\u00fc&nbsp;&nbsp;AIFA \u2013 300 hect\u00e1reas. Tula.<\/p>\n\n\n\n<p>\u00fc&nbsp;&nbsp;Centro \u2013 462 hect\u00e1reas. Puebla.<\/p>\n\n\n\n<p>\u00fc&nbsp;&nbsp;Golfo \u2013 935 hect\u00e1reas. Puerto seco, Tamaulipas.<\/p>\n\n\n\n<p>\u00fc&nbsp;&nbsp;Istmo \u2013 12 polos.<\/p>\n\n\n\n<p>\u00fc&nbsp;&nbsp;Maya 223 hect\u00e1reas. M\u00e9rida y Progreso.<\/p>\n\n\n\n<p><strong>Impulso a sectores estrat\u00e9gicos&nbsp;<\/strong><\/p>\n\n\n\n<p>\u00fc&nbsp;&nbsp;Textil y zapatos<\/p>\n\n\n\n<p>\u00fc&nbsp;&nbsp;Farmac\u00e9utica y dispositivos m\u00e9dicos<\/p>\n\n\n\n<p>\u00fc&nbsp;&nbsp;Agroindustria<\/p>\n\n\n\n<p>\u00fc&nbsp;&nbsp;Semiconductores<\/p>\n\n\n\n<p>\u00fc&nbsp;&nbsp;Energ\u00eda<\/p>\n\n\n\n<p>\u00fc&nbsp;&nbsp;Automotriz y movilidad<\/p>\n\n\n\n<p>\u00fc&nbsp;&nbsp;Qu\u00edmica y petroqu\u00edmica<\/p>\n\n\n\n<p>\u00fc&nbsp;&nbsp;Bienes de consumo<\/p>\n\n\n\n<p>\u00fc&nbsp;&nbsp;Aeroespacial<\/p>\n\n\n\n<p>Este plan est\u00e1 hecho para pensar en grande, conf\u00eden en M\u00e9xico. Para invertir, mejor en M\u00e9xico; para producir, mejor en M\u00e9xico; para consumir, mejor en M\u00e9xico; si quieren vacacionar, mejor en M\u00e9xico; para estudiar, mejor en M\u00e9xico; para trabajar, mejor en M\u00e9xico. Con el Plan M\u00e9xico, la invitaci\u00f3n es que hoy elijan a M\u00e9xico, es la \u00fanica apuesta que a largo plazo nunca nos va a hacer perder\u201d.<\/p>\n\n\n\n<p><strong><em>\u201cEl Plan M\u00e9xico busca no solo mejorar la econom\u00eda del pa\u00eds, sino tambi\u00e9n mejorar la calidad de vida de los ciudadanos, reducir la pobreza y las desigualdades, y fortalecer la autosuficiencia en sectores clave como la salud y la producci\u00f3n industrial.\u201d<\/em><\/strong><\/p>\n\n\n\n<p>Araceli Aguilar Salgado Periodista, Abogada, Ingeniera, Escritora, Analista y comentarista mexicana, del Estado de Guerrero E-mail&nbsp;<a href=\"mailto:periodistaaaguilar@gmail.com\" target=\"_blank\" rel=\"noreferrer noopener\">periodistaaaguilar@gmail.com<\/a><\/p>\n","protected":false},"excerpt":{"rendered":"<p>Por Araceli Aguilar Salgado &nbsp;\u201cEl &#8216;Plan M\u00e9xico&#8217; es una visi\u00f3n sobre el desarrollo del pa\u00eds que debe ser equitativo, sustentable, de industrializaci\u00f3n, con crecimiento econ\u00f3mico, y sobre todo, para el bienestar del pueblo.\u201d Como parte del&nbsp;lanzamiento del Plan M\u00e9xico, se han registrado dos mil proyectos con&nbsp;una inversi\u00f3n de&nbsp;277 mil millones de d\u00f3lares de empresas&nbsp;que quieren [&hellip;]<\/p>\n","protected":false},"author":7,"featured_media":589876,"comment_status":"closed","ping_status":"closed","sticky":false,"template":"","format":"standard","meta":{"footnotes":""},"categories":[23],"tags":[1338,1444,246],"class_list":["post-589921","post","type-post","status-publish","format-standard","has-post-thumbnail","hentry","category-internacional","tag-araceli-aguilar-salgado","tag-dra-claudia-sheinbaum-pardo","tag-mexico"],"_links":{"self":[{"href":"https:\/\/diariodominicano.com\/index.php?rest_route=\/wp\/v2\/posts\/589921","targetHints":{"allow":["GET"]}}],"collection":[{"href":"https:\/\/diariodominicano.com\/index.php?rest_route=\/wp\/v2\/posts"}],"about":[{"href":"https:\/\/diariodominicano.com\/index.php?rest_route=\/wp\/v2\/types\/post"}],"author":[{"embeddable":true,"href":"https:\/\/diariodominicano.com\/index.php?rest_route=\/wp\/v2\/users\/7"}],"replies":[{"embeddable":true,"href":"https:\/\/diariodominicano.com\/index.php?rest_route=%2Fwp%2Fv2%2Fcomments&post=589921"}],"version-history":[{"count":1,"href":"https:\/\/diariodominicano.com\/index.php?rest_route=\/wp\/v2\/posts\/589921\/revisions"}],"predecessor-version":[{"id":589929,"href":"https:\/\/diariodominicano.com\/index.php?rest_route=\/wp\/v2\/posts\/589921\/revisions\/589929"}],"wp:featuredmedia":[{"embeddable":true,"href":"https:\/\/diariodominicano.com\/index.php?rest_route=\/wp\/v2\/media\/589876"}],"wp:attachment":[{"href":"https:\/\/diariodominicano.com\/index.php?rest_route=%2Fwp%2Fv2%2Fmedia&parent=589921"}],"wp:term":[{"taxonomy":"category","embeddable":true,"href":"https:\/\/diariodominicano.com\/index.php?rest_route=%2Fwp%2Fv2%2Fcategories&post=589921"},{"taxonomy":"post_tag","embeddable":true,"href":"https:\/\/diariodominicano.com\/index.php?rest_route=%2Fwp%2Fv2%2Ftags&post=589921"}],"curies":[{"name":"wp","href":"https:\/\/api.w.org\/{rel}","templated":true}]}}