{"id":589779,"date":"2025-01-18T16:52:27","date_gmt":"2025-01-18T20:52:27","guid":{"rendered":"https:\/\/diariodominicano.com\/?p=589779"},"modified":"2025-01-18T16:52:33","modified_gmt":"2025-01-18T20:52:33","slug":"trump-dice-que-muy-probablemente-dara-a-tiktok-una-extension-de-90-dias-para-evitar-prohibicion","status":"publish","type":"post","link":"https:\/\/diariodominicano.com\/?p=589779","title":{"rendered":"Trump dice que \u00abmuy probablemente\u00bb dar\u00e1 a TikTok una extensi\u00f3n de 90 d\u00edas para evitar prohibici\u00f3n"},"content":{"rendered":"\n<p>Una aplicaci\u00f3n de TikTok en un tel\u00e9fono en San Francisco, el viernes 17 de enero de 2025.<\/p>\n\n\n\n<p>enero 18, 2025<\/p>\n\n\n\n<ul class=\"wp-block-list\">\n<li><a href=\"https:\/\/www.vozdeamerica.com\/author\/associated-press\/v_kyr\">Associated Press<\/a><\/li>\n<\/ul>\n\n\n\n<ul class=\"wp-block-list\">\n<li><a href=\"https:\/\/facebook.com\/sharer.php?u=https%3a%2f%2fwww.vozdeamerica.com%2fa%2ftrump-tiktok-extensi%25c3%25b3n-90-dias-para-evitar-prohibicion%2f7941837.html\" target=\"_blank\" rel=\"noreferrer noopener\"><\/a><\/li>\n\n\n\n<li><a href=\"https:\/\/twitter.com\/share?url=https%3a%2f%2fwww.vozdeamerica.com%2fa%2ftrump-tiktok-extensi%25c3%25b3n-90-dias-para-evitar-prohibicion%2f7941837.html&amp;text=Trump+dice+que+%22muy+probablemente%22+dar%c3%a1+a+TikTok+una+extensi%c3%b3n+de+90+d%c3%adas+para+evitar+prohibici%c3%b3n+\" target=\"_blank\" rel=\"noreferrer noopener\"><\/a><\/li>\n\n\n\n<li><\/li>\n\n\n\n<li><a href=\"mailto:?body=https%3a%2f%2fwww.vozdeamerica.com%2fa%2ftrump-tiktok-extensi%25c3%25b3n-90-dias-para-evitar-prohibicion%2f7941837.html&amp;subject=Trump%20dice%20que%20%22muy%20probablemente%22%20dar%C3%A1%20a%20TikTok%20una%20extensi%C3%B3n%20de%2090%20d%C3%ADas%20para%20evitar%20prohibici%C3%B3n\"><\/a><\/li>\n<\/ul>\n\n\n\n<p><a href=\"https:\/\/www.vozdeamerica.com\/a\/trump-tiktok-extensi%C3%B3n-90-dias-para-evitar-prohibicion\/7941837.html#comments\">&nbsp;Vea comentarios<\/a><\/p>\n\n\n\n<p>Como nuevo presidente, Donald Trump podr\u00eda salvar a TikTok en EEUU. Trump dijo que est\u00e1 considerando una extensi\u00f3n de 90 d\u00edas a la orden de la Corte Suprema de prohibir la plataforma en el pa\u00eds.<\/p>\n\n\n\n<p>El presidente electo de Estados Unidos, Donald Trump, dijo el s\u00e1bado que \u201cmuy probablemente\u201d dar\u00e1 a TikTok 90 d\u00edas m\u00e1s para negociar un acuerdo que permitir\u00eda a la popular plataforma de videos evitar una prohibici\u00f3n en el pa\u00eds.<\/p>\n\n\n\n<p>Durante una entrevista con NBC News, Trump se\u00f1al\u00f3 que no hab\u00eda decidido qu\u00e9 hacer, pero estaba considerando otorgar a TikTok un aplazamiento despu\u00e9s de asumir la presidencia el lunes.<\/p>\n\n\n\n<p>Una ley que proh\u00edbe a las tiendas de aplicaciones m\u00f3viles y a los servicios de alojamiento en internet distribuir TikTok a los usuarios de Estados Unidos entra en vigor el domingo.<\/p>\n\n\n\n<figure class=\"wp-block-image\"><img decoding=\"async\" src=\"https:\/\/gdb.voanews.com\/8008f46e-1408-450a-bf61-544c61b91ea5_tv_w650_r1.jpg\" alt=\"Corte Suprema confirma prohibici\u00f3n de TikTok en EEUU\" title=\"Corte Suprema confirma prohibici\u00f3n de TikTok en EEUU\"\/><\/figure>\n\n\n\n<p><video poster=\"https:\/\/gdb.voanews.com\/8008f46e-1408-450a-bf61-544c61b91ea5_tv_w650_r1.jpg\" src=\"blob:https:\/\/www.vozdeamerica.com\/b2a5be30-5c4f-4cdd-8457-ee50c1ab9bbc\" height=\"381\" width=\"676\"><\/video><\/p>\n\n\n\n<p>&nbsp;Insertar&nbsp;share<\/p>\n\n\n\n<h5 class=\"wp-block-heading\"><a href=\"https:\/\/www.vozdeamerica.com\/a\/7941167.html\" target=\"_blank\" rel=\"noreferrer noopener\">Corte Suprema confirma prohibici\u00f3n de TikTok en EEUU<\/a><\/h5>\n\n\n\n<p>&nbsp;Insertar&nbsp;share<\/p>\n\n\n\n<p>El c\u00f3digo se ha copiado en su portapapeles.<\/p>\n\n\n\n<hr class=\"wp-block-separator has-alpha-channel-opacity\"\/>\n\n\n\n<p>Ancho&nbsp;&nbsp;pxAltura&nbsp;&nbsp;px<\/p>\n\n\n\n<ul class=\"wp-block-list\">\n<li><a href=\"https:\/\/facebook.com\/sharer.php?u=https%3a%2f%2fwww.vozdeamerica.com%2fa%2f7941167.html\" target=\"_blank\" rel=\"noreferrer noopener\">Comparta en Facebook<\/a><\/li>\n\n\n\n<li><a href=\"https:\/\/twitter.com\/share?url=https%3a%2f%2fwww.vozdeamerica.com%2fa%2f7941167.html&amp;text=Corte+Suprema+confirma+prohibici%c3%b3n+de+TikTok+en+EEUU\" target=\"_blank\" rel=\"noreferrer noopener\">Comparta en Twitter<\/a><\/li>\n<\/ul>\n\n\n\n<hr class=\"wp-block-separator has-alpha-channel-opacity\"\/>\n\n\n\n<p>The URL has been copied to your clipboard<\/p>\n\n\n\n<ul class=\"wp-block-list\">\n<li>Auto<\/li>\n\n\n\n<li>240p<\/li>\n\n\n\n<li>360p<\/li>\n\n\n\n<li>480p<\/li>\n\n\n\n<li>720p<\/li>\n\n\n\n<li>1080p<\/li>\n<\/ul>\n\n\n\n<p>No media source currently available<\/p>\n\n\n\n<p>0:002:490:00<\/p>\n\n\n\n<ul class=\"wp-block-list\">\n<li><\/li>\n\n\n\n<li><\/li>\n\n\n\n<li><\/li>\n\n\n\n<li><\/li>\n\n\n\n<li><\/li>\n\n\n\n<li><\/li>\n<\/ul>\n\n\n\n<p><a href=\"https:\/\/www.vozdeamerica.com\/embed\/player\/Article\/7941167.html?type=video&amp;FullScreenMode=True\" target=\"_blank\" rel=\"noreferrer noopener\"><\/a><\/p>\n\n\n\n<p>&nbsp;Descargar&nbsp;<\/p>\n\n\n\n<p>Seg\u00fan la ley aprobada por el Congreso y promulgada por el presidente Joe Biden el a\u00f1o pasado, la empresa matriz de TikTok con sede en China, ByteDance, ten\u00eda nueve meses para vender la operaci\u00f3n estadounidense de la plataforma a un comprador autorizado. La ley permite al presidente en funciones otorgar una extensi\u00f3n si una venta est\u00e1 en proceso.<\/p>\n\n\n\n<p>\u201cCreo que ser\u00eda, ciertamente, una opci\u00f3n que considerar\u00edamos. La extensi\u00f3n de 90 d\u00edas es algo que muy probablemente se har\u00e1, porque es apropiado. Ya sabes, es apropiado\u201d, dijo Trump a la conductora del programa \u201cMeet the Press\u201d, Kristen Welker, en una entrevista telef\u00f3nica. \u201cTenemos que revisarlo cuidadosamente. Es una situaci\u00f3n muy grande\u00bb.<\/p>\n\n\n\n<p>\u201cSi decido hacer eso, probablemente lo anunciar\u00e9 el lunes\u201d, a\u00f1adi\u00f3.<\/p>\n","protected":false},"excerpt":{"rendered":"<p>Una aplicaci\u00f3n de TikTok en un tel\u00e9fono en San Francisco, el viernes 17 de enero de 2025. enero 18, 2025 &nbsp;Vea comentarios Como nuevo presidente, Donald Trump podr\u00eda salvar a TikTok en EEUU. Trump dijo que est\u00e1 considerando una extensi\u00f3n de 90 d\u00edas a la orden de la Corte Suprema de prohibir la plataforma en [&hellip;]<\/p>\n","protected":false},"author":28,"featured_media":589780,"comment_status":"closed","ping_status":"closed","sticky":true,"template":"","format":"standard","meta":{"footnotes":""},"categories":[36,23],"tags":[],"class_list":["post-589779","post","type-post","status-publish","format-standard","has-post-thumbnail","hentry","category-hombresmujeresycosas","category-internacional"],"_links":{"self":[{"href":"https:\/\/diariodominicano.com\/index.php?rest_route=\/wp\/v2\/posts\/589779","targetHints":{"allow":["GET"]}}],"collection":[{"href":"https:\/\/diariodominicano.com\/index.php?rest_route=\/wp\/v2\/posts"}],"about":[{"href":"https:\/\/diariodominicano.com\/index.php?rest_route=\/wp\/v2\/types\/post"}],"author":[{"embeddable":true,"href":"https:\/\/diariodominicano.com\/index.php?rest_route=\/wp\/v2\/users\/28"}],"replies":[{"embeddable":true,"href":"https:\/\/diariodominicano.com\/index.php?rest_route=%2Fwp%2Fv2%2Fcomments&post=589779"}],"version-history":[{"count":1,"href":"https:\/\/diariodominicano.com\/index.php?rest_route=\/wp\/v2\/posts\/589779\/revisions"}],"predecessor-version":[{"id":589781,"href":"https:\/\/diariodominicano.com\/index.php?rest_route=\/wp\/v2\/posts\/589779\/revisions\/589781"}],"wp:featuredmedia":[{"embeddable":true,"href":"https:\/\/diariodominicano.com\/index.php?rest_route=\/wp\/v2\/media\/589780"}],"wp:attachment":[{"href":"https:\/\/diariodominicano.com\/index.php?rest_route=%2Fwp%2Fv2%2Fmedia&parent=589779"}],"wp:term":[{"taxonomy":"category","embeddable":true,"href":"https:\/\/diariodominicano.com\/index.php?rest_route=%2Fwp%2Fv2%2Fcategories&post=589779"},{"taxonomy":"post_tag","embeddable":true,"href":"https:\/\/diariodominicano.com\/index.php?rest_route=%2Fwp%2Fv2%2Ftags&post=589779"}],"curies":[{"name":"wp","href":"https:\/\/api.w.org\/{rel}","templated":true}]}}