{"id":589776,"date":"2025-01-18T16:48:31","date_gmt":"2025-01-18T20:48:31","guid":{"rendered":"https:\/\/diariodominicano.com\/?p=589776"},"modified":"2025-01-18T16:48:37","modified_gmt":"2025-01-18T20:48:37","slug":"el-salvador-se-une-al-programa-global-entry-que-facilita-la-entrada-a-eeuu-a-usuarios-preaprobados","status":"publish","type":"post","link":"https:\/\/diariodominicano.com\/?p=589776","title":{"rendered":"El Salvador se une al programa Global Entry, que facilita la entrada a EEUU a usuarios preaprobados"},"content":{"rendered":"\n<p>Aeropuerto de El Salvador [Foto: Cortes\u00eda Presidencia El Salvador].<\/p>\n\n\n\n<p>enero 18, 2025<\/p>\n\n\n\n<ul class=\"wp-block-list\">\n<li><a href=\"https:\/\/www.vozdeamerica.com\/author\/karla-arevalo\/qbuyv\">Karla Ar\u00e9valo<\/a><\/li>\n<\/ul>\n\n\n\n<ul class=\"wp-block-list\">\n<li><a href=\"https:\/\/facebook.com\/sharer.php?u=https%3a%2f%2fwww.vozdeamerica.com%2fa%2fel-salvador-se-une-al-programa-global-entry%2f7941753.html\" target=\"_blank\" rel=\"noreferrer noopener\"><\/a><\/li>\n\n\n\n<li><a href=\"https:\/\/twitter.com\/share?url=https%3a%2f%2fwww.vozdeamerica.com%2fa%2fel-salvador-se-une-al-programa-global-entry%2f7941753.html&amp;text=El+Salvador+se+une+al+programa+Global+Entry%2c+que+facilita+la+entrada+a+EEUU+a+usuarios+preaprobados\" target=\"_blank\" rel=\"noreferrer noopener\"><\/a><\/li>\n\n\n\n<li><\/li>\n\n\n\n<li><a href=\"mailto:?body=https%3a%2f%2fwww.vozdeamerica.com%2fa%2fel-salvador-se-une-al-programa-global-entry%2f7941753.html&amp;subject=El%20Salvador%20se%20une%20al%20programa%20Global%20Entry,%20que%20facilita%20la%20entrada%20a%20EEUU%20a%20usuarios%20preaprobados\"><\/a><\/li>\n<\/ul>\n\n\n\n<p><a href=\"https:\/\/www.vozdeamerica.com\/a\/el-salvador-se-une-al-programa-global-entry\/7941753.html#comments\">&nbsp;Vea comentarios<\/a><\/p>\n\n\n\n<p>El Salvador se integra a Global Entry, un programa que agiliza la entrada a EEUU para viajeros preaprobados. Los salvadore\u00f1os podr\u00e1n acceder a beneficios como menos tr\u00e1mites y tiempos de espera reducidos.<\/p>\n\n\n\n<p>SAN SALVADOR \u2014&nbsp;<\/p>\n\n\n\n<p>El Salvador ha sido incluido oficialmente en el programa Global Entry, seg\u00fan inform\u00f3 el embajador de Estados Unidos en el pa\u00eds, William Duncan.<\/p>\n\n\n\n<p>Global Entry es un programa del Servicio de Aduanas y Protecci\u00f3n Fronteriza de los Estados Unidos (CBP) que facilita la entrada al pa\u00eds para viajeros preaprobados y de bajo riesgo, agilizando los tr\u00e1mites migratorios en aeropuertos seleccionados.<\/p>\n\n\n\n<p>\u00abCon solo 14 pa\u00edses en este programa, este logro destaca la s\u00f3lida relaci\u00f3n entre Estados Unidos y el gobierno del presidente (Nayib) Bukele, y su compromiso con promover los viajes y el comercio\u201d, declar\u00f3 el embajador Duncan en la red social X, de la embajada estadounidense en San Salvador.<\/p>\n\n\n\n<p>https:\/\/platform.twitter.com\/embed\/Tweet.html?dnt=false&#038;embedId=twitter-widget-<\/p>\n\n\n\n<p>El presidente de El Salvador comparti\u00f3 el mensaje en su cuenta de X, acompa\u00f1\u00e1ndolo con las banderas de ambos pa\u00edses en su publicaci\u00f3n.<\/p>\n\n\n\n<p>Global Entry ofrece beneficios como acceso a l\u00edneas de procesamiento r\u00e1pidas, eliminaci\u00f3n de papeleo y reducci\u00f3n de tiempos de espera.<\/p>\n\n\n\n<p>Sin embargo, todos los solicitantes se someten a una rigurosa verificaci\u00f3n de antecedentes y a una entrevista en persona antes de inscribirse, seg\u00fan el sitio oficial de la Oficina de Aduanas y Protecci\u00f3n Fronteriza de Estados Unidos.<\/p>\n\n\n\n<p><a href=\"https:\/\/www.vozdeamerica.com\/a\/eeuu-baja-advertencia-viaje-el-salvador-reduccion-delincuencia-\/7857568.html\"><\/a><\/p>\n\n\n\n<p><a href=\"https:\/\/www.vozdeamerica.com\/a\/eeuu-baja-advertencia-viaje-el-salvador-reduccion-delincuencia-\/7857568.html\">Tambi\u00e9n lea<\/a><\/p>\n\n\n\n<h4 class=\"wp-block-heading\"><a href=\"https:\/\/www.vozdeamerica.com\/a\/eeuu-baja-advertencia-viaje-el-salvador-reduccion-delincuencia-\/7857568.html\">EEUU baja advertencia de viaje a El Salvador debido a la reducci\u00f3n de la delincuencia<\/a><\/h4>\n\n\n\n<p>Actualmente, el programa est\u00e1 disponible para ciudadanos y residentes permanentes legales de Estados Unidos, as\u00ed como para ciudadanos de Argentina, Panam\u00e1, M\u00e9xico, entre otros pa\u00edses.<\/p>\n\n\n\n<p>Adem\u00e1s, est\u00e1 disponible en los principales aeropuertos de Estados Unidos, proporcionando entrada acelerada.<\/p>\n\n\n\n<p>El funcionario estadounidense asegur\u00f3 que proximamente se ofrecer\u00e1n m\u00e1s detalles sobre la implementaci\u00f3n y c\u00f3mo los ciudadanos salvadore\u00f1os pueden hacer sus solicitudes.<\/p>\n","protected":false},"excerpt":{"rendered":"<p>Aeropuerto de El Salvador [Foto: Cortes\u00eda Presidencia El Salvador]. enero 18, 2025 &nbsp;Vea comentarios El Salvador se integra a Global Entry, un programa que agiliza la entrada a EEUU para viajeros preaprobados. Los salvadore\u00f1os podr\u00e1n acceder a beneficios como menos tr\u00e1mites y tiempos de espera reducidos. SAN SALVADOR \u2014&nbsp; El Salvador ha sido incluido oficialmente [&hellip;]<\/p>\n","protected":false},"author":28,"featured_media":589777,"comment_status":"closed","ping_status":"closed","sticky":true,"template":"","format":"standard","meta":{"footnotes":""},"categories":[36,23],"tags":[],"class_list":["post-589776","post","type-post","status-publish","format-standard","has-post-thumbnail","hentry","category-hombresmujeresycosas","category-internacional"],"_links":{"self":[{"href":"https:\/\/diariodominicano.com\/index.php?rest_route=\/wp\/v2\/posts\/589776","targetHints":{"allow":["GET"]}}],"collection":[{"href":"https:\/\/diariodominicano.com\/index.php?rest_route=\/wp\/v2\/posts"}],"about":[{"href":"https:\/\/diariodominicano.com\/index.php?rest_route=\/wp\/v2\/types\/post"}],"author":[{"embeddable":true,"href":"https:\/\/diariodominicano.com\/index.php?rest_route=\/wp\/v2\/users\/28"}],"replies":[{"embeddable":true,"href":"https:\/\/diariodominicano.com\/index.php?rest_route=%2Fwp%2Fv2%2Fcomments&post=589776"}],"version-history":[{"count":1,"href":"https:\/\/diariodominicano.com\/index.php?rest_route=\/wp\/v2\/posts\/589776\/revisions"}],"predecessor-version":[{"id":589778,"href":"https:\/\/diariodominicano.com\/index.php?rest_route=\/wp\/v2\/posts\/589776\/revisions\/589778"}],"wp:featuredmedia":[{"embeddable":true,"href":"https:\/\/diariodominicano.com\/index.php?rest_route=\/wp\/v2\/media\/589777"}],"wp:attachment":[{"href":"https:\/\/diariodominicano.com\/index.php?rest_route=%2Fwp%2Fv2%2Fmedia&parent=589776"}],"wp:term":[{"taxonomy":"category","embeddable":true,"href":"https:\/\/diariodominicano.com\/index.php?rest_route=%2Fwp%2Fv2%2Fcategories&post=589776"},{"taxonomy":"post_tag","embeddable":true,"href":"https:\/\/diariodominicano.com\/index.php?rest_route=%2Fwp%2Fv2%2Ftags&post=589776"}],"curies":[{"name":"wp","href":"https:\/\/api.w.org\/{rel}","templated":true}]}}