{"id":589771,"date":"2025-01-18T02:59:31","date_gmt":"2025-01-18T06:59:31","guid":{"rendered":"https:\/\/diariodominicano.com\/?p=589771"},"modified":"2025-01-18T02:59:35","modified_gmt":"2025-01-18T06:59:35","slug":"director-general-de-tiktok-promete-asegurar-prosperidad-de-plataforma-a-pesar-de-decision-de-suprema-corte","status":"publish","type":"post","link":"https:\/\/diariodominicano.com\/?p=589771","title":{"rendered":"Director general de TikTok promete asegurar prosperidad de plataforma a pesar de decisi\u00f3n de Suprema Corte"},"content":{"rendered":"\n<p><em>spanish.news.cn<\/em>|<em>&nbsp;2025-01-18 06:12:45<\/em>|<\/p>\n\n\n\n<p>LOS \u00c1NGELES, 17 ene (Xinhua) &#8212; En una reacci\u00f3n directa a la decisi\u00f3n de la Suprema Corte de Estados Unidos de sostener la prohibici\u00f3n en contra de TikTok, el director general de la compa\u00f1\u00eda, Shou Zi Chew, dijo hoy que \u00abharemos todo lo que est\u00e9 en nuestras manos para asegurarnos de que la plataforma prospere\u00bb en los a\u00f1os por venir.<\/p>\n\n\n\n<p>En un video de cerca de un minuto y medio llamado \u00abNuestra respuesta a la decisi\u00f3n de la Suprema Corte\u00bb, Chew discuti\u00f3 dicha decisi\u00f3n y la manera en la que afectar\u00e1 a m\u00e1s de 170 millones de usuarios estadounidenses.<\/p>\n\n\n\n<p>Chew dijo que la compa\u00f1\u00eda y sus usuarios \u00abhan estado luchando para proteger el derecho constitucional a la libertad de expresi\u00f3n de m\u00e1s de 170 millones de estadounidenses\u00bb que utilizan a diario esta popular plataforma.<\/p>\n\n\n\n<p>Posteriormente, mencion\u00f3 el compromiso del presidente electo de Estados Unidos, Donald Trump, de trabajar con TikTok para encontrar una soluci\u00f3n para que la aplicaci\u00f3n siga estando disponible en Estados Unidos.<\/p>\n\n\n\n<p>\u00abNos sentimos agradecidos y complacidos por tener el apoyo de un presidente que verdaderamente entiende nuestra plataforma, de un presidente que ha usado TikTok para expresar sus propios pensamientos y perspectivas para conectar con el mundo y generar m\u00e1s de 60 millones de visitas a su contenido durante el proceso\u00bb, dijo Chew.<\/p>\n\n\n\n<p>Tambi\u00e9n dio las gracias a los usuarios estadounidenses por hacer de la comunidad de TikTok un espacio rico y vibrante, y agreg\u00f3 que la compa\u00f1\u00eda har\u00e1 todo lo posible por asegurarse de que la plataforma prospere como un hogar para la creatividad y el descubrimiento.<\/p>\n\n\n\n<p>Hoy con anterioridad, la Suprema Corte de Estados Unidos aval\u00f3 una ley que forzar\u00eda la venta de TikTok a una compa\u00f1\u00eda estadounidense, de lo contrario la popular aplicaci\u00f3n enfrentar\u00eda una prohibici\u00f3n a partir del domingo, un d\u00eda antes de la toma de posesi\u00f3n de Trump.<\/p>\n\n\n\n<p>Millones de personas homenajearon a TikTok despu\u00e9s de que el video de Chew apreci\u00f3 en l\u00ednea y decenas de miles hicieron comentarios, la mayor\u00eda de los cuales fueron de apoyo a la compa\u00f1\u00eda.<\/p>\n\n\n\n<p>En abril de 2024, el presidente de Estados Unidos Joe Biden promulg\u00f3 una ley que concedi\u00f3 a ByteDance, la compa\u00f1\u00eda matriz de TikTok, s\u00f3lo 270 d\u00edas para vender TikTok, para lo cual cit\u00f3 infundadas preocupaciones de seguridad nacional. Si la compa\u00f1\u00eda no cumple, la ley exigir\u00e1 a operadores de tiendas de aplicaciones como Apple y Google retirar a TikTok de sus plataformas a partir del 19 de enero de 2025.<\/p>\n","protected":false},"excerpt":{"rendered":"<p>spanish.news.cn|&nbsp;2025-01-18 06:12:45| LOS \u00c1NGELES, 17 ene (Xinhua) &#8212; En una reacci\u00f3n directa a la decisi\u00f3n de la Suprema Corte de Estados Unidos de sostener la prohibici\u00f3n en contra de TikTok, el director general de la compa\u00f1\u00eda, Shou Zi Chew, dijo hoy que \u00abharemos todo lo que est\u00e9 en nuestras manos para asegurarnos de que la [&hellip;]<\/p>\n","protected":false},"author":28,"featured_media":0,"comment_status":"closed","ping_status":"closed","sticky":true,"template":"","format":"standard","meta":{"footnotes":""},"categories":[23],"tags":[],"class_list":["post-589771","post","type-post","status-publish","format-standard","hentry","category-internacional"],"_links":{"self":[{"href":"https:\/\/diariodominicano.com\/index.php?rest_route=\/wp\/v2\/posts\/589771","targetHints":{"allow":["GET"]}}],"collection":[{"href":"https:\/\/diariodominicano.com\/index.php?rest_route=\/wp\/v2\/posts"}],"about":[{"href":"https:\/\/diariodominicano.com\/index.php?rest_route=\/wp\/v2\/types\/post"}],"author":[{"embeddable":true,"href":"https:\/\/diariodominicano.com\/index.php?rest_route=\/wp\/v2\/users\/28"}],"replies":[{"embeddable":true,"href":"https:\/\/diariodominicano.com\/index.php?rest_route=%2Fwp%2Fv2%2Fcomments&post=589771"}],"version-history":[{"count":1,"href":"https:\/\/diariodominicano.com\/index.php?rest_route=\/wp\/v2\/posts\/589771\/revisions"}],"predecessor-version":[{"id":589772,"href":"https:\/\/diariodominicano.com\/index.php?rest_route=\/wp\/v2\/posts\/589771\/revisions\/589772"}],"wp:attachment":[{"href":"https:\/\/diariodominicano.com\/index.php?rest_route=%2Fwp%2Fv2%2Fmedia&parent=589771"}],"wp:term":[{"taxonomy":"category","embeddable":true,"href":"https:\/\/diariodominicano.com\/index.php?rest_route=%2Fwp%2Fv2%2Fcategories&post=589771"},{"taxonomy":"post_tag","embeddable":true,"href":"https:\/\/diariodominicano.com\/index.php?rest_route=%2Fwp%2Fv2%2Ftags&post=589771"}],"curies":[{"name":"wp","href":"https:\/\/api.w.org\/{rel}","templated":true}]}}