{"id":589760,"date":"2025-01-18T02:48:52","date_gmt":"2025-01-18T06:48:52","guid":{"rendered":"https:\/\/diariodominicano.com\/?p=589760"},"modified":"2025-01-18T02:48:56","modified_gmt":"2025-01-18T06:48:56","slug":"combates-causan-al-menos-30-muertos-en-region-del-noreste-de-colombia","status":"publish","type":"post","link":"https:\/\/diariodominicano.com\/?p=589760","title":{"rendered":"Combates causan al menos 30 muertos en regi\u00f3n del noreste de Colombia"},"content":{"rendered":"\n<p>Bogot\u00e1, 17 ene (Prensa Latina) La tensi\u00f3n contin\u00faa hoy en el Catatumbo, donde se estima ascienden a 30 los muertos por los enfrentamientos en esa regi\u00f3n del noreste de Colombia entre el Ej\u00e9rcito de Liberaci\u00f3n Nacional (ELN) y la Estructura 33.<\/p>\n\n\n\n<ul class=\"wp-block-list\">\n<li><a href=\"https:\/\/www.prensa-latina.cu\/2025\/01\/17\/\"><time>enero 17, 2025 | 13:09<\/time><\/a><\/li>\n<\/ul>\n\n\n\n<ul class=\"wp-block-list\">\n<li><a href=\"https:\/\/www.prensa-latina.cu\/2025\/01\/17\/combates-causan-al-menos-30-muertos-en-region-del-noreste-de-colombia\/#\"><\/a><\/li>\n\n\n\n<li><a href=\"https:\/\/www.prensa-latina.cu\/2025\/01\/17\/combates-causan-al-menos-30-muertos-en-region-del-noreste-de-colombia\/#\"><\/a><\/li>\n\n\n\n<li><a href=\"https:\/\/www.prensa-latina.cu\/2025\/01\/17\/combates-causan-al-menos-30-muertos-en-region-del-noreste-de-colombia\/#\"><\/a><\/li>\n\n\n\n<li><a href=\"https:\/\/www.prensa-latina.cu\/2025\/01\/17\/combates-causan-al-menos-30-muertos-en-region-del-noreste-de-colombia\/#\"><\/a><\/li>\n<\/ul>\n\n\n\n<p>De acuerdo con la Defensor\u00eda del Pueblo, adem\u00e1s de los fallecidos, cinco de los cuales son firmantes de paz, hay al menos una decena de heridos, y la situaci\u00f3n es ca\u00f3tica con la ocurrencia de secuestros.<\/p>\n\n\n\n<p>Lament\u00f3 esa entidad que, debido a la situaci\u00f3n en esa regi\u00f3n, residan en la zona ni\u00f1os sin acompa\u00f1amiento o personas con discapacidades fuertes sin poder huir, as\u00ed como desplazamientos forzados y confinamientos.<\/p>\n\n\n\n<p>Hizo adem\u00e1s un llamamiento a cesar los ataques contra la poblaci\u00f3n civil y pidi\u00f3 respetar el derecho internacional humanitario al ELN, que habr\u00eda comenzado los combates contra la Estructura 33, un grupo residual de las extintas Fuerzas Armadas Revolucionarias de Colombia-Ej\u00e9rcito del Pueblo (FARC-EP) actualmente en pl\u00e1ticas de paz con el Gobierno.<\/p>\n\n\n\n<p>Un comunicado que circula en redes sociales atribuido a la Direcci\u00f3n del Frente de Guerra Nororiental del ELN, alega que sus combatientes \u201chan aguantado insaciablemente las inmundicias de las disidencias de las FARC-EP\u201d y que \u201cseguir\u00e1 corriendo la sangre en el Catatumbo hasta que el autodenominado comandante Richard no se entregue\u201d.<\/p>\n\n\n\n<p>En tanto, el partido Comunes, integrado por excombatientes de las FARC-EP, solicit\u00f3 al Gobierno hacer lo que est\u00e9 a su alcance para detener \u201cel genocidio contra los firmantes y los actos violentos contra las comunidades comprometidas con el Acuerdo de Paz\u201d.<\/p>\n\n\n\n<p>Tambi\u00e9n inst\u00f3 al ELN a parar su accionar contra los excombatientes y contra la poblaci\u00f3n civil, y a retornar al camino del di\u00e1logo y a la construcci\u00f3n de la paz.<\/p>\n\n\n\n<p>Debido a los actos de violencia que tiene por escenario a la zona del Catatumbo, el presidente Gustavo Petro cancel\u00f3 por segunda ocasi\u00f3n en cuatro meses, las negociaciones entre su Gobierno y el ELN.<\/p>\n\n\n\n<p>\u201cLo que ha cometido el ELN en el Catatumbo son cr\u00edmenes de guerra. Se suspende el proceso de di\u00e1logo con este grupo, el ELN no tiene ninguna voluntad de paz\u201d, declar\u00f3 el mandatario en su red social X.<\/p>\n\n\n\n<p>Por su parte, el consejero comisionado para la Paz, Otty Pati\u00f1o, consider\u00f3 que los hechos recientes son parte de una estrategia planificada por el Comando Central del ELN.<\/p>\n\n\n\n<p>\u201cLo que hemos visto no es un incidente aislado, sino una decisi\u00f3n clara y deliberada de apoderarse de una regi\u00f3n, sin contemplar ning\u00fan respeto por la poblaci\u00f3n civil\u201d, afirm\u00f3 entrevistado por W Radio.<\/p>\n\n\n\n<p>En tanto, diversas organizaciones sociales, campesinas y comunitarias del Catatumbo claman para que se detengan los enfrentamientos y se respeten los derechos civiles.<\/p>\n\n\n\n<p>arc\/ifs<\/p>\n\n\n\n<ul class=\"wp-block-list\">\n<li>#<a href=\"https:\/\/www.prensa-latina.cu\/etiqueta\/catatumbo\/\">catatumbo<\/a>\u00a0#<a href=\"https:\/\/www.prensa-latina.cu\/etiqueta\/colombia\/\">colombia<\/a>\u00a0#<a href=\"https:\/\/www.prensa-latina.cu\/etiqueta\/combates\/\">combates<\/a>\u00a0#<a href=\"https:\/\/www.prensa-latina.cu\/etiqueta\/eln\/\">ELN<\/a>\u00a0#<a href=\"https:\/\/www.prensa-latina.cu\/etiqueta\/muertos\/\">muertos<\/a><\/li>\n<\/ul>\n","protected":false},"excerpt":{"rendered":"<p>Bogot\u00e1, 17 ene (Prensa Latina) La tensi\u00f3n contin\u00faa hoy en el Catatumbo, donde se estima ascienden a 30 los muertos por los enfrentamientos en esa regi\u00f3n del noreste de Colombia entre el Ej\u00e9rcito de Liberaci\u00f3n Nacional (ELN) y la Estructura 33. De acuerdo con la Defensor\u00eda del Pueblo, adem\u00e1s de los fallecidos, cinco de los [&hellip;]<\/p>\n","protected":false},"author":28,"featured_media":589761,"comment_status":"closed","ping_status":"closed","sticky":true,"template":"","format":"standard","meta":{"footnotes":""},"categories":[23],"tags":[],"class_list":["post-589760","post","type-post","status-publish","format-standard","has-post-thumbnail","hentry","category-internacional"],"_links":{"self":[{"href":"https:\/\/diariodominicano.com\/index.php?rest_route=\/wp\/v2\/posts\/589760","targetHints":{"allow":["GET"]}}],"collection":[{"href":"https:\/\/diariodominicano.com\/index.php?rest_route=\/wp\/v2\/posts"}],"about":[{"href":"https:\/\/diariodominicano.com\/index.php?rest_route=\/wp\/v2\/types\/post"}],"author":[{"embeddable":true,"href":"https:\/\/diariodominicano.com\/index.php?rest_route=\/wp\/v2\/users\/28"}],"replies":[{"embeddable":true,"href":"https:\/\/diariodominicano.com\/index.php?rest_route=%2Fwp%2Fv2%2Fcomments&post=589760"}],"version-history":[{"count":1,"href":"https:\/\/diariodominicano.com\/index.php?rest_route=\/wp\/v2\/posts\/589760\/revisions"}],"predecessor-version":[{"id":589762,"href":"https:\/\/diariodominicano.com\/index.php?rest_route=\/wp\/v2\/posts\/589760\/revisions\/589762"}],"wp:featuredmedia":[{"embeddable":true,"href":"https:\/\/diariodominicano.com\/index.php?rest_route=\/wp\/v2\/media\/589761"}],"wp:attachment":[{"href":"https:\/\/diariodominicano.com\/index.php?rest_route=%2Fwp%2Fv2%2Fmedia&parent=589760"}],"wp:term":[{"taxonomy":"category","embeddable":true,"href":"https:\/\/diariodominicano.com\/index.php?rest_route=%2Fwp%2Fv2%2Fcategories&post=589760"},{"taxonomy":"post_tag","embeddable":true,"href":"https:\/\/diariodominicano.com\/index.php?rest_route=%2Fwp%2Fv2%2Ftags&post=589760"}],"curies":[{"name":"wp","href":"https:\/\/api.w.org\/{rel}","templated":true}]}}