{"id":589748,"date":"2025-01-18T02:31:23","date_gmt":"2025-01-18T06:31:23","guid":{"rendered":"https:\/\/diariodominicano.com\/?p=589748"},"modified":"2025-01-18T02:31:26","modified_gmt":"2025-01-18T06:31:26","slug":"america-cuna-de-grandes-hombres-forjadores-de-esperanza-y-porvenir","status":"publish","type":"post","link":"https:\/\/diariodominicano.com\/?p=589748","title":{"rendered":"Am\u00e9rica: Cuna de Grandes Hombres, Forjadores de Esperanza y Porvenir"},"content":{"rendered":"\n<p>Por: Dr. Am\u00edn Cruz<\/p>\n\n\n\n<p>\u201c\u00a1Oh, Am\u00e9rica infeliz, que solo sabes de tus grandes vivos cuando ya son tus grandes muertos!\u201d Estas palabras de Federico Henr\u00edquez y Carvajal, pronunciadas en la oraci\u00f3n f\u00fanebre a Eugenio Mar\u00eda de Hostos el 12 de agosto de 1903, resuenan hoy con una vigencia atemporal.&nbsp;<\/p>\n\n\n\n<p>Nos recuerdan que la grandeza de Am\u00e9rica se erige sobre los hombros de hombres y mujeres que han dedicado sus vidas a la lucha por la justicia, la libertad y la igualdad.<\/p>\n\n\n\n<p>En este mes de enero, rendimos homenaje a algunos de los hijos ilustres de Am\u00e9rica que nacieron en este periodo del a\u00f1o y cuyo legado ha transformado el curso de la historia. Aunque la lista es extensa, destacamos a figuras clave que representan el coraje, la valent\u00eda y la lucha incansable por los ideales m\u00e1s nobles.<\/p>\n\n\n\n<p><strong>L\u00edderes de Estados Unidos:<\/strong><\/p>\n\n\n\n<p>Paul Revere (1 de enero de 1735): Orfebre y patriota, su famosa \u201cCabalgata de Medianoche\u201d fue crucial durante la Guerra de Independencia de los Estados Unidos.<\/p>\n\n\n\n<p>Alexander Hamilton (11 de enero de 1755 o 1757): Padre fundador, arquitecto del sistema financiero estadounidense y primer secretario del Tesoro.<\/p>\n\n\n\n<p>Martin Luther King Jr. (15 de enero de 1929): Ministro bautista, l\u00edder del movimiento por los derechos civiles, defensor de la no violencia y Premio Nobel de la Paz en 1964. Su discurso \u201cI Have a Dream\u201d se erige como un faro de esperanza y lucha por la igualdad racial.<\/p>\n\n\n\n<p>Benjamin Franklin (17 de enero de 1706): Estadista, inventor y figura clave en la independencia estadounidense.<\/p>\n\n\n\n<p>John Hancock (23 de enero de 1737): Pol\u00edtico y comerciante, conocido por su gran firma en la Declaraci\u00f3n de Independencia.<\/p>\n\n\n\n<p><strong>L\u00edderes de Canad\u00e1:<\/strong><\/p>\n\n\n\n<p>Joseph-Mathias Tellier (15 de enero de 1857): Pol\u00edtico y Premier de Quebec.<\/p>\n\n\n\n<p>Wilfrid Laurier (20 de enero de 1841): Primer ministro de Canad\u00e1 (1896-1911) y promotor de la unidad nacional.<\/p>\n\n\n\n<p>Louis Riel (22 de enero de 1844): Defensor de los derechos ind\u00edgenas y fundador de la provincia de Manitoba.<\/p>\n\n\n\n<p><strong>H\u00e9roes de Am\u00e9rica Latina:<\/strong><\/p>\n\n\n\n<p>Eugenio Mar\u00eda de Hostos (11 de enero de 1839, Puerto Rico): Educador, fil\u00f3sofo y precursor de la sociolog\u00eda en Am\u00e9rica Latina. Fundador de la primera escuela normal en Santo Domingo y defensor de la Confederaci\u00f3n Antillana.<\/p>\n\n\n\n<p>Juan Pablo Duarte (26 de enero de 1813, Rep\u00fablica Dominicana): Padre de la Patria dominicana y l\u00edder del movimiento independentista.<\/p>\n\n\n\n<p>Jos\u00e9 Mart\u00ed (28 de enero de 1853, Cuba): Escritor, poeta y l\u00edder del movimiento independentista cubano, conocido como el Ap\u00f3stol de la Libertad.<\/p>\n\n\n\n<p>Venustiano Carranza (29 de enero de 1859, M\u00e9xico): Pol\u00edtico y arquitecto de la Constituci\u00f3n de 1917.<\/p>\n\n\n\n<p>Jos\u00e9 de San Mart\u00edn (31 de enero de 1778, Argentina): Libertador de Argentina, Chile y Per\u00fa, h\u00e9roe de la independencia sudamericana.<\/p>\n\n\n\n<p>Eloy Alfaro (25 de enero de 1842, Ecuador): L\u00edder revolucionario y presidente, conocido por sus reformas liberales.<\/p>\n\n\n\n<p>R\u00f3mulo Betancourt (22 de enero de 1908, Venezuela): Padre de la democracia venezolana.<\/p>\n\n\n\n<p><strong>El legado de Martin Luther King Jr.<\/strong><\/p>\n\n\n\n<p>Martin Luther King Jr., nacido el 15 de enero de 1929 en Atlanta, Georgia, representa el ideal de lucha pac\u00edfica por la igualdad y los derechos humanos. Su liderazgo en el movimiento por los derechos civiles durante las d\u00e9cadas de 1950 y 1960 transform\u00f3 Estados Unidos y el mundo. Con su discurso progresista y su visi\u00f3n de justicia social, desaf\u00edo la segregaci\u00f3n racial y lider\u00f3 la hist\u00f3rica Marcha en Washington el 28 de agosto de 1963, que reuni\u00f3 a m\u00e1s de 200,000 personas frente al Monumento a Lincoln.<\/p>\n\n\n\n<p>King enfrent\u00f3 enormes adversidades, incluida su tr\u00e1gica muerte el 4 de abril de 1968. Sin embargo, su sacrificio dio paso a grandes conquistas, como la promulgaci\u00f3n del Acta de Derechos Civiles (1964) y el Acta de Derechos de Votaci\u00f3n (1965). Su legado perdura como uno de los mayores defensores de la no violencia y la dignidad humana.&nbsp;.&nbsp;<\/p>\n\n\n\n<p>En sus propias palabras: \u201cSue\u00f1o que un d\u00eda esta naci\u00f3n se levantar\u00e1 y vivir\u00e1 el verdadero significado de su credo: \u2018Afirmamos que estas verdades son evidentes: que todos los hombres son creados iguales\u2019.\u201d&nbsp;. \u201cLos hombres mueren, pero las ideas no mueren\u201d, Juan Bosch.&nbsp;<\/p>\n\n\n\n<p><strong>Un Llamado a la Juventud:&nbsp;<\/strong>El ejemplo de figuras como Martin Luther King Jr., Eugenio Mar\u00eda de Hostos, Jos\u00e9 Mart\u00ed y Juan Pablo Duarte es una inspiraci\u00f3n para la juventud de hoy. Su sacrificio y su dedicaci\u00f3n a causas justas son faros que gu\u00edan hacia un futuro m\u00e1s justo y solidario. Como dijo Hostos: \u201cEl tiempo es vida, y consumir el tiempo en no hacer lo que se debe, es consumir la existencia\u201d.<\/p>\n\n\n\n<p>Invitamos a las nuevas generaciones a emular estos ejemplos de lucha y perseverancia, trabajando por un mundo donde la paz, la justicia y la libertad sean principios inquebrantables. La historia nos muestra que el sue\u00f1o de un hombre puede transformar el destino de naciones enteras.<\/p>\n\n\n\n<p><strong>Citas Inmortales:&nbsp;<\/strong>\u201cLa libertad nunca es voluntariamente otorgada por el opresor; debe ser exigida por el que est\u00e1 siendo oprimido\u201d, Martin Luther King Jr.<\/p>\n\n\n\n<p>\u201cHaga cada uno su parte de deber, y nada podr\u00e1 vencernos\u201d, Jos\u00e9 Mart\u00ed.<\/p>\n\n\n\n<p>\u201cVivir sin patria es lo mismo que vivir sin honor\u201d, Juan Pablo Duarte.<\/p>\n\n\n\n<p>\u201cNing\u00fan hombre es m\u00e1s grande que el que se vence a s\u00ed mismo por cumplir con su deber\u201d, Eugenio Mar\u00eda de Hostos.<\/p>\n\n\n\n<p><strong>Conclusi\u00f3n:&nbsp;<\/strong>Este homenaje no solo celebra el legado de grandes l\u00edderes, sino que tambi\u00e9n es un llamado a la acci\u00f3n. Sigamos sus pasos y trabajemos juntos por un mundo m\u00e1s justo, equitativo y lleno de esperanza. La historia nos ense\u00f1a que los sue\u00f1os pueden convertirse en realidad cuando se lucha con valent\u00eda y determinaci\u00f3n.<\/p>\n\n\n\n<p>\u00abCuando repique la libertad y la dejemos repicar en cada aldea y en cada caser\u00edo, en cada estado y en cada ciudad, podremos acelerar la llegada del d\u00eda cuando todos los hijos de Dios, negros y blancos, jud\u00edos y cristianos, protestantes y cat\u00f3licos, puedan unir sus manos y cantar las palabras del viejo espiritual negro\u00bb: \u00ab\u00a1Libres al fin! \u00a1Libres al fin! Gracias a Dios omnipotente, \u00a1somos libres al fin!\u00bb, Martin Luther King.&nbsp;<\/p>\n\n\n\n<p><strong><em>\u201cEl amor es el poder m\u00e1s duradero del mundo. Esta fuerza creativa, tan bien ejemplificada en la vida de nuestro Cristo, es el instrumento m\u00e1s potente disponible en la b\u00fasqueda de la humanidad por la paz y la seguridad\u2019\u2019, Martin Luther King.&nbsp;<\/em><\/strong><\/p>\n\n\n\n<p><em>Dr. Am\u00edn Cruz, PhD, diplom\u00e1tico, historiador, educador, periodista, escritor, CEO presidente fundador del Congreso Hispanoamericano de Prensa, Padre embajador del Periodismo Latinoamericano, residente en New York.&nbsp;<\/em><\/p>\n","protected":false},"excerpt":{"rendered":"<p>Por: Dr. Am\u00edn Cruz \u201c\u00a1Oh, Am\u00e9rica infeliz, que solo sabes de tus grandes vivos cuando ya son tus grandes muertos!\u201d Estas palabras de Federico Henr\u00edquez y Carvajal, pronunciadas en la oraci\u00f3n f\u00fanebre a Eugenio Mar\u00eda de Hostos el 12 de agosto de 1903, resuenan hoy con una vigencia atemporal.&nbsp; Nos recuerdan que la grandeza de [&hellip;]<\/p>\n","protected":false},"author":28,"featured_media":589749,"comment_status":"closed","ping_status":"closed","sticky":true,"template":"","format":"standard","meta":{"footnotes":""},"categories":[36,26,19],"tags":[],"class_list":["post-589748","post","type-post","status-publish","format-standard","has-post-thumbnail","hentry","category-hombresmujeresycosas","category-efemerides","category-mi-voz"],"_links":{"self":[{"href":"https:\/\/diariodominicano.com\/index.php?rest_route=\/wp\/v2\/posts\/589748","targetHints":{"allow":["GET"]}}],"collection":[{"href":"https:\/\/diariodominicano.com\/index.php?rest_route=\/wp\/v2\/posts"}],"about":[{"href":"https:\/\/diariodominicano.com\/index.php?rest_route=\/wp\/v2\/types\/post"}],"author":[{"embeddable":true,"href":"https:\/\/diariodominicano.com\/index.php?rest_route=\/wp\/v2\/users\/28"}],"replies":[{"embeddable":true,"href":"https:\/\/diariodominicano.com\/index.php?rest_route=%2Fwp%2Fv2%2Fcomments&post=589748"}],"version-history":[{"count":1,"href":"https:\/\/diariodominicano.com\/index.php?rest_route=\/wp\/v2\/posts\/589748\/revisions"}],"predecessor-version":[{"id":589750,"href":"https:\/\/diariodominicano.com\/index.php?rest_route=\/wp\/v2\/posts\/589748\/revisions\/589750"}],"wp:featuredmedia":[{"embeddable":true,"href":"https:\/\/diariodominicano.com\/index.php?rest_route=\/wp\/v2\/media\/589749"}],"wp:attachment":[{"href":"https:\/\/diariodominicano.com\/index.php?rest_route=%2Fwp%2Fv2%2Fmedia&parent=589748"}],"wp:term":[{"taxonomy":"category","embeddable":true,"href":"https:\/\/diariodominicano.com\/index.php?rest_route=%2Fwp%2Fv2%2Fcategories&post=589748"},{"taxonomy":"post_tag","embeddable":true,"href":"https:\/\/diariodominicano.com\/index.php?rest_route=%2Fwp%2Fv2%2Ftags&post=589748"}],"curies":[{"name":"wp","href":"https:\/\/api.w.org\/{rel}","templated":true}]}}