{"id":589714,"date":"2025-01-18T01:40:10","date_gmt":"2025-01-18T05:40:10","guid":{"rendered":"https:\/\/diariodominicano.com\/?p=589714"},"modified":"2025-01-18T01:41:16","modified_gmt":"2025-01-18T05:41:16","slug":"fiscalia-pide-a-presidenta-de-peru-informes-medicos-sobre-cirugia-de-nariz-por-la-que-es-investigada","status":"publish","type":"post","link":"https:\/\/diariodominicano.com\/?p=589714","title":{"rendered":"Fiscal\u00eda pide a presidenta de Per\u00fa informes m\u00e9dicos sobre cirug\u00eda de nariz por la que es investigada"},"content":{"rendered":"\n<p>ARCHIVO &#8211; La presidenta de Per\u00fa, Dina Boluarte, habla con la prensa al final de la Cumbre del Amazonas en Belem, Brasil, el 8 de agosto de 2023. AP<\/p>\n\n\n\n<p>enero 17, 2025<\/p>\n\n\n\n<ul class=\"wp-block-list\">\n<li><a href=\"https:\/\/www.vozdeamerica.com\/author\/associated-press\/v_kyr\">Associated Press<\/a><\/li>\n<\/ul>\n\n\n\n<p><\/p>\n\n\n\n<ul class=\"wp-block-list\">\n<li><a href=\"https:\/\/facebook.com\/sharer.php?u=https%3a%2f%2fwww.vozdeamerica.com%2fa%2ffiscalia-pide-a-presidenta-de-peru-informes-medicos-sobre-cirugia-de-nariz-por-la-que-es-investigada%2f7940306.html\" target=\"_blank\" rel=\"noreferrer noopener\"><\/a><\/li>\n\n\n\n<li><a href=\"https:\/\/twitter.com\/share?url=https%3a%2f%2fwww.vozdeamerica.com%2fa%2ffiscalia-pide-a-presidenta-de-peru-informes-medicos-sobre-cirugia-de-nariz-por-la-que-es-investigada%2f7940306.html&amp;text=Fiscal%c3%ada+pide+a+presidenta+de+Per%c3%ba+informes+m%c3%a9dicos+sobre+cirug%c3%ada+de+nariz+por+la+que+es+investigada\" target=\"_blank\" rel=\"noreferrer noopener\"><\/a><\/li>\n\n\n\n<li><\/li>\n\n\n\n<li><a href=\"mailto:?body=https%3a%2f%2fwww.vozdeamerica.com%2fa%2ffiscalia-pide-a-presidenta-de-peru-informes-medicos-sobre-cirugia-de-nariz-por-la-que-es-investigada%2f7940306.html&amp;subject=Fiscal%C3%ADa%20pide%20a%20presidenta%20de%20Per%C3%BA%20informes%20m%C3%A9dicos%20sobre%20cirug%C3%ADa%20de%20nariz%20por%20la%20que%20es%20investigada\"><\/a><\/li>\n<\/ul>\n\n\n\n<p><a href=\"https:\/\/www.vozdeamerica.com\/a\/fiscalia-pide-a-presidenta-de-peru-informes-medicos-sobre-cirugia-de-nariz-por-la-que-es-investigada\/7940306.html#comments\">&nbsp;Vea comentarios<\/a><\/p>\n\n\n\n<p>La fiscal\u00eda en Per\u00fa otorgo un plazo de 24 horas a la presidenta Dina Baluarte para que entregue informes sobre el estado de salud que justificaba la intervenci\u00f3n quir\u00fargica.<\/p>\n\n\n\n<p>LIMA \u2014&nbsp;<\/p>\n\n\n\n<p>La Fiscal\u00eda de la Naci\u00f3n de Per\u00fa pidi\u00f3 el jueves a la presidenta peruana, Dina Boluarte, que env\u00ede la documentaci\u00f3n m\u00e9dica que motiv\u00f3 una cirug\u00eda nasal en 2023, por la que es investigada ante se\u00f1alamientos de abandono de cargo y omisi\u00f3n de funciones.<\/p>\n\n\n\n<p>En un comunicado, la fiscal\u00eda requiri\u00f3 que, en un plazo de 24 horas, la mandataria aporte los informes sobre el estado de salud que justificaba la intervenci\u00f3n quir\u00fargica, ante la pol\u00e9mica de las \u00faltimas semanas sobre su ausencia durante 11 d\u00edas, entre junio y julio de 2023.<\/p>\n\n\n\n<p>Boluarte, que ha desmentido a trav\u00e9s de su defensa que se tratase de una cirug\u00eda est\u00e9tica, declar\u00f3 durante cuatro horas ante el Ministerio P\u00fablico esta semana en un caso en el que es investigada por haber omitido su deber de comunicar al Parlamento y al gabinete ministerial el \u201cimpedimento temporal\u201d para ejercer la presidencia entre el 28 de junio hasta el 9 de julio.<\/p>\n\n\n\n<p><a href=\"https:\/\/www.vozdeamerica.com\/a\/resumen-peru-2024\/7916467.html\"><\/a><\/p>\n\n\n\n<p><a href=\"https:\/\/www.vozdeamerica.com\/a\/resumen-peru-2024\/7916467.html\">Tambi\u00e9n lea<\/a><\/p>\n\n\n\n<h4 class=\"wp-block-heading\"><a href=\"https:\/\/www.vozdeamerica.com\/a\/resumen-peru-2024\/7916467.html\">Per\u00fa sigui\u00f3 surcando por aguas turbulentas en 2024, \u00bfqu\u00e9 pas\u00f3?<\/a><\/h4>\n\n\n\n<p>Los delitos de abandono de cargo y omisi\u00f3n de actos funcionales se castigan en Per\u00fa con dos a\u00f1os de c\u00e1rcel.<\/p>\n\n\n\n<p>Seg\u00fan asegur\u00f3 el lunes el abogado de la mandataria, Juan Portugal, la operaci\u00f3n dur\u00f3 una hora y se realiz\u00f3 la noche del 28 de junio de 2023. Aquella noche la mandataria durmi\u00f3 en la cl\u00ednica y al d\u00eda siguiente por la ma\u00f1ana volvi\u00f3 a sus labores de forma normal.<\/p>\n\n\n\n<p>La fiscal\u00eda tambi\u00e9n solicit\u00f3 a la presidenta o a su defensa que remita las \u201c91 normas en original que asegura suscribi\u00f3 entre el 28 de junio y 9 de julio de 2023\u201d. La mandataria dijo en diciembre que en los 11 d\u00edas posteriores a su cirug\u00eda firm\u00f3 91 normas y reproch\u00f3 \u201cque ahora dicen que fueron falsificadas las firmas\u201d.<\/p>\n\n\n\n<p>Luego de concluir su investigaci\u00f3n preliminar, el Ministerio P\u00fablico podr\u00eda acusar constitucionalmente ante el Parlamento a la presidenta, para que cuando culmine su gesti\u00f3n \u2014el 28 de julio de 2026\u2014 pueda ser juzgada ante la Corte Suprema, como determina el procedimiento para altos funcionarios en Per\u00fa.<\/p>\n\n\n\n<p>La mandataria suma ahora seis indagaciones fiscales por diversos delitos, incluido el de homicidio calificado por su responsabilidad en las muertes de manifestantes entre diciembre de 2022 y marzo de 2023 durante una serie de protestas que exig\u00edan su renuncia.<\/p>\n","protected":false},"excerpt":{"rendered":"<p>ARCHIVO &#8211; La presidenta de Per\u00fa, Dina Boluarte, habla con la prensa al final de la Cumbre del Amazonas en Belem, Brasil, el 8 de agosto de 2023. AP enero 17, 2025 &nbsp;Vea comentarios La fiscal\u00eda en Per\u00fa otorgo un plazo de 24 horas a la presidenta Dina Baluarte para que entregue informes sobre el [&hellip;]<\/p>\n","protected":false},"author":28,"featured_media":589715,"comment_status":"closed","ping_status":"closed","sticky":true,"template":"","format":"standard","meta":{"footnotes":""},"categories":[23],"tags":[],"class_list":["post-589714","post","type-post","status-publish","format-standard","has-post-thumbnail","hentry","category-internacional"],"_links":{"self":[{"href":"https:\/\/diariodominicano.com\/index.php?rest_route=\/wp\/v2\/posts\/589714","targetHints":{"allow":["GET"]}}],"collection":[{"href":"https:\/\/diariodominicano.com\/index.php?rest_route=\/wp\/v2\/posts"}],"about":[{"href":"https:\/\/diariodominicano.com\/index.php?rest_route=\/wp\/v2\/types\/post"}],"author":[{"embeddable":true,"href":"https:\/\/diariodominicano.com\/index.php?rest_route=\/wp\/v2\/users\/28"}],"replies":[{"embeddable":true,"href":"https:\/\/diariodominicano.com\/index.php?rest_route=%2Fwp%2Fv2%2Fcomments&post=589714"}],"version-history":[{"count":3,"href":"https:\/\/diariodominicano.com\/index.php?rest_route=\/wp\/v2\/posts\/589714\/revisions"}],"predecessor-version":[{"id":589718,"href":"https:\/\/diariodominicano.com\/index.php?rest_route=\/wp\/v2\/posts\/589714\/revisions\/589718"}],"wp:featuredmedia":[{"embeddable":true,"href":"https:\/\/diariodominicano.com\/index.php?rest_route=\/wp\/v2\/media\/589715"}],"wp:attachment":[{"href":"https:\/\/diariodominicano.com\/index.php?rest_route=%2Fwp%2Fv2%2Fmedia&parent=589714"}],"wp:term":[{"taxonomy":"category","embeddable":true,"href":"https:\/\/diariodominicano.com\/index.php?rest_route=%2Fwp%2Fv2%2Fcategories&post=589714"},{"taxonomy":"post_tag","embeddable":true,"href":"https:\/\/diariodominicano.com\/index.php?rest_route=%2Fwp%2Fv2%2Ftags&post=589714"}],"curies":[{"name":"wp","href":"https:\/\/api.w.org\/{rel}","templated":true}]}}