{"id":589707,"date":"2025-01-18T01:33:42","date_gmt":"2025-01-18T05:33:42","guid":{"rendered":"https:\/\/diariodominicano.com\/?p=589707"},"modified":"2025-01-18T01:33:46","modified_gmt":"2025-01-18T05:33:46","slug":"petro-suspende-dialogos-de-paz-con-eln-tras-violencia-en-el-catatumbo","status":"publish","type":"post","link":"https:\/\/diariodominicano.com\/?p=589707","title":{"rendered":"Petro suspende di\u00e1logos de paz con ELN tras violencia en el Catatumbo\u00a0"},"content":{"rendered":"\n<p>Integrantes de las disidencias de las FARC en la regi\u00f3n del Catatumbo, el 10 de diciembre de 2024. [Foto: Johan Reyes, VOA].<\/p>\n\n\n\n<p>enero 17, 2025<\/p>\n\n\n\n<ul class=\"wp-block-list\">\n<li><a href=\"https:\/\/www.vozdeamerica.com\/author\/camilo-alvarez\/kt_vm\">Camilo \u00c1lvarez<\/a><\/li>\n<\/ul>\n\n\n\n<ul class=\"wp-block-list\">\n<li><a href=\"https:\/\/facebook.com\/sharer.php?u=https%3a%2f%2fwww.vozdeamerica.com%2fa%2fenfrentamientos-entre-eln-disidencias-farc-desatan-violencia-catatumbo-%2f7940844.html\" target=\"_blank\" rel=\"noreferrer noopener\"><\/a><\/li>\n\n\n\n<li><a href=\"https:\/\/twitter.com\/share?url=https%3a%2f%2fwww.vozdeamerica.com%2fa%2fenfrentamientos-entre-eln-disidencias-farc-desatan-violencia-catatumbo-%2f7940844.html&amp;text=Petro+suspende+di%c3%a1logos+de+paz+con+ELN+tras+violencia+en+el+Catatumbo%c2%a0\" target=\"_blank\" rel=\"noreferrer noopener\"><\/a><\/li>\n\n\n\n<li><\/li>\n\n\n\n<li><a href=\"mailto:?body=https%3a%2f%2fwww.vozdeamerica.com%2fa%2fenfrentamientos-entre-eln-disidencias-farc-desatan-violencia-catatumbo-%2f7940844.html&amp;subject=Petro%20suspende%20di%C3%A1logos%20de%20paz%20con%20ELN%20tras%20violencia%20en%20el%20Catatumbo%C2%A0\"><\/a><\/li>\n<\/ul>\n\n\n\n<p><a href=\"https:\/\/www.vozdeamerica.com\/a\/enfrentamientos-entre-eln-disidencias-farc-desatan-violencia-catatumbo-\/7940844.html#comments\">&nbsp;Vea comentarios<\/a><\/p>\n\n\n\n<p>El Catatumbo es una de las zonas con mayor concentraci\u00f3n de cultivos il\u00edcitos en Colombia. Los violentos combates ya se han cobrado la vida de m\u00e1s de una decena de personas.<\/p>\n\n\n\n<p>BOGOT\u00c1 \u2014&nbsp;<\/p>\n\n\n\n<p>Las confrontaciones armadas que comenzaron el jueves en la regi\u00f3n del Catatumbo entre la guerrilla del Ej\u00e9rcito de Liberaci\u00f3n Nacional y una facci\u00f3n de las disidencias de las FARC, han dejado hasta el momento m\u00e1s de 30 muertos, revel\u00f3 este viernes la Defensor\u00eda del Pueblo de Colombia.<\/p>\n\n\n\n<p>En esta regi\u00f3n selv\u00e1tica y convulsa, ubicada al noreste de Colombia, el organismo defensor de los Derechos Humanos tambi\u00e9n denunci\u00f3 que los rebeldes del ELN secuestraron a m\u00e1s de 20 personas.<\/p>\n\n\n\n<p>La compleja situaci\u00f3n llev\u00f3 al&nbsp;<strong><em><a href=\"https:\/\/www.vozdeamerica.com\/a\/presidente-de-colombia-suspende-dialogo-de-paz-con-el-eln\/7940341.html\" target=\"_blank\" rel=\"noreferrer noopener\">gobierno colombiano a suspender las negociaciones de paz<\/a><\/em><\/strong>&nbsp;con el Ej\u00e9rcito de Liberaci\u00f3n Nacional (ELN) y a anunciar el env\u00edo de escuadrones militares para neutralizar las confrontaciones de ambos grupos.<\/p>\n\n\n\n<p>\u201cSe sab\u00eda que se iba a desatar esta guerra en el Catatumbo. Lo que ha cometido el ELN son cr\u00edmenes de guerra, y por lo tanto, en consulta y por instrucci\u00f3n del Presidente de la Rep\u00fablica, se suspende el proceso hasta que el ELN definitivamente piense si quiere caminar la paz\u201d, dijo a medios Vera Grabe, la jefa negociadora del gobierno colombiano con el ELN.<\/p>\n\n\n\n<figure class=\"wp-block-image\"><img decoding=\"async\" src=\"https:\/\/gdb.voanews.com\/604bc97e-cf5f-47dd-a1ab-aa3a8b042ce8_tv_w650_r1.jpg\" alt=\"Enfrentamientos entre el ELN y disidencias de las FARC desatan la violencia en el Catatumbo\u00a0\" title=\"Enfrentamientos entre el ELN y disidencias de las FARC desatan la violencia en el Catatumbo\u00a0\"\/><\/figure>\n\n\n\n<p><video poster=\"https:\/\/gdb.voanews.com\/604bc97e-cf5f-47dd-a1ab-aa3a8b042ce8_tv_w650_r1.jpg\" src=\"blob:https:\/\/www.vozdeamerica.com\/0ee97a4f-189b-49fc-8af9-7a1d85484fe9\" height=\"381\" width=\"676\"><\/video><\/p>\n\n\n\n<p>&nbsp;Insertar&nbsp;share<\/p>\n\n\n\n<h5 class=\"wp-block-heading\"><a href=\"https:\/\/www.vozdeamerica.com\/a\/7940853.html\" target=\"_blank\" rel=\"noreferrer noopener\">Enfrentamientos entre el ELN y disidencias de las FARC desatan la violencia en el Catatumbo&nbsp;<\/a><\/h5>\n\n\n\n<p>&nbsp;Insertar&nbsp;share<\/p>\n\n\n\n<p>El c\u00f3digo se ha copiado en su portapapeles.<\/p>\n\n\n\n<hr class=\"wp-block-separator has-alpha-channel-opacity\"\/>\n\n\n\n<p>Ancho&nbsp;&nbsp;pxAltura&nbsp;&nbsp;px<\/p>\n\n\n\n<ul class=\"wp-block-list\">\n<li><a href=\"https:\/\/facebook.com\/sharer.php?u=https%3a%2f%2fwww.vozdeamerica.com%2fa%2f7940853.html\" target=\"_blank\" rel=\"noreferrer noopener\">Comparta en Facebook<\/a><\/li>\n\n\n\n<li><a href=\"https:\/\/twitter.com\/share?url=https%3a%2f%2fwww.vozdeamerica.com%2fa%2f7940853.html&amp;text=Enfrentamientos+entre+el+ELN+y+disidencias+de+las+FARC+desatan+la+violencia+en+el+Catatumbo%c2%a0\" target=\"_blank\" rel=\"noreferrer noopener\">Comparta en Twitter<\/a><\/li>\n<\/ul>\n\n\n\n<hr class=\"wp-block-separator has-alpha-channel-opacity\"\/>\n\n\n\n<p>The URL has been copied to your clipboard<\/p>\n\n\n\n<ul class=\"wp-block-list\">\n<li>Auto<\/li>\n\n\n\n<li>240p<\/li>\n\n\n\n<li>360p<\/li>\n\n\n\n<li>480p<\/li>\n\n\n\n<li>720p<\/li>\n\n\n\n<li>1080p<\/li>\n<\/ul>\n\n\n\n<p>No media source currently available<\/p>\n\n\n\n<p>0:002:590:00<\/p>\n\n\n\n<ul class=\"wp-block-list\">\n<li><\/li>\n\n\n\n<li><\/li>\n\n\n\n<li><\/li>\n\n\n\n<li><\/li>\n\n\n\n<li><\/li>\n\n\n\n<li><\/li>\n<\/ul>\n\n\n\n<p><a href=\"https:\/\/www.vozdeamerica.com\/embed\/player\/Article\/7940853.html?type=video&amp;FullScreenMode=True\" target=\"_blank\" rel=\"noreferrer noopener\"><\/a><\/p>\n\n\n\n<p>&nbsp;Descargar&nbsp;<\/p>\n\n\n\n<p>Esta regi\u00f3n monta\u00f1osa est\u00e1 integrada por las localidades de \u00c1brego, Convenci\u00f3n, El Carmen, El Tarra, Hacar\u00ed, La Playa, San Calixto, Sardinata, Teorama y Tib\u00fa. Adem\u00e1s del ELN y las facciones disidentes de las FARC, all\u00ed tambi\u00e9n operan un reducto guerrillero del Ej\u00e9rcito Popular de Liberaci\u00f3n (EPL) y la mayor banda criminal de Colombia conocida como el Clan del Golfo.<\/p>\n\n\n\n<p>Seg\u00fan el Instituto de Estudios para el Desarrollo y la Paz (Indepaz), varias de las v\u00edctimas son firmantes del acuerdo de paz de 2016, situaci\u00f3n que elev\u00f3 la queja de la Jurisdicci\u00f3n Especial para la Paz (JEP), tribunal creado por el acuerdo firmado con las FARC, a calificar la ola de violencia en el Catatumbo como un \u201cgolpe\u201d a la paz.<\/p>\n\n\n\n<p>\u201cProteger la vida e integridad de quienes en 2016 firmaron el Acuerdo Final de Paz, entre las extintas FARC-EP y el Estado colombiano, es imperativo para garantizar los derechos de las v\u00edctimas a la verdad, la justicia y la reparaci\u00f3n por los cr\u00edmenes cometidos por la antigua guerrilla en el marco del conflicto armado\u201d, detall\u00f3 la JEP en un comunicado.<\/p>\n\n\n\n<h3 class=\"wp-block-heading\">Disputa territorial<\/h3>\n\n\n\n<p>El Catatumbo es una regi\u00f3n estrat\u00e9gica, tanto por sus cultivos de coca y por su conexi\u00f3n con la frontera con Venezuela. Expertos consultados por la&nbsp;<em><strong>Voz de Am\u00e9rica<\/strong><\/em>, aseguran que los enfrentamientos entre el ELN y las disidencias obedecen a la disputa por el control de estas rutas ilegales.<\/p>\n\n\n\n<p>\u201cHay un arraigo social del ELN con esa poblaci\u00f3n. All\u00ed el ELN hist\u00f3ricamente ha desplazado la oferta estatal. Entonces cualquier intervenci\u00f3n militar no va a tener necesariamente un resultado positivo, por lo que no solo se necesita la presencia militar sino la presencia de la oferta estatal completa\u201d, dijo Andr\u00e9s Macias, docente investigador en conflicto de la Universidad Externado de Colombia.<\/p>\n\n\n\n<p><a href=\"https:\/\/www.vozdeamerica.com\/a\/presidente-de-colombia-suspende-dialogo-de-paz-con-el-eln\/7940341.html\"><\/a><\/p>\n\n\n\n<p><a href=\"https:\/\/www.vozdeamerica.com\/a\/presidente-de-colombia-suspende-dialogo-de-paz-con-el-eln\/7940341.html\">Tambi\u00e9n lea<\/a><\/p>\n\n\n\n<h4 class=\"wp-block-heading\"><a href=\"https:\/\/www.vozdeamerica.com\/a\/presidente-de-colombia-suspende-dialogo-de-paz-con-el-eln\/7940341.html\">Gobierno de Colombia suspende di\u00e1logos de paz con la guerrilla del ELN<\/a><\/h4>\n\n\n\n<p>\u201cDesafortunadamente el Catatumbo es una regi\u00f3n que ha sufrido enormemente esta violencia por la presencia de cultivos il\u00edcitos, por la presencia de diferentes grupos, por la instrumentalizaci\u00f3n de la zona fronteriza por parte de diferentes grupos armados\u201d, agreg\u00f3.<\/p>\n\n\n\n<p>Se espera que el presidente colombiano Gustavo Petro visite la zona del Catatumbo, al tiempo que un informe de Human Rights Watch, revel\u00f3 el jueves que a pesar de los intentos por desarmar a los distintos actores armados con la pol\u00edtica de \u201cpaz total\u201d, los grupos ilegales han crecido territorialmente desde el a\u00f1o pasado.<\/p>\n","protected":false},"excerpt":{"rendered":"<p>Integrantes de las disidencias de las FARC en la regi\u00f3n del Catatumbo, el 10 de diciembre de 2024. [Foto: Johan Reyes, VOA]. enero 17, 2025 &nbsp;Vea comentarios El Catatumbo es una de las zonas con mayor concentraci\u00f3n de cultivos il\u00edcitos en Colombia. Los violentos combates ya se han cobrado la vida de m\u00e1s de una [&hellip;]<\/p>\n","protected":false},"author":28,"featured_media":589708,"comment_status":"closed","ping_status":"closed","sticky":true,"template":"","format":"standard","meta":{"footnotes":""},"categories":[23],"tags":[],"class_list":["post-589707","post","type-post","status-publish","format-standard","has-post-thumbnail","hentry","category-internacional"],"_links":{"self":[{"href":"https:\/\/diariodominicano.com\/index.php?rest_route=\/wp\/v2\/posts\/589707","targetHints":{"allow":["GET"]}}],"collection":[{"href":"https:\/\/diariodominicano.com\/index.php?rest_route=\/wp\/v2\/posts"}],"about":[{"href":"https:\/\/diariodominicano.com\/index.php?rest_route=\/wp\/v2\/types\/post"}],"author":[{"embeddable":true,"href":"https:\/\/diariodominicano.com\/index.php?rest_route=\/wp\/v2\/users\/28"}],"replies":[{"embeddable":true,"href":"https:\/\/diariodominicano.com\/index.php?rest_route=%2Fwp%2Fv2%2Fcomments&post=589707"}],"version-history":[{"count":1,"href":"https:\/\/diariodominicano.com\/index.php?rest_route=\/wp\/v2\/posts\/589707\/revisions"}],"predecessor-version":[{"id":589709,"href":"https:\/\/diariodominicano.com\/index.php?rest_route=\/wp\/v2\/posts\/589707\/revisions\/589709"}],"wp:featuredmedia":[{"embeddable":true,"href":"https:\/\/diariodominicano.com\/index.php?rest_route=\/wp\/v2\/media\/589708"}],"wp:attachment":[{"href":"https:\/\/diariodominicano.com\/index.php?rest_route=%2Fwp%2Fv2%2Fmedia&parent=589707"}],"wp:term":[{"taxonomy":"category","embeddable":true,"href":"https:\/\/diariodominicano.com\/index.php?rest_route=%2Fwp%2Fv2%2Fcategories&post=589707"},{"taxonomy":"post_tag","embeddable":true,"href":"https:\/\/diariodominicano.com\/index.php?rest_route=%2Fwp%2Fv2%2Ftags&post=589707"}],"curies":[{"name":"wp","href":"https:\/\/api.w.org\/{rel}","templated":true}]}}