{"id":589697,"date":"2025-01-18T01:23:20","date_gmt":"2025-01-18T05:23:20","guid":{"rendered":"https:\/\/diariodominicano.com\/?p=589697"},"modified":"2025-01-18T01:23:25","modified_gmt":"2025-01-18T05:23:25","slug":"investidura-presidencial-de-donald-trump-sera-bajo-techo","status":"publish","type":"post","link":"https:\/\/diariodominicano.com\/?p=589697","title":{"rendered":"Investidura presidencial de Donald Trump ser\u00e1 bajo techo"},"content":{"rendered":"\n<p>La rotonda del Capitolio de EEUU en Washington DC, el 17 de enero de 2025, donde probablemente se celebrar\u00e1 la inauguraci\u00f3n del presidente electo, Donald Trump, el 20 de enero de 2025.<\/p>\n\n\n\n<p>enero 17, 2025<\/p>\n\n\n\n<ul class=\"wp-block-list\">\n<li><a href=\"https:\/\/www.vozdeamerica.com\/author\/voz-de-america-redaccion\/p_kym\">Voz de Am\u00e9rica &#8211; Redacci\u00f3n<\/a><\/li>\n<\/ul>\n\n\n\n<ul class=\"wp-block-list\">\n<li><a href=\"https:\/\/facebook.com\/sharer.php?u=https%3a%2f%2fwww.vozdeamerica.com%2fa%2finvestidura-presidencial-de-donald-trump-sera-bajo-techo%2f7940836.html\" target=\"_blank\" rel=\"noreferrer noopener\"><\/a><\/li>\n\n\n\n<li><a href=\"https:\/\/twitter.com\/share?url=https%3a%2f%2fwww.vozdeamerica.com%2fa%2finvestidura-presidencial-de-donald-trump-sera-bajo-techo%2f7940836.html&amp;text=Investidura+presidencial+de+Donald+Trump+ser%c3%a1+bajo+techo\" target=\"_blank\" rel=\"noreferrer noopener\"><\/a><\/li>\n\n\n\n<li><\/li>\n\n\n\n<li><a href=\"mailto:?body=https%3a%2f%2fwww.vozdeamerica.com%2fa%2finvestidura-presidencial-de-donald-trump-sera-bajo-techo%2f7940836.html&amp;subject=Investidura%20presidencial%20de%20Donald%20Trump%20ser%C3%A1%20bajo%20techo\"><\/a><\/li>\n<\/ul>\n\n\n\n<p><a href=\"https:\/\/www.vozdeamerica.com\/a\/investidura-presidencial-de-donald-trump-sera-bajo-techo\/7940836.html#comments\">&nbsp;Vea comentarios<\/a><\/p>\n\n\n\n<p>Las g\u00e9lidas temperaturas pronosticadas para el lunes 20 de enero han obligado a que la investidura presidencial de Donald Trump se efect\u00fae bajo techo en el Capitolio de Washington.<\/p>\n\n\n\n<p>La ceremonia de juramentaci\u00f3n del presidente electo Donald Trump se trasladar\u00e1 al interior del Capitolio de Estados Unidos el lunes debido a las temperaturas g\u00e9lidas esperadas, seg\u00fan informes de los medios.<\/p>\n\n\n\n<p>El d\u00eda de la inauguraci\u00f3n, se espera que las temperaturas en la capital estadounidense alcancen una m\u00ednima de menos 11 grados Celsius y una m\u00e1xima de solo menos 5 grados Celsius.<\/p>\n\n\n\n<p>Las g\u00e9lidas temperaturas significan que se espera que la toma de posesi\u00f3n de Trump sea la m\u00e1s fr\u00eda en 40 a\u00f1os, seg\u00fan los meteor\u00f3logos.<\/p>\n\n\n\n<p>Con un clima tan fr\u00edo, Trump prestar\u00e1 juramento dentro del Capitolio de Estados Unidos, en lugar de afuera, seg\u00fan The New York Times y The Wall Street Journal, que citaron a personas an\u00f3nimas familiarizadas con el asunto.<\/p>\n\n\n\n<p>La segunda toma de posesi\u00f3n del presidente Ronald Reagan en 1985 fue la \u00faltima vez que una ceremonia de juramentaci\u00f3n se celebr\u00f3 en un espacio cerrado.<\/p>\n\n\n\n<p>La Rotonda est\u00e1 preparada para servir como alternativa para las investiduras en caso de mal tiempo. Los pron\u00f3sticos para el lunes indican que ser\u00e1 el d\u00eda de investidura m\u00e1s fr\u00edo desde entonces.<\/p>\n\n\n\n<p>El presidente saliente Joe Biden, miembros del Congreso y otros dignatarios e invitados notables podr\u00e1n ver la ceremonia desde el interior del Capitolio.<\/p>\n\n\n\n<p><a href=\"https:\/\/www.vozdeamerica.com\/a\/vicepresidente-chino-asistira-a-la-investidura-de-trump\/7940270.html\"><\/a><\/p>\n\n\n\n<p><a href=\"https:\/\/www.vozdeamerica.com\/a\/vicepresidente-chino-asistira-a-la-investidura-de-trump\/7940270.html\">Tambi\u00e9n lea<\/a><\/p>\n\n\n\n<h4 class=\"wp-block-heading\"><a href=\"https:\/\/www.vozdeamerica.com\/a\/vicepresidente-chino-asistira-a-la-investidura-de-trump\/7940270.html\">Vicepresidente chino asistir\u00e1 a la investidura de Trump<\/a><\/h4>\n\n\n\n<p>Se requieren planes alternativos para los m\u00e1s de aproximadamente 250.000 invitados con entradas para ver la toma de posesi\u00f3n desde los terrenos del Capitolio y las decenas de miles m\u00e1s que se espera est\u00e9n en \u00e1reas de admisi\u00f3n general o que se alineen en la ruta del desfile de toma de posesi\u00f3n desde el Capitolio hasta la Casa Blanca.<\/p>\n\n\n\n<p>Trump se\u00f1al\u00f3 que algunos simpatizantes podr\u00edan ver la ceremonia desde el Capital One Arena de Washington el lunes, un d\u00eda despu\u00e9s de que planea realizar un mitin all\u00ed. Dijo que visitar\u00eda el inmueble, que tiene una capacidad de unas 20.000 personas, despu\u00e9s de que tome posesi\u00f3n, y organizar\u00eda un desfile inaugural modificado all\u00ed.<\/p>\n\n\n\n<p>Trump a\u00f1adi\u00f3 que otros eventos de toma de posesi\u00f3n, incluido el mitin del domingo y su participaci\u00f3n en tres bailes inaugurales oficiales la noche del lunes, se llevar\u00e1n a cabo seg\u00fan lo programado.<\/p>\n\n\n\n<p>La noticia de que la ceremonia de investidura de Trump se llevar\u00e1 a cabo en el interior se conoci\u00f3 poco despu\u00e9s de la confirmaci\u00f3n de que China enviar\u00e1 al vicepresidente Han Zheng para asistir a la ceremonia.<\/p>\n\n\n\n<p>Esta ser\u00e1 la primera vez que un alto dirigente chino asista a la juramentaci\u00f3n de un presidente estadounidense.<\/p>\n\n\n\n<p><em>[Con informaci\u00f3n de AP]<\/em><\/p>\n","protected":false},"excerpt":{"rendered":"<p>La rotonda del Capitolio de EEUU en Washington DC, el 17 de enero de 2025, donde probablemente se celebrar\u00e1 la inauguraci\u00f3n del presidente electo, Donald Trump, el 20 de enero de 2025. enero 17, 2025 &nbsp;Vea comentarios Las g\u00e9lidas temperaturas pronosticadas para el lunes 20 de enero han obligado a que la investidura presidencial de [&hellip;]<\/p>\n","protected":false},"author":28,"featured_media":589698,"comment_status":"closed","ping_status":"closed","sticky":true,"template":"","format":"standard","meta":{"footnotes":""},"categories":[36,23],"tags":[],"class_list":["post-589697","post","type-post","status-publish","format-standard","has-post-thumbnail","hentry","category-hombresmujeresycosas","category-internacional"],"_links":{"self":[{"href":"https:\/\/diariodominicano.com\/index.php?rest_route=\/wp\/v2\/posts\/589697","targetHints":{"allow":["GET"]}}],"collection":[{"href":"https:\/\/diariodominicano.com\/index.php?rest_route=\/wp\/v2\/posts"}],"about":[{"href":"https:\/\/diariodominicano.com\/index.php?rest_route=\/wp\/v2\/types\/post"}],"author":[{"embeddable":true,"href":"https:\/\/diariodominicano.com\/index.php?rest_route=\/wp\/v2\/users\/28"}],"replies":[{"embeddable":true,"href":"https:\/\/diariodominicano.com\/index.php?rest_route=%2Fwp%2Fv2%2Fcomments&post=589697"}],"version-history":[{"count":1,"href":"https:\/\/diariodominicano.com\/index.php?rest_route=\/wp\/v2\/posts\/589697\/revisions"}],"predecessor-version":[{"id":589699,"href":"https:\/\/diariodominicano.com\/index.php?rest_route=\/wp\/v2\/posts\/589697\/revisions\/589699"}],"wp:featuredmedia":[{"embeddable":true,"href":"https:\/\/diariodominicano.com\/index.php?rest_route=\/wp\/v2\/media\/589698"}],"wp:attachment":[{"href":"https:\/\/diariodominicano.com\/index.php?rest_route=%2Fwp%2Fv2%2Fmedia&parent=589697"}],"wp:term":[{"taxonomy":"category","embeddable":true,"href":"https:\/\/diariodominicano.com\/index.php?rest_route=%2Fwp%2Fv2%2Fcategories&post=589697"},{"taxonomy":"post_tag","embeddable":true,"href":"https:\/\/diariodominicano.com\/index.php?rest_route=%2Fwp%2Fv2%2Ftags&post=589697"}],"curies":[{"name":"wp","href":"https:\/\/api.w.org\/{rel}","templated":true}]}}