{"id":589507,"date":"2025-01-17T01:34:13","date_gmt":"2025-01-17T05:34:13","guid":{"rendered":"https:\/\/diariodominicano.com\/?p=589507"},"modified":"2025-01-17T01:34:15","modified_gmt":"2025-01-17T05:34:15","slug":"fc-barcelona-gana-la-copa-del-rey","status":"publish","type":"post","link":"https:\/\/diariodominicano.com\/?p=589507","title":{"rendered":"FC Barcelona gana la Copa del Rey"},"content":{"rendered":"\n<p><em>spanish.news.cn<\/em>|<em>&nbsp;2025-01-17 09:12:39<\/em>|<\/p>\n\n\n\n<p>BARCELONA, 16 enero, 2025 (Xinhua) &#8212; Imagen del 15 de enero de 2025 de Ferran Torres (i), de FC Barcelona, festejando su anotaci\u00f3n durante el partido de f\u00fatbol de la Copa del Rey, entre FC Barcelona y Real Betis, en Barcelona, Espa\u00f1a. (Xinhua\/Joan Gosa)<\/p>\n\n\n\n<figure class=\"wp-block-image\"><img decoding=\"async\" src=\"https:\/\/spanish.xinhuanet.com\/20250117\/c9f6b0b38835471eb12a9f02a9f97909\/20250117c9f6b0b38835471eb12a9f02a9f97909_20250117eea50862eec2431abca54e2991dcc52f.jpg\" alt=\"\"\/><\/figure>\n\n\n\n<p>BARCELONA, 16 enero, 2025 (Xinhua) &#8212; Imagen del 15 de enero de 2025 de Raphinha, de FC Barcelona, festejando su anotaci\u00f3n durante el partido de f\u00fatbol de la Copa del Rey, entre FC Barcelona y Real Betis, en Barcelona, Espa\u00f1a. (Xinhua\/Joan Gosa)<\/p>\n\n\n\n<figure class=\"wp-block-image\"><img decoding=\"async\" src=\"https:\/\/spanish.xinhuanet.com\/20250117\/c9f6b0b38835471eb12a9f02a9f97909\/20250117c9f6b0b38835471eb12a9f02a9f97909_20250117f6c45ed4c379464ab4765e12a23d6bc9.jpg\" alt=\"\"\/><\/figure>\n\n\n\n<p>BARCELONA, 16 enero, 2025 (Xinhua) &#8212; Imagen del 15 de enero de 2025 de Lamine Yamal, de FC Barcelona, festejando su anotaci\u00f3n durante el partido de f\u00fatbol de la Copa del Rey, entre FC Barcelona y Real Betis, en Barcelona, Espa\u00f1a. (Xinhua\/Joan Gosa)<\/p>\n\n\n\n<figure class=\"wp-block-image\"><img decoding=\"async\" src=\"https:\/\/spanish.xinhuanet.com\/20250117\/c9f6b0b38835471eb12a9f02a9f97909\/20250117c9f6b0b38835471eb12a9f02a9f97909_20250117043d25447a0b4615af53e9bb772b8075.jpg\" alt=\"\"\/><\/figure>\n\n\n\n<p>BARCELONA, 16 enero, 2025 (Xinhua) &#8212; Imagen del 15 de enero de 2025 de Ferran Torres (2-d), de FC Barcelona, realizando una anotaci\u00f3n durante el partido de f\u00fatbol de la Copa del Rey, entre FC Barcelona y Real Betis, en Barcelona, Espa\u00f1a. (Xinhua\/Joan Gosa)&nbsp;<\/p>\n\n\n\n<figure class=\"wp-block-image\"><img decoding=\"async\" src=\"https:\/\/spanish.xinhuanet.com\/20250117\/c9f6b0b38835471eb12a9f02a9f97909\/20250117c9f6b0b38835471eb12a9f02a9f97909_20250117d5f360a51c224b52b005bdf619a59ed3.jpg\" alt=\"\"\/><\/figure>\n\n\n\n<p>BARCELONA, 16 enero, 2025 (Xinhua) &#8212; Imagen del 15 de enero de 2025 de Araujo, de Barcelona mostrando el trofeo de la Super Copa Espa\u00f1ola a los aficionados previo al partido de f\u00fatbol de la Copa del Rey, entre FC Barcelona y Real Betis, en Barcelona, Espa\u00f1a. (Xinhua\/Joan Gosa)&nbsp;<\/p>\n","protected":false},"excerpt":{"rendered":"<p>spanish.news.cn|&nbsp;2025-01-17 09:12:39| BARCELONA, 16 enero, 2025 (Xinhua) &#8212; Imagen del 15 de enero de 2025 de Ferran Torres (i), de FC Barcelona, festejando su anotaci\u00f3n durante el partido de f\u00fatbol de la Copa del Rey, entre FC Barcelona y Real Betis, en Barcelona, Espa\u00f1a. (Xinhua\/Joan Gosa) BARCELONA, 16 enero, 2025 (Xinhua) &#8212; Imagen del 15 [&hellip;]<\/p>\n","protected":false},"author":28,"featured_media":589508,"comment_status":"closed","ping_status":"closed","sticky":true,"template":"","format":"standard","meta":{"footnotes":""},"categories":[17],"tags":[],"class_list":["post-589507","post","type-post","status-publish","format-standard","has-post-thumbnail","hentry","category-deportes"],"_links":{"self":[{"href":"https:\/\/diariodominicano.com\/index.php?rest_route=\/wp\/v2\/posts\/589507","targetHints":{"allow":["GET"]}}],"collection":[{"href":"https:\/\/diariodominicano.com\/index.php?rest_route=\/wp\/v2\/posts"}],"about":[{"href":"https:\/\/diariodominicano.com\/index.php?rest_route=\/wp\/v2\/types\/post"}],"author":[{"embeddable":true,"href":"https:\/\/diariodominicano.com\/index.php?rest_route=\/wp\/v2\/users\/28"}],"replies":[{"embeddable":true,"href":"https:\/\/diariodominicano.com\/index.php?rest_route=%2Fwp%2Fv2%2Fcomments&post=589507"}],"version-history":[{"count":1,"href":"https:\/\/diariodominicano.com\/index.php?rest_route=\/wp\/v2\/posts\/589507\/revisions"}],"predecessor-version":[{"id":589509,"href":"https:\/\/diariodominicano.com\/index.php?rest_route=\/wp\/v2\/posts\/589507\/revisions\/589509"}],"wp:featuredmedia":[{"embeddable":true,"href":"https:\/\/diariodominicano.com\/index.php?rest_route=\/wp\/v2\/media\/589508"}],"wp:attachment":[{"href":"https:\/\/diariodominicano.com\/index.php?rest_route=%2Fwp%2Fv2%2Fmedia&parent=589507"}],"wp:term":[{"taxonomy":"category","embeddable":true,"href":"https:\/\/diariodominicano.com\/index.php?rest_route=%2Fwp%2Fv2%2Fcategories&post=589507"},{"taxonomy":"post_tag","embeddable":true,"href":"https:\/\/diariodominicano.com\/index.php?rest_route=%2Fwp%2Fv2%2Ftags&post=589507"}],"curies":[{"name":"wp","href":"https:\/\/api.w.org\/{rel}","templated":true}]}}