{"id":589502,"date":"2025-01-17T01:29:07","date_gmt":"2025-01-17T05:29:07","guid":{"rendered":"https:\/\/diariodominicano.com\/?p=589502"},"modified":"2025-01-17T01:29:14","modified_gmt":"2025-01-17T05:29:14","slug":"moodys-ve-perspectiva-crediticia-soberana-estable-para-america-latina-y-el-caribe-en-2025","status":"publish","type":"post","link":"https:\/\/diariodominicano.com\/?p=589502","title":{"rendered":"Moody&#8217;s ve perspectiva crediticia soberana estable para Am\u00e9rica Latina y el Caribe en 2025"},"content":{"rendered":"\n<p><em>spanish.news.cn<\/em>|<em>&nbsp;2025-01-17 10:05:00<\/em>|<\/p>\n\n\n\n<p>M\u00c9XICO, 16 ene (Xinhua) &#8212; La agencia Moody&#8217;s Ratings apunt\u00f3 hoy jueves que proyecta una perspectiva crediticia soberana estable para Am\u00e9rica Latina y el Caribe, aun con la incertidumbre en torno a los pr\u00f3ximos cambios en la pol\u00edtica comercial de Estados Unidos.<\/p>\n\n\n\n<p>En un reporte especial, la calificadora anticip\u00f3 que la regi\u00f3n enfrentar\u00e1 cambios \u00abpotencialmente disruptivos\u00bb en las pol\u00edticas comerciales e inmigratorias, la din\u00e1mica geopol\u00edtica y la volatilidad financiera cuando Donald Trump comience su segundo mandato como presidente, a partir del pr\u00f3ximo 20 de enero.<\/p>\n\n\n\n<p>\u00abSe espera que las econom\u00edas de M\u00e9xico y Centroam\u00e9rica est\u00e9n m\u00e1s expuestas a posibles aranceles comerciales y cambios en las pol\u00edticas inmigratorias\u00bb, asever\u00f3 Moody&#8217;s.<\/p>\n\n\n\n<p>En el resto de la regi\u00f3n, los esfuerzos de consolidaci\u00f3n fiscal en 2025 estabilizar\u00e1n la carga de la deuda p\u00fablica, gracias a un crecimiento econ\u00f3mico m\u00e1s estable y a los avances en la materia.<\/p>\n\n\n\n<p>La mayor\u00eda de los pa\u00edses latinoamericanos calificados por Moody&#8217;s crecer\u00e1n en 2025 a tasas similares a las de 2024, y es muy probable que la mediana de la tasa de crecimiento de la regi\u00f3n sea del 3,0 por ciento en 2025.<\/p>\n\n\n\n<p>\u00abEl desempe\u00f1o econ\u00f3mico seguir\u00e1 convergiendo hacia los niveles anteriores a la pandemia (2015-2019) tras un crecimiento superior a la tendencia durante el per\u00edodo de recuperaci\u00f3n posterior a la pandemia (2021-2023)\u00bb, a\u00f1adi\u00f3.<\/p>\n\n\n\n<p>Argentina, Brasil y Uruguay estar\u00e1n entre las econom\u00edas que tendr\u00e1n un mejor desempe\u00f1o que su tendencia anterior a la pandemia, en tanto que M\u00e9xico se expandir\u00e1 alrededor del 1,3 por ciento, lo que marcar\u00e1 el segundo a\u00f1o de d\u00e9bil crecimiento, toda vez que enfrenta mayores riesgos internos y externos que podr\u00edan afectar a la econom\u00eda m\u00e1s all\u00e1 de 2025.<\/p>\n\n\n\n<p>Moody&#8217;s cree que algunos pa\u00edses se beneficiar\u00e1n de las condiciones favorables externas relacionadas con el \u00abnearshoring\u00bb (relocalizaci\u00f3n de cadenas globales) y la fuerte demanda global de metales en el contexto de la transici\u00f3n al carbono.<\/p>\n\n\n\n<p>\u00abDado que la din\u00e1mica de la inversi\u00f3n es particularmente sensible a la confianza de los inversionistas, la implementaci\u00f3n de pol\u00edticas que impulsen la inversi\u00f3n nacional y extranjera ser\u00e1 clave para promover un crecimiento sostenido\u00bb, recomend\u00f3.&nbsp;<\/p>\n\n\n\n<p><a href=\"https:\/\/www.facebook.com\/sharer\/sharer.php?u=https:\/\/spanish.xinhuanet.com\/20250117\/517314a4c79b4f68a99d33a08d21fac0\/c.html\" target=\"_blank\" rel=\"noreferrer noopener\"><\/a>&nbsp;<a href=\"https:\/\/twitter.com\/intent\/tweet?text=Moody%27s%20ve%20perspectiva%20crediticia%20soberana%20estable%20para%20Am%C3%A9rica%20Latina%20y%20el%20Caribe%20en%202025&amp;url=https:\/\/spanish.xinhuanet.com\/20250117\/517314a4c79b4f68a99d33a08d21fac0\/c.html\" target=\"_blank\" rel=\"noreferrer noopener\"><\/a>&nbsp;<a target=\"_blank\" href=\"https:\/\/service.weibo.com\/share\/share.php?title=Moody%27s%20ve%20perspectiva%20crediticia%20soberana%20estable%20para%20Am%C3%A9rica%20Latina%20y%20el%20Caribe%20en%202025&amp;url=https:\/\/spanish.xinhuanet.com\/20250117\/517314a4c79b4f68a99d33a08d21fac0\/c.html\" rel=\"noreferrer noopener\"><\/a>&nbsp;<a><\/a><\/p>\n\n\n\n<figure class=\"wp-block-image\"><img decoding=\"async\" src=\"https:\/\/imgs.news.cn\/res\/xhwimg\/spanish\/20170522\/img\/jc-xfa.png\" alt=\"\"\/><\/figure>\n\n\n","protected":false},"excerpt":{"rendered":"<p>spanish.news.cn|&nbsp;2025-01-17 10:05:00| M\u00c9XICO, 16 ene (Xinhua) &#8212; La agencia Moody&#8217;s Ratings apunt\u00f3 hoy jueves que proyecta una perspectiva crediticia soberana estable para Am\u00e9rica Latina y el Caribe, aun con la incertidumbre en torno a los pr\u00f3ximos cambios en la pol\u00edtica comercial de Estados Unidos. En un reporte especial, la calificadora anticip\u00f3 que la regi\u00f3n enfrentar\u00e1 [&hellip;]<\/p>\n","protected":false},"author":28,"featured_media":277070,"comment_status":"closed","ping_status":"closed","sticky":true,"template":"","format":"standard","meta":{"footnotes":""},"categories":[18,23],"tags":[],"class_list":["post-589502","post","type-post","status-publish","format-standard","has-post-thumbnail","hentry","category-economia","category-internacional"],"_links":{"self":[{"href":"https:\/\/diariodominicano.com\/index.php?rest_route=\/wp\/v2\/posts\/589502","targetHints":{"allow":["GET"]}}],"collection":[{"href":"https:\/\/diariodominicano.com\/index.php?rest_route=\/wp\/v2\/posts"}],"about":[{"href":"https:\/\/diariodominicano.com\/index.php?rest_route=\/wp\/v2\/types\/post"}],"author":[{"embeddable":true,"href":"https:\/\/diariodominicano.com\/index.php?rest_route=\/wp\/v2\/users\/28"}],"replies":[{"embeddable":true,"href":"https:\/\/diariodominicano.com\/index.php?rest_route=%2Fwp%2Fv2%2Fcomments&post=589502"}],"version-history":[{"count":1,"href":"https:\/\/diariodominicano.com\/index.php?rest_route=\/wp\/v2\/posts\/589502\/revisions"}],"predecessor-version":[{"id":589503,"href":"https:\/\/diariodominicano.com\/index.php?rest_route=\/wp\/v2\/posts\/589502\/revisions\/589503"}],"wp:featuredmedia":[{"embeddable":true,"href":"https:\/\/diariodominicano.com\/index.php?rest_route=\/wp\/v2\/media\/277070"}],"wp:attachment":[{"href":"https:\/\/diariodominicano.com\/index.php?rest_route=%2Fwp%2Fv2%2Fmedia&parent=589502"}],"wp:term":[{"taxonomy":"category","embeddable":true,"href":"https:\/\/diariodominicano.com\/index.php?rest_route=%2Fwp%2Fv2%2Fcategories&post=589502"},{"taxonomy":"post_tag","embeddable":true,"href":"https:\/\/diariodominicano.com\/index.php?rest_route=%2Fwp%2Fv2%2Ftags&post=589502"}],"curies":[{"name":"wp","href":"https:\/\/api.w.org\/{rel}","templated":true}]}}