{"id":589495,"date":"2025-01-17T01:19:26","date_gmt":"2025-01-17T05:19:26","guid":{"rendered":"https:\/\/diariodominicano.com\/?p=589495"},"modified":"2025-01-17T01:19:31","modified_gmt":"2025-01-17T05:19:31","slug":"eeuu-toma-medida-contra-agencias-de-viajes-por-migracion-irregular","status":"publish","type":"post","link":"https:\/\/diariodominicano.com\/?p=589495","title":{"rendered":"EEUU toma medida contra agencias de viajes por migraci\u00f3n irregular"},"content":{"rendered":"\n<p>Washington, 16 ene (Prensa Latina) El Departamento de Estado anunci\u00f3 hoy que impondr\u00e1 restricciones de visas a varios altos ejecutivos de agencias de viajes que operan en Europa y Asia que, seg\u00fan dijo, facilitan deliberadamente la migraci\u00f3n irregular a los Estados Unidos.<\/p>\n\n\n\n<ul class=\"wp-block-list\">\n<li><a href=\"https:\/\/www.prensa-latina.cu\/2025\/01\/16\/\"><time>enero 16, 2025 | 13:15<\/time><\/a><\/li>\n<\/ul>\n\n\n\n<ul class=\"wp-block-list\">\n<li><a href=\"https:\/\/www.prensa-latina.cu\/2025\/01\/16\/eeuu-toma-medida-contra-agencias-de-viajes-por-migracion-irregular\/#\"><\/a><\/li>\n\n\n\n<li><a href=\"https:\/\/www.prensa-latina.cu\/2025\/01\/16\/eeuu-toma-medida-contra-agencias-de-viajes-por-migracion-irregular\/#\"><\/a><\/li>\n\n\n\n<li><a href=\"https:\/\/www.prensa-latina.cu\/2025\/01\/16\/eeuu-toma-medida-contra-agencias-de-viajes-por-migracion-irregular\/#\"><\/a><\/li>\n\n\n\n<li><a href=\"https:\/\/www.prensa-latina.cu\/2025\/01\/16\/eeuu-toma-medida-contra-agencias-de-viajes-por-migracion-irregular\/#\"><\/a><\/li>\n<\/ul>\n\n\n\n<p>\u201cSeguiremos tomando medidas para imponer restricciones de visas a propietarios, ejecutivos y altos funcionarios como parte de nuestra campa\u00f1a m\u00e1s amplia contra tales pr\u00e1cticas explotadoras dentro y fuera del hemisferio occidental\u201d, expres\u00f3 el vocero Matthew Miller en un comunicado.<\/p>\n\n\n\n<p>Hasta la fecha, las restricciones abarcan a \u201cpersonas de 16 pa\u00edses de Am\u00e9rica Latina, Medio Oriente, Europa, Asia, \u00c1frica del Norte y \u00c1frica Occidental, lo que ha ayudado a cerrar m\u00e1s de 70 rutas de vuelos ch\u00e1rter, incluidas las rutas que conectan Nicaragua con Cuba y Libia\u201d, subray\u00f3.<\/p>\n\n\n\n<p>Explic\u00f3 que estas acciones se toman de conformidad con la secci\u00f3n 212(a)(3)(C) de la Ley de Inmigraci\u00f3n y Nacionalidad.<\/p>\n\n\n\n<p>jha\/dfm<\/p>\n\n\n\n<ul class=\"wp-block-list\">\n<li>#<a href=\"https:\/\/www.prensa-latina.cu\/etiqueta\/restricciones-visa\/\">restricciones visa<\/a><\/li>\n<\/ul>\n","protected":false},"excerpt":{"rendered":"<p>Washington, 16 ene (Prensa Latina) El Departamento de Estado anunci\u00f3 hoy que impondr\u00e1 restricciones de visas a varios altos ejecutivos de agencias de viajes que operan en Europa y Asia que, seg\u00fan dijo, facilitan deliberadamente la migraci\u00f3n irregular a los Estados Unidos. \u201cSeguiremos tomando medidas para imponer restricciones de visas a propietarios, ejecutivos y altos [&hellip;]<\/p>\n","protected":false},"author":28,"featured_media":589496,"comment_status":"closed","ping_status":"closed","sticky":true,"template":"","format":"standard","meta":{"footnotes":""},"categories":[23],"tags":[],"class_list":["post-589495","post","type-post","status-publish","format-standard","has-post-thumbnail","hentry","category-internacional"],"_links":{"self":[{"href":"https:\/\/diariodominicano.com\/index.php?rest_route=\/wp\/v2\/posts\/589495","targetHints":{"allow":["GET"]}}],"collection":[{"href":"https:\/\/diariodominicano.com\/index.php?rest_route=\/wp\/v2\/posts"}],"about":[{"href":"https:\/\/diariodominicano.com\/index.php?rest_route=\/wp\/v2\/types\/post"}],"author":[{"embeddable":true,"href":"https:\/\/diariodominicano.com\/index.php?rest_route=\/wp\/v2\/users\/28"}],"replies":[{"embeddable":true,"href":"https:\/\/diariodominicano.com\/index.php?rest_route=%2Fwp%2Fv2%2Fcomments&post=589495"}],"version-history":[{"count":1,"href":"https:\/\/diariodominicano.com\/index.php?rest_route=\/wp\/v2\/posts\/589495\/revisions"}],"predecessor-version":[{"id":589497,"href":"https:\/\/diariodominicano.com\/index.php?rest_route=\/wp\/v2\/posts\/589495\/revisions\/589497"}],"wp:featuredmedia":[{"embeddable":true,"href":"https:\/\/diariodominicano.com\/index.php?rest_route=\/wp\/v2\/media\/589496"}],"wp:attachment":[{"href":"https:\/\/diariodominicano.com\/index.php?rest_route=%2Fwp%2Fv2%2Fmedia&parent=589495"}],"wp:term":[{"taxonomy":"category","embeddable":true,"href":"https:\/\/diariodominicano.com\/index.php?rest_route=%2Fwp%2Fv2%2Fcategories&post=589495"},{"taxonomy":"post_tag","embeddable":true,"href":"https:\/\/diariodominicano.com\/index.php?rest_route=%2Fwp%2Fv2%2Ftags&post=589495"}],"curies":[{"name":"wp","href":"https:\/\/api.w.org\/{rel}","templated":true}]}}