{"id":589492,"date":"2025-01-17T01:16:55","date_gmt":"2025-01-17T05:16:55","guid":{"rendered":"https:\/\/diariodominicano.com\/?p=589492"},"modified":"2025-01-17T01:17:06","modified_gmt":"2025-01-17T05:17:06","slug":"paises-latinoamericanos-dialogan-en-mexico-sobre-migracion","status":"publish","type":"post","link":"https:\/\/diariodominicano.com\/?p=589492","title":{"rendered":"Pa\u00edses latinoamericanos dialogan en M\u00e9xico sobre migraci\u00f3n"},"content":{"rendered":"\n<p>Ciudad de M\u00e9xico, 16 ene (Prensa Latina) Representantes de pa\u00edses latinoamericanos se reunieron en M\u00e9xico para dialogar y coordinar acciones encaminadas a proteger los derechos de las personas migrantes, inform\u00f3 hoy la canciller\u00eda.<\/p>\n\n\n\n<ul class=\"wp-block-list\">\n<li><a href=\"https:\/\/www.prensa-latina.cu\/2025\/01\/16\/\"><time>enero 16, 2025 | 22:47<\/time><\/a><\/li>\n<\/ul>\n\n\n\n<ul class=\"wp-block-list\">\n<li><a href=\"https:\/\/www.prensa-latina.cu\/2025\/01\/16\/paises-latinoamericanos-dialogan-en-mexico-sobre-migracion\/#\"><\/a><\/li>\n\n\n\n<li><a href=\"https:\/\/www.prensa-latina.cu\/2025\/01\/16\/paises-latinoamericanos-dialogan-en-mexico-sobre-migracion\/#\"><\/a><\/li>\n\n\n\n<li><a href=\"https:\/\/www.prensa-latina.cu\/2025\/01\/16\/paises-latinoamericanos-dialogan-en-mexico-sobre-migracion\/#\"><\/a><\/li>\n\n\n\n<li><a href=\"https:\/\/www.prensa-latina.cu\/2025\/01\/16\/paises-latinoamericanos-dialogan-en-mexico-sobre-migracion\/#\"><\/a><\/li>\n<\/ul>\n\n\n\n<p>A la cita asistieron ministros, viceministros y jefes de delegaci\u00f3n de Belice, Brasil, Colombia, Cuba, El Salvador, Guatemala, Hait\u00ed, Honduras, Venezuela y la naci\u00f3n anfitriona, seg\u00fan refiere un comunicado de la Secretar\u00eda de Relaciones Exteriores.<\/p>\n\n\n\n<p>\u201cAnte los desaf\u00edos que enfrentamos en materia migratoria, nos reunimos en la Ciudad de M\u00e9xico para dialogar y coordinar acciones encaminadas a: proteger los derechos humanos de las personas migrantes; prevenir abusos y malos tratos\u201d, se\u00f1ala el texto.<\/p>\n\n\n\n<p>Otros prop\u00f3sitos, adem\u00e1s, residieron en gestionar desde un enfoque humanitario una migraci\u00f3n regular, segura y ordenada, as\u00ed como integrar a las poblaciones migrantes.<\/p>\n\n\n\n<p>Los participantes tambi\u00e9n buscaron reforzar la cooperaci\u00f3n internacional para atender el fen\u00f3meno migratorio, desde sus causas estructurales y coyunturales, y en su ciclo completo: origen, tr\u00e1nsito, destino y retorno.<\/p>\n\n\n\n<p>El encuentro sobre movilidad humana en la ruta norte del continente, iniciado este jueves y que concluir\u00e1 ma\u00f1ana, ocurre en un contexto marcado por las amenazas del presidente electo de Estados Unidos, Donald Trump, sobre deportaciones masivas.<\/p>\n\n\n\n<p>La presidenta de M\u00e9xico, Claudia Sheinbaum, dijo hoy durante su habitual encuentro con periodistas, que el pa\u00eds cuenta con un plan muy elaborado en caso de concretarse las expulsiones anunciadas por Trump.<\/p>\n\n\n\n<p>\u201cYa tenemos un plan muy elaborado. Solo que vamos a esperar a lo que vaya a anunciar el presidente Trump para poderlo informar\u201d, afirm\u00f3 la dignataria al responder a una pregunta sobre el apoyo a los gobiernos estatales encargados de atender a los migrantes que regresen.<\/p>\n\n\n\n<p>Con el objetivo de respaldar a los connacionales en Estados Unidos, M\u00e9xico ha tomado medidas como el robustecimiento de los 53 consulados en aquella naci\u00f3n y la puesta en marcha de un centro de informaci\u00f3n y asistencia v\u00eda telef\u00f3nica.<\/p>\n\n\n\n<p>Entre las acciones tambi\u00e9n sobresalen la implementaci\u00f3n de una aplicaci\u00f3n digital denominada Bot\u00f3n de Alerta, para avisar ante una detenci\u00f3n, y el fortalecimiento de un programa de asesor\u00edas legales externas con la contrataci\u00f3n de cientos de ellas.<\/p>\n\n\n\n<p>rc\/las<\/p>\n\n\n\n<ul class=\"wp-block-list\">\n<li>#<a href=\"https:\/\/www.prensa-latina.cu\/etiqueta\/eeuu\/\">eeuu<\/a>\u00a0#<a href=\"https:\/\/www.prensa-latina.cu\/etiqueta\/mexico\/\">M\u00e9xico<\/a>\u00a0#<a href=\"https:\/\/www.prensa-latina.cu\/etiqueta\/migracion\/\">migraci\u00f3n<\/a><\/li>\n<\/ul>\n","protected":false},"excerpt":{"rendered":"<p>Ciudad de M\u00e9xico, 16 ene (Prensa Latina) Representantes de pa\u00edses latinoamericanos se reunieron en M\u00e9xico para dialogar y coordinar acciones encaminadas a proteger los derechos de las personas migrantes, inform\u00f3 hoy la canciller\u00eda. A la cita asistieron ministros, viceministros y jefes de delegaci\u00f3n de Belice, Brasil, Colombia, Cuba, El Salvador, Guatemala, Hait\u00ed, Honduras, Venezuela y [&hellip;]<\/p>\n","protected":false},"author":28,"featured_media":589493,"comment_status":"closed","ping_status":"closed","sticky":true,"template":"","format":"standard","meta":{"footnotes":""},"categories":[36,23,27],"tags":[],"class_list":["post-589492","post","type-post","status-publish","format-standard","has-post-thumbnail","hentry","category-hombresmujeresycosas","category-internacional","category-portada"],"_links":{"self":[{"href":"https:\/\/diariodominicano.com\/index.php?rest_route=\/wp\/v2\/posts\/589492","targetHints":{"allow":["GET"]}}],"collection":[{"href":"https:\/\/diariodominicano.com\/index.php?rest_route=\/wp\/v2\/posts"}],"about":[{"href":"https:\/\/diariodominicano.com\/index.php?rest_route=\/wp\/v2\/types\/post"}],"author":[{"embeddable":true,"href":"https:\/\/diariodominicano.com\/index.php?rest_route=\/wp\/v2\/users\/28"}],"replies":[{"embeddable":true,"href":"https:\/\/diariodominicano.com\/index.php?rest_route=%2Fwp%2Fv2%2Fcomments&post=589492"}],"version-history":[{"count":1,"href":"https:\/\/diariodominicano.com\/index.php?rest_route=\/wp\/v2\/posts\/589492\/revisions"}],"predecessor-version":[{"id":589494,"href":"https:\/\/diariodominicano.com\/index.php?rest_route=\/wp\/v2\/posts\/589492\/revisions\/589494"}],"wp:featuredmedia":[{"embeddable":true,"href":"https:\/\/diariodominicano.com\/index.php?rest_route=\/wp\/v2\/media\/589493"}],"wp:attachment":[{"href":"https:\/\/diariodominicano.com\/index.php?rest_route=%2Fwp%2Fv2%2Fmedia&parent=589492"}],"wp:term":[{"taxonomy":"category","embeddable":true,"href":"https:\/\/diariodominicano.com\/index.php?rest_route=%2Fwp%2Fv2%2Fcategories&post=589492"},{"taxonomy":"post_tag","embeddable":true,"href":"https:\/\/diariodominicano.com\/index.php?rest_route=%2Fwp%2Fv2%2Ftags&post=589492"}],"curies":[{"name":"wp","href":"https:\/\/api.w.org\/{rel}","templated":true}]}}