{"id":589484,"date":"2025-01-17T01:06:02","date_gmt":"2025-01-17T05:06:02","guid":{"rendered":"https:\/\/diariodominicano.com\/?p=589484"},"modified":"2025-01-17T01:06:07","modified_gmt":"2025-01-17T05:06:07","slug":"puerto-plata-refuerza-su-posicionamiento-en-fitur-2025-con-una-destacada-delegacion","status":"publish","type":"post","link":"https:\/\/diariodominicano.com\/?p=589484","title":{"rendered":"Puerto Plata refuerza su posicionamiento en FITUR 2025 con una destacada delegaci\u00f3n\u00a0"},"content":{"rendered":"\n<p>Puerto Plata estar\u00e1 presente en la Feria Internacional de Turismo (FITUR) 2025 con una s\u00f3lida delegaci\u00f3n conformada por empresarios, ejecutivos de cadenas hoteleras, operadores tur\u00edsticos y medios de comunicaci\u00f3n, reafirmando su compromiso con la promoci\u00f3n del destino en los mercados internacionales.<\/p>\n\n\n\n<p>Como parte de la representaci\u00f3n de la provincia, participar\u00e1n reconocidas empresas e instituciones, miembros del Cl\u00faster Tur\u00edstico del Destino Puerto Plata, entre ellas Amhsa Marina Casa Marina Beach &amp; Reef, Lifestyle Hotels Holidays Hotels &amp; Resorts, Hodelpa Hoteles, AERODOM siglo XXI, Manureva Tours, VH Hotels &amp; Resorts, Senator, Viva Resorts, Grupo KSI, Blue JackTar, y Runners Adventures. Esta destacada presencia busca fortalecer la conexi\u00f3n de Puerto Plata con nuevos socios estrat\u00e9gicos, impulsar acuerdos comerciales y proyectar su riqueza natural, cultural e hist\u00f3rica ante miles de profesionales del turismo que asisten a este importante evento.<\/p>\n\n\n\n<p>FITUR, que se celebrar\u00e1 en Madrid del 22 al 26 de enero de 2025, es una de las ferias tur\u00edsticas m\u00e1s relevantes a nivel mundial, brindando una plataforma ideal para que Puerto Plata exponga su variada oferta, desde su atractivo litoral hasta su vibrante infraestructura hotelera y experiencias \u00fanicas para los viajeros.<\/p>\n\n\n\n<p>Durante la feria, la delegaci\u00f3n de Puerto Plata participar\u00e1 en reuniones con inversionistas, mayoristas y aerol\u00edneas, adem\u00e1s de promover iniciativas que contin\u00faan posicionando el destino como un referente del turismo sostenible y de calidad en el Caribe.<\/p>\n\n\n\n<p>Cl\u00faster Tur\u00edstico Destino Puerto Plata<\/p>\n\n\n\n<p>Cl\u00faster Tur\u00edstico Destino Puerto Plata (De tus contactos de Google)<\/p>\n\n\n\n<p><a target=\"_blank\" href=\"mailto:info@discoverpuertoplata.com\" rel=\"noreferrer noopener\">info@discoverpuertoplata.com<\/a><\/p>\n\n\n\n<p><\/p>\n","protected":false},"excerpt":{"rendered":"<p>Puerto Plata estar\u00e1 presente en la Feria Internacional de Turismo (FITUR) 2025 con una s\u00f3lida delegaci\u00f3n conformada por empresarios, ejecutivos de cadenas hoteleras, operadores tur\u00edsticos y medios de comunicaci\u00f3n, reafirmando su compromiso con la promoci\u00f3n del destino en los mercados internacionales. Como parte de la representaci\u00f3n de la provincia, participar\u00e1n reconocidas empresas e instituciones, miembros [&hellip;]<\/p>\n","protected":false},"author":28,"featured_media":0,"comment_status":"closed","ping_status":"closed","sticky":true,"template":"","format":"standard","meta":{"footnotes":""},"categories":[36,18],"tags":[],"class_list":["post-589484","post","type-post","status-publish","format-standard","hentry","category-hombresmujeresycosas","category-economia"],"_links":{"self":[{"href":"https:\/\/diariodominicano.com\/index.php?rest_route=\/wp\/v2\/posts\/589484","targetHints":{"allow":["GET"]}}],"collection":[{"href":"https:\/\/diariodominicano.com\/index.php?rest_route=\/wp\/v2\/posts"}],"about":[{"href":"https:\/\/diariodominicano.com\/index.php?rest_route=\/wp\/v2\/types\/post"}],"author":[{"embeddable":true,"href":"https:\/\/diariodominicano.com\/index.php?rest_route=\/wp\/v2\/users\/28"}],"replies":[{"embeddable":true,"href":"https:\/\/diariodominicano.com\/index.php?rest_route=%2Fwp%2Fv2%2Fcomments&post=589484"}],"version-history":[{"count":1,"href":"https:\/\/diariodominicano.com\/index.php?rest_route=\/wp\/v2\/posts\/589484\/revisions"}],"predecessor-version":[{"id":589485,"href":"https:\/\/diariodominicano.com\/index.php?rest_route=\/wp\/v2\/posts\/589484\/revisions\/589485"}],"wp:attachment":[{"href":"https:\/\/diariodominicano.com\/index.php?rest_route=%2Fwp%2Fv2%2Fmedia&parent=589484"}],"wp:term":[{"taxonomy":"category","embeddable":true,"href":"https:\/\/diariodominicano.com\/index.php?rest_route=%2Fwp%2Fv2%2Fcategories&post=589484"},{"taxonomy":"post_tag","embeddable":true,"href":"https:\/\/diariodominicano.com\/index.php?rest_route=%2Fwp%2Fv2%2Ftags&post=589484"}],"curies":[{"name":"wp","href":"https:\/\/api.w.org\/{rel}","templated":true}]}}