{"id":589466,"date":"2025-01-16T21:32:23","date_gmt":"2025-01-17T01:32:23","guid":{"rendered":"https:\/\/diariodominicano.com\/?p=589466"},"modified":"2025-01-16T22:31:28","modified_gmt":"2025-01-17T02:31:28","slug":"el-licenciado-celso-juan-marranzini-seguira-presidiendo-el-conep","status":"publish","type":"post","link":"https:\/\/diariodominicano.com\/?p=589466","title":{"rendered":"El Licenciado Celso Juan Marranzini seguir\u00e1 presidiendo el CONEP"},"content":{"rendered":"\n<p><strong><em>La nueva Junta de Directores del Consejo Nacional de la Empresa Privada sus asume unciones para el per\u00edodo 2025-2026<\/em><\/strong><\/p>\n\n\n\n<p><strong>Santo Domingo, jueves 16 de enero de 2025.-<\/strong>&nbsp;La nueva Junta de Directores del Consejo Nacional de la Empresa Privada (CONEP) asumi\u00f3 formalmente hoy sus funciones para el per\u00edodo 2025-2026, reafirmando su compromiso de promover el desarrollo econ\u00f3mico y el bienestar social en la Rep\u00fablica Dominicana.<\/p>\n\n\n\n<p>Esta directiva fue elegida durante la celebraci\u00f3n de la Asamblea General Ordinaria y Extraordinaria del CONEP, en un proceso democr\u00e1tico, transparente y libre de atribuciones. En dicha asamblea, se eligi\u00f3 por unanimidad a los miembros de la \u00fanica plancha presentada, encabezada por Celso Juan Marranzini Esteva.&nbsp;&nbsp;<\/p>\n\n\n\n<p>En su discurso como presidente reelecto, Celso Juan Marranzini Esteva expres\u00f3 su agradecimiento a los miembros del CONEP por la confianza depositada en su candidatura. Destac\u00f3 su determinaci\u00f3n en seguir fortaleciendo la colaboraci\u00f3n entre los sectores productivos para generar m\u00e1s oportunidades y continuar avanzando hacia un pa\u00eds m\u00e1s competitivo y equitativo.<\/p>\n\n\n\n<p>\u201cMe comprometo a seguir trabajando de manera proactiva y responsable. Estoy convencido de que, junto a las mujeres y hombres que integran esta organizaci\u00f3n, podremos mantenernos unidos en defensa de la libre empresa y enfrentar con firmeza los desaf\u00edos que se avecinen\u00bb, asegur\u00f3 Marranzini.<\/p>\n\n\n\n<p>Como resultado de esta elecci\u00f3n, las nuevas autoridades electas del CONEP, adem\u00e1s de su presidente, Celso Juan Marranzini Esteva, de Multiqu\u00edmica Dominicana, S.A., son: Julio V. Brache, de la Asociaci\u00f3n de Industrias de la Rep\u00fablica Dominicana (AIRD), primer vicepresidente; Lina Garc\u00eda, de Envases Antillanos SRL, segunda vicepresidente; Roberto Herrera, de la Asociaci\u00f3n Dominicana de la Industria El\u00e9ctrica (ADIE), tercer vicepresidente; Leonardo Matos, de Central Romana Corporation, secretario; y Christopher Paniagua, del Banco Popular Dominicano, S.A., tesorero.<\/p>\n\n\n\n<p>As\u00ed mismo, en calidad de directores integran esta nueva directiva Carlos Guillermo Le\u00f3n, del Banco M\u00faltiple BHD, S.A.; Lucile Houellemont, de la C\u00e1mara de Comercio y Producci\u00f3n de Santo Domingo (CCPSD); Paola Rainieri, de Grupo Puntacana; Amelia Vicini, de INICIA; Juan Bancalari, de la Asociaci\u00f3n Nacional de Hoteles y Turismo de la Rep. Dom. (ASONAHORES); Rafael E. Izquierdo, de Seguros Universal; Eduardo Cruz, de ARS Humano; Juana Barcel\u00f3, de Barrick Pueblo Viejo; y Carlos Iglesias, de la C\u00e1mara de Comercio y Producci\u00f3n de Santiago (CCPS).<\/p>\n\n\n\n<p>Por igual, como directores est\u00e1n Manuel Pozo Perell\u00f3, de Induban, en representaci\u00f3n de la Asociaci\u00f3n de Industrias y Empresas de Haina y la Regi\u00f3n Sur, Inc (AIE Haina y el Sur); Carlos Jos\u00e9 Mart\u00ed, de Grupo Mart\u00ed; Mario Lama, de la Organizaci\u00f3n Nacional de Empresas Comerciales (ONEC); Claudia Pellerano, de la Asociaci\u00f3n Dominicana de Zonas Francas (ADOZONA); Rosanna Ru\u00edz, de la Asociaci\u00f3n de Bancos Comerciales de la Rep\u00fablica Dominicana (ABA); Carlos Cueto de la Compa\u00f1\u00eda Dominicana de Tel\u00e9fonos, S.A. (CLARO Dominicana).<\/p>\n\n\n\n<p>Adem\u00e1s, Luis \u00c1lvarez, de la Cervecer\u00eda Nacional Dominicana; Fernando Villanueva, de Grupo Viamar; Mercedes Ramos, de Grupo Ramos; Ra\u00fal Risek, de la C\u00e1mara Dominicana de la Construcci\u00f3n (CADOCON); Jaak Rannik, de la Asociaci\u00f3n de Navieros de la Rep\u00fablica Dominicana (ANRD); Luis Jos\u00e9 Bonilla, de la Asociaci\u00f3n de Industriales de la Regi\u00f3n Norte (AIREN); y Jos\u00e9 Gior Ariza, de Investa Capital Partners, asesor econ\u00f3mico del CONEP.&nbsp;<\/p>\n\n\n\n<p>En tanto que Cesar R. Dargam Espaillat continuar\u00e1 desempe\u00f1\u00e1ndose como vicepresidente ejecutivo del CONEP, reforzando la continuidad en la gesti\u00f3n estrat\u00e9gica de la instituci\u00f3n.<\/p>\n\n\n\n<p>lia@mediaticos.com.do<\/p>\n\n\n\n<p>#Celso Juan Marranzini\u2003\u2003\u2003\u2003 #CONEP <\/p>\n","protected":false},"excerpt":{"rendered":"<p>La nueva Junta de Directores del Consejo Nacional de la Empresa Privada sus asume unciones para el per\u00edodo 2025-2026 Santo Domingo, jueves 16 de enero de 2025.-&nbsp;La nueva Junta de Directores del Consejo Nacional de la Empresa Privada (CONEP) asumi\u00f3 formalmente hoy sus funciones para el per\u00edodo 2025-2026, reafirmando su compromiso de promover el desarrollo [&hellip;]<\/p>\n","protected":false},"author":28,"featured_media":589475,"comment_status":"open","ping_status":"closed","sticky":true,"template":"","format":"standard","meta":{"footnotes":""},"categories":[36,18,27],"tags":[],"class_list":["post-589466","post","type-post","status-publish","format-standard","has-post-thumbnail","hentry","category-hombresmujeresycosas","category-economia","category-portada"],"_links":{"self":[{"href":"https:\/\/diariodominicano.com\/index.php?rest_route=\/wp\/v2\/posts\/589466","targetHints":{"allow":["GET"]}}],"collection":[{"href":"https:\/\/diariodominicano.com\/index.php?rest_route=\/wp\/v2\/posts"}],"about":[{"href":"https:\/\/diariodominicano.com\/index.php?rest_route=\/wp\/v2\/types\/post"}],"author":[{"embeddable":true,"href":"https:\/\/diariodominicano.com\/index.php?rest_route=\/wp\/v2\/users\/28"}],"replies":[{"embeddable":true,"href":"https:\/\/diariodominicano.com\/index.php?rest_route=%2Fwp%2Fv2%2Fcomments&post=589466"}],"version-history":[{"count":2,"href":"https:\/\/diariodominicano.com\/index.php?rest_route=\/wp\/v2\/posts\/589466\/revisions"}],"predecessor-version":[{"id":589476,"href":"https:\/\/diariodominicano.com\/index.php?rest_route=\/wp\/v2\/posts\/589466\/revisions\/589476"}],"wp:featuredmedia":[{"embeddable":true,"href":"https:\/\/diariodominicano.com\/index.php?rest_route=\/wp\/v2\/media\/589475"}],"wp:attachment":[{"href":"https:\/\/diariodominicano.com\/index.php?rest_route=%2Fwp%2Fv2%2Fmedia&parent=589466"}],"wp:term":[{"taxonomy":"category","embeddable":true,"href":"https:\/\/diariodominicano.com\/index.php?rest_route=%2Fwp%2Fv2%2Fcategories&post=589466"},{"taxonomy":"post_tag","embeddable":true,"href":"https:\/\/diariodominicano.com\/index.php?rest_route=%2Fwp%2Fv2%2Ftags&post=589466"}],"curies":[{"name":"wp","href":"https:\/\/api.w.org\/{rel}","templated":true}]}}